{"id":819103,"date":"2025-08-05T08:11:06","date_gmt":"2025-08-05T04:11:06","guid":{"rendered":"https:\/\/arantv.az\/?p=819103"},"modified":"2025-08-05T08:11:06","modified_gmt":"2025-08-05T04:11:06","slug":"%c9%99lil-pullari-kim%c9%99-verilm%c9%99lidir-acindan-ol%c9%99n-s%c9%99bin%c9%99nin-aqib%c9%99ti-hamini-silk%c9%99l%c9%99di","status":"publish","type":"post","link":"https:\/\/arantv.az\/?p=819103","title":{"rendered":"\u018flil pullar\u0131 kim\u0259 verilm\u0259lidir? &#8211; Ac\u0131ndan \u00f6l\u0259n S\u0259bin\u0259nin aqib\u0259ti ham\u0131n\u0131 silk\u0259l\u0259di"},"content":{"rendered":"<div class=\"text-content\" data-id=\"\" data-url=\"\">\n<p><strong>Bir ne\u00e7\u0259 g\u00fcn \u00f6nc\u0259 Yevlaxda ata v\u0259 q\u0131z\u0131n\u0131n faci\u0259vi \u00f6l\u00fcm\u00fc b\u00fct\u00fcn g\u00fcnd\u0259mi z\u0259bt etdi. 48 ya\u015fl\u0131 III qrup \u0259lilliyi olan M\u0259h\u0259bb\u0259t Bayramovun ya\u015fad\u0131\u011f\u0131 evd\u0259 intihar etm\u0259sind\u0259n sonra onun 23 ya\u015fl\u0131 I qrup \u0259lil q\u0131z\u0131 S\u0259bin\u0259 Bayramova k\u00f6m\u0259ksiz v\u0259ziyy\u0259td\u0259 qalaraq acl\u0131qdan d\u00fcnyas\u0131n\u0131 d\u0259yi\u015fib.<\/strong><\/p>\n<p>S\u0259bin\u0259nin anas\u0131 o, u\u015faq olark\u0259n d\u00fcnyas\u0131n\u0131 d\u0259yi\u015fib. Ata, q\u0131z v\u0259 o\u011ful bir ya\u015fay\u0131blar. Daha sonra M\u0259h\u0259bb\u0259t Bayramov ba\u015fqa qad\u0131nla evl\u0259nib v\u0259 S\u0259bin\u0259y\u0259 anal\u0131\u011f\u0131 baxma\u011fa ba\u015flay\u0131b. Lakin son g\u00fcnl\u0259r qad\u0131n da bo\u015fanmaq ist\u0259diyini bildirib v\u0259 evd\u0259n gedib. Ondan sonra ata v\u0259 q\u0131z evd\u0259 t\u0259k qal\u0131blar.<\/p>\n<p>B\u0259s g\u00f6r\u0259s\u0259n intihar\u0131n k\u00f6k\u00fc maddi v\u0259ziyy\u0259tl\u0259 \u0259laq\u0259li olub?Yoxsa ail\u0259y\u0259 m\u00fcavin\u0259tl\u0259r verilirdi?<\/p>\n<p>Lent.az-\u0131n sor\u011fusuna \u018fm\u0259k v\u0259 \u018fhalinin Sosial M\u00fcdafi\u0259si Nazirliyinin tabeliyind\u0259ki DSMF-nin \u0130ctimaiyy\u0259tl\u0259 \u0259laq\u0259l\u0259r Departamentinin m\u00fcdiri R\u0259\u015fad Mehdili bildirdi ki, Bayramovlar ail\u0259si h\u0259ssas qrupdan olan, sosial m\u00fcdafi\u0259y\u0259y\u0259 ehtiyac\u0131 olan ail\u0259 oldu\u011funa g\u00f6r\u0259 D\u00f6vl\u0259t Sosial M\u00fcdafi\u0259 Fondu t\u0259r\u0259find\u0259n onlara h\u0259r ay 850 manat v\u0259sait \u00f6d\u0259nilirdi:<\/p>\n<p>\u201c2006-ci ilden serebral iflic diaqnozu il\u0259 yataq x\u0259st\u0259si olan 1-ci qrup \u0259lil Bayramova S\u0259bin\u0259 M\u0259h\u0259bb\u0259t q\u0131z\u0131na \u0259lilliy\u0259 g\u00f6r\u0259 300 manat m\u0259bl\u0259\u011find\u0259 m\u00fcavin\u0259t, 250 manat m\u0259bl\u0259\u011find\u0259 t\u0259qa\u00fcd \u00f6d\u0259nilirdi. H\u0259m\u00e7inin ona qulluq ed\u0259n atas\u0131 Bayramov M\u0259h\u0259bb\u0259t \u018fv\u0259z o\u011fluna qullu\u011fa g\u00f6r\u0259 120 manat m\u0259bl\u0259\u011find\u0259 t\u0259qa\u00fcd \u00f6d\u0259nilirdi. Bununla yana\u015f\u0131 M.Bayramov 3-c\u00fc qrup \u0259lilliyi olan \u015f\u0259xs oldu\u011funa g\u00f6r\u0259 ona 180 manat m\u0259bl\u0259\u011find\u0259 m\u00fcavin\u0259t \u00f6d\u0259ni\u015fi d\u0259 h\u0259yata ke\u00e7irilirdi\u201d.<\/p>\n<p>G\u00f6r\u00fcn\u0259n odur ki, intihar\u0131n predmeti maddi v\u0259ziyy\u0259tin \u00e7\u0259tinliyi deyilmi\u015f. Onlara maksimum d\u0259r\u0259c\u0259d\u0259 m\u00fcavin\u0259tl\u0259r v\u0259 t\u0259qa\u00fcd ayr\u0131l\u0131bm\u0131\u015f. Lakin rayon kimi bir yerd\u0259 qon\u015fular\u0131n v\u0259 yax\u0131nlar\u0131n 3 g\u00fcnd\u0259n sonra ata v\u0259 \u0259lil q\u0131z\u0131ndan x\u0259b\u0259r tutmas\u0131, daha do\u011frusu onlar\u0131n c\u0259s\u0259dl\u0259ri il\u0259 tan\u0131\u015f olmalar\u0131 daha b\u00f6y\u00fck tragediyad\u0131r.<\/p>\n<p>T\u0259s\u0259vv\u00fcr edin, qay\u011f\u0131ya m\u00f6htac adam\u0131n yava\u015f-yava\u015f acl\u0131q v\u0259 susuzluqdan \u00f6lm\u0259yi nec\u0259 d\u0259h\u015f\u0259tdir! Q\u0131z\u0131na baxd\u0131\u011f\u0131 \u00fc\u00e7\u00fcn m\u00fcavin\u0259t alan ata, intihar ed\u0259r\u0259k onu \u00f6z \u0259ll\u0259ril\u0259 taleyin a\u011fu\u015funa buraxd\u0131. Halbuki, \u00f6z\u00fc ya\u015famaq ist\u0259mirdis\u0259, bu h\u0259yat onun \u00fc\u00e7\u00fcn ac\u0131mas\u0131z v\u0259 m\u0259nas\u0131z idis\u0259 v\u0259 o \u00e7ar\u0259siz q\u0131za baxa bilmirdis\u0259, qullu\u011fa g\u00f6r\u0259 ald\u0131\u011f\u0131 m\u00fcavin\u0259ti ba\u015fqas\u0131na verib, \u00f6vlad\u0131n\u0131 ya\u015fada bil\u0259rdi&#8230; \u00d6z\u00fc \u00f6lm\u0259k ist\u0259y\u0259n \u015f\u0259xs \u00f6vlad\u0131n\u0131 niy\u0259 \u00f6ld\u00fcr\u00fcr? H\u0259m d\u0259 yava\u015f-yava\u015f, \u0259zab \u00e7\u0259kdir\u0259r\u0259k&#8230;<\/p>\n<p>H\u0259r iki valideyni olmad\u0131\u011f\u0131, \u00f6z\u00fc d\u0259 I qrup \u0259lil oldu\u011fu \u00fc\u00e7\u00fcn ona d\u00f6vl\u0259t t\u0259rfind\u0259n sosial xidm\u0259t\u00e7i ayr\u0131lacaqd\u0131. Onun qay\u011f\u0131s\u0131na qalan \u015f\u0259xsl\u0259r olacaqd\u0131, amma \u00f6lm\u0259y\u0259c\u0259kdi.<\/p>\n<p>Lent.az-a s\u00f6z\u00fcged\u0259n hadis\u0259 il\u0259 ba\u011fl\u0131 dan\u0131\u015fan sosioloq Lal\u0259 Mehral\u0131 da bildirib ki, S\u0259bin\u0259 laqeydliyin qurban\u0131 olub:<\/p>\n<p>\u201cBu x\u0259b\u0259ri m\u0259tbuatdan oxuyanda \u0259n \u00e7ox insanlar\u0131n bir-birin\u0259 olan laqeydliyin\u0259 k\u0259d\u0259rl\u0259ndim. H\u0259min q\u0131z laqeydliyin qurban\u0131 oldu. Bir insan\u0131n bax\u0131ma m\u00f6htac \u00f6vlad\u0131 varsa v\u0259 buna r\u0259\u011fm\u0259n intihar\u0131 d\u00fc\u015f\u00fcn\u00fcrd\u00fcs\u0259 bel\u0259, \u00f6z\u00fcnd\u0259n sonra k\u00f6m\u0259ksiz, bax\u0131ms\u0131z qalacaq q\u0131z\u0131na g\u00f6r\u0259 bu fikird\u0259n da\u015f\u0131nmal\u0131 idi. Yox, \u0259g\u0259r h\u0259qiq\u0259t\u0259n d\u0259 ata ya\u015famaq ist\u0259mirdis\u0259, \u00f6nc\u0259d\u0259n t\u0259dbir g\u00f6rm\u0259k m\u0259cburiyy\u0259tind\u0259 idi. \u00c7\u00fcnki o bilirdi ki, \u00f6ld\u00fckd\u0259n sonra q\u0131z\u0131 da m\u00fctl\u0259q \u00f6l\u00fcm\u0259 m\u0259hkum olacaq.<\/p>\n<p>Biz indi el\u0259 bir d\u00f6vrd\u0259yik ki, ham\u0131 bir-birin\u0259 qar\u015f\u0131 laqeyddir. \u018fvv\u0259l hans\u0131sa qon\u015funun 1 g\u00fcn s\u0259si g\u0259lm\u0259s\u0259, h\u0259y\u0259t-bacada g\u00f6r\u00fcnm\u0259s\u0259, dig\u0259rl\u0259ri onun \u00fc\u00e7\u00fcn nigaran olurdu. D\u0259rhal ba\u015fa d\u00fc\u015f\u00fcrd\u00fcl\u0259r ki, ya ba\u015f\u0131na hans\u0131sa i\u015f g\u0259lib, ya da x\u0259st\u0259l\u0259nib. O vaxtlar s\u0259s-sora\u011f\u0131 \u00e7\u0131xmayan adamdan yax\u0131nlar\u0131 narahat olurdu. Faci\u0259 ya\u015fanan evd\u0259 bir ne\u00e7\u0259 g\u00fcn s\u0259s \u00e7\u0131xmay\u0131b v\u0259 he\u00e7 bir qon\u015fu bundan narahat olmay\u0131b ki, ata v\u0259 bax\u0131ma m\u00f6htac olan q\u0131z\u0131n niy\u0259 s\u0259sl\u0259ri g\u0259lmir? B\u0259lk\u0259 n\u0259 is\u0259 ba\u015f verib? \u0130nsanlarda laqeydlik o q\u0259d\u0259rdir ki, h\u0259tta bel\u0259 v\u0259ziyy\u0259tl\u0259rd\u0259 bel\u0259, onlar ba\u015fqas\u0131 \u00fc\u00e7\u00fcn narahatolmurlar \u0130ndi he\u00e7 kim \u00f6z\u00fcn\u00fc ba\u015fqas\u0131n\u0131n problemi, d\u0259rdi il\u0259 m\u0259\u015f\u011ful etmir\u201d.<\/p>\n<p>Qeyd ed\u0259k ki, Az\u0259rbaycanda orqanizmin funksiyalar\u0131n\u0131n 81-100 faiz (I qrup) pozulmas\u0131na g\u00f6r\u0259 300 manat sosial m\u00fcavin\u0259t ayr\u0131l\u0131r.<\/p>\n<p>H\u0259m\u00e7inin, \u00fcmumi s\u0259b\u0259bl\u0259rd\u0259n orqanizmin funksiyalar\u0131n\u0131n 81-100 faiz pozulmas\u0131na g\u00f6r\u0259 g\u00f6zd\u0259n \u0259lilliyi m\u00fc\u0259yy\u0259n edilmi\u015f \u015f\u0259xsl\u0259r\u0259 \u00f6d\u0259nil\u0259n Az\u0259rbaycan Respublikas\u0131 Prezidentinin t\u0259qa\u00fcd\u00fcn\u00fcn m\u0259bl\u0259\u011fi 350 manat m\u00fc\u0259yy\u0259n edilib.<\/p>\n<p>Orqanizmin funksiyalar\u0131n\u0131n 81-100 faiz pozulmas\u0131na g\u00f6r\u0259 \u0259lilliyi m\u00fc\u0259yy\u0259n edilmi\u015f \u015f\u0259xsl\u0259r\u0259 v\u0259 ya \u0259lilliyi olan u\u015faqlara qulluq ed\u0259n \u015f\u0259xsl\u0259r\u0259 \u00f6d\u0259nil\u0259n Az\u0259rbaycan Respublikas\u0131 Prezidentinin t\u0259qa\u00fcd\u00fcn\u00fcn m\u0259bl\u0259\u011fi 120 manatd\u0131r.<\/p>\n<p>T\u0259qa\u00fcd, \u0259m\u0259k pensiyas\u0131 v\u0259 yaxud sosial m\u00fcavin\u0259t almaq h\u00fcququ olmas\u0131ndan, m\u0259\u015f\u011fulluq v\u0259ziyy\u0259tind\u0259n as\u0131l\u0131 olmayaraq, orqanizmin funksiyalar\u0131n\u0131n 81-100 faiz pozulmas\u0131na g\u00f6r\u0259 \u0259lilliyi m\u00fc\u0259yy\u0259n edilmi\u015f \u015f\u0259xsl\u0259r\u0259 v\u0259 ya \u0259lilliyi olan u\u015faqlara qulluq ed\u0259n \u015f\u0259xsl\u0259r\u0259 verilir.<\/p>\n<p>T\u0259qa\u00fcd orqanizmin funksiyalar\u0131n\u0131n 81-100 faiz pozulmas\u0131na g\u00f6r\u0259 \u0259lilliyi m\u00fc\u0259yy\u0259n edilmi\u015f \u015f\u0259xs v\u0259 ya \u0259lilliyi olan u\u015faq, habel\u0259 \u015f\u0259xs v\u0259fat etdikd\u0259 v\u0259 ya ya\u015fay\u0131\u015f yerini d\u0259yi\u015fdikd\u0259;<\/p>\n<p>\u015e\u0259xs m\u0259hk\u0259m\u0259nin qanuni q\u00fcvv\u0259y\u0259 minmi\u015f q\u0259rar\u0131 il\u0259 f\u0259aliyy\u0259t qabiliyy\u0259ti olmayan hesab edildikd\u0259;<\/p>\n<p>Orqanizmin funksiyalar\u0131n\u0131n 81-100 faiz pozulmas\u0131na g\u00f6r\u0259 \u0259lilliyi m\u00fc\u0259yy\u0259n edilmi\u015f \u015f\u0259xsin h\u0259min faiz d\u0259r\u0259c\u0259si d\u0259yi\u015fdirildikd\u0259 v\u0259 ya l\u0259\u011fv edildikd\u0259, \u0259lilliyi olan u\u015fa\u011f\u0131n \u0259lillik m\u00fcdd\u0259ti bitdikd\u0259 v\u0259 ya l\u0259\u011fv edildikd\u0259;<\/p>\n<p>Orqanizmin funksiyalar\u0131n\u0131n 81-100 faiz pozulmas\u0131na g\u00f6r\u0259 \u0259lilliyi m\u00fc\u0259yy\u0259n edilmi\u015f \u015f\u0259xs (f\u0259aliyy\u0259t qabiliyy\u0259ti olmayan orqanizmin funksiyalar\u0131n\u0131n 81-100 faiz pozulmas\u0131na g\u00f6r\u0259 \u0259lilliyi m\u00fc\u0259yy\u0259n edilmi\u015f \u015f\u0259xsl\u0259r istisna olmaqla) v\u0259 ya \u0259lilliyi m\u00fc\u0259yy\u0259n edilmi\u015f 14-18 ya\u015f\u0131nad\u0259k u\u015faq (14 ya\u015fad\u0259k u\u015faqlara m\u00fcnasib\u0259td\u0259 q\u0259yyumluq v\u0259 himay\u0259 orqan\u0131) t\u0259qa\u00fcd alan \u015f\u0259xsin onlara qulluq etm\u0259diyi bar\u0259d\u0259 m\u00fcraci\u0259t etdikd\u0259 dayand\u0131r\u0131l\u0131r.<\/p>\n<\/div>\n<div><\/div>\n<div><\/div>\n<div class=\"inner-social-box\">\n<div class=\"subs-in-social subs-whatsapp\"><\/div>\n<\/div>\n","protected":false},"excerpt":{"rendered":"<p>Bir ne\u00e7\u0259 g\u00fcn \u00f6nc\u0259 Yevlaxda ata v\u0259 q\u0131z\u0131n\u0131n faci\u0259vi \u00f6l\u00fcm\u00fc b\u00fct\u00fcn g\u00fcnd\u0259mi z\u0259bt etdi. 48 ya\u015fl\u0131 III qrup \u0259lilliyi olan M\u0259h\u0259bb\u0259t Bayramovun ya\u015fad\u0131\u011f\u0131 evd\u0259 intihar etm\u0259sind\u0259n sonra onun 23 ya\u015fl\u0131 I qrup \u0259lil q\u0131z\u0131 S\u0259bin\u0259 Bayramova k\u00f6m\u0259ksiz v\u0259ziyy\u0259td\u0259 qalaraq acl\u0131qdan d\u00fcnyas\u0131n\u0131 d\u0259yi\u015fib. S\u0259bin\u0259nin anas\u0131 o, u\u015faq olark\u0259n d\u00fcnyas\u0131n\u0131 d\u0259yi\u015fib. Ata, q\u0131z v\u0259 o\u011ful bir ya\u015fay\u0131blar. Daha sonra M\u0259h\u0259bb\u0259t Bayramov ba\u015fqa qad\u0131nla evl\u0259nib v\u0259 S\u0259bin\u0259y\u0259 anal\u0131\u011f\u0131 baxma\u011fa ba\u015flay\u0131b. Lakin son g\u00fcnl\u0259r qad\u0131n da bo\u015fanmaq ist\u0259diyini bildirib v\u0259 evd\u0259n gedib. Ondan sonra ata v\u0259 q\u0131z evd\u0259 t\u0259k qal\u0131blar. B\u0259s g\u00f6r\u0259s\u0259n intihar\u0131n k\u00f6k\u00fc&hellip;<\/p>\n","protected":false},"author":2,"featured_media":819104,"comment_status":"closed","ping_status":"closed","sticky":false,"template":"","format":"standard","meta":{"om_disable_all_campaigns":false,"_monsterinsights_skip_tracking":false,"_monsterinsights_sitenote_active":false,"_monsterinsights_sitenote_note":"","_monsterinsights_sitenote_category":0},"categories":[1],"tags":[],"aioseo_notices":[],"gutentor_comment":0,"rttpg_featured_image_url":{"full":["https:\/\/arantv.az\/wp-content\/uploads\/2025\/08\/82daa2956f6f11199aca913482205654.jpg",740,493,false],"landscape":["https:\/\/arantv.az\/wp-content\/uploads\/2025\/08\/82daa2956f6f11199aca913482205654.jpg",740,493,false],"portraits":["https:\/\/arantv.az\/wp-content\/uploads\/2025\/08\/82daa2956f6f11199aca913482205654.jpg",740,493,false],"thumbnail":["https:\/\/arantv.az\/wp-content\/uploads\/2025\/08\/82daa2956f6f11199aca913482205654-500x280.jpg",500,280,true],"medium":["https:\/\/arantv.az\/wp-content\/uploads\/2025\/08\/82daa2956f6f11199aca913482205654-548x365.jpg",548,365,true],"large":["https:\/\/arantv.az\/wp-content\/uploads\/2025\/08\/82daa2956f6f11199aca913482205654.jpg",640,426,false],"1536x1536":["https:\/\/arantv.az\/wp-content\/uploads\/2025\/08\/82daa2956f6f11199aca913482205654.jpg",740,493,false],"2048x2048":["https:\/\/arantv.az\/wp-content\/uploads\/2025\/08\/82daa2956f6f11199aca913482205654.jpg",740,493,false],"post-thumbnail":["https:\/\/arantv.az\/wp-content\/uploads\/2025\/08\/82daa2956f6f11199aca913482205654-240x172.jpg",240,172,true],"advps-thumb-one":["https:\/\/arantv.az\/wp-content\/uploads\/2025\/08\/82daa2956f6f11199aca913482205654.jpg",740,493,false]},"rttpg_author":{"display_name":"V\u00fcsal Rafiqo\u011flu","author_link":"https:\/\/arantv.az\/?author=2"},"rttpg_comment":0,"rttpg_category":"<a href=\"https:\/\/arantv.az\/?cat=1\" rel=\"category\">C\u0259miyy\u0259t<\/a>","rttpg_excerpt":"Bir ne\u00e7\u0259 g\u00fcn \u00f6nc\u0259 Yevlaxda ata v\u0259 q\u0131z\u0131n\u0131n faci\u0259vi \u00f6l\u00fcm\u00fc b\u00fct\u00fcn g\u00fcnd\u0259mi z\u0259bt etdi. 48 ya\u015fl\u0131 III qrup \u0259lilliyi olan M\u0259h\u0259bb\u0259t Bayramovun ya\u015fad\u0131\u011f\u0131 evd\u0259 intihar etm\u0259sind\u0259n sonra onun 23 ya\u015fl\u0131 I qrup \u0259lil q\u0131z\u0131 S\u0259bin\u0259 Bayramova k\u00f6m\u0259ksiz v\u0259ziyy\u0259td\u0259 qalaraq acl\u0131qdan d\u00fcnyas\u0131n\u0131 d\u0259yi\u015fib. S\u0259bin\u0259nin anas\u0131 o, u\u015faq olark\u0259n d\u00fcnyas\u0131n\u0131 d\u0259yi\u015fib. Ata, q\u0131z v\u0259 o\u011ful bir ya\u015fay\u0131blar.&hellip;","_links":{"self":[{"href":"https:\/\/arantv.az\/index.php?rest_route=\/wp\/v2\/posts\/819103"}],"collection":[{"href":"https:\/\/arantv.az\/index.php?rest_route=\/wp\/v2\/posts"}],"about":[{"href":"https:\/\/arantv.az\/index.php?rest_route=\/wp\/v2\/types\/post"}],"author":[{"embeddable":true,"href":"https:\/\/arantv.az\/index.php?rest_route=\/wp\/v2\/users\/2"}],"replies":[{"embeddable":true,"href":"https:\/\/arantv.az\/index.php?rest_route=%2Fwp%2Fv2%2Fcomments&post=819103"}],"version-history":[{"count":2,"href":"https:\/\/arantv.az\/index.php?rest_route=\/wp\/v2\/posts\/819103\/revisions"}],"predecessor-version":[{"id":819106,"href":"https:\/\/arantv.az\/index.php?rest_route=\/wp\/v2\/posts\/819103\/revisions\/819106"}],"wp:featuredmedia":[{"embeddable":true,"href":"https:\/\/arantv.az\/index.php?rest_route=\/wp\/v2\/media\/819104"}],"wp:attachment":[{"href":"https:\/\/arantv.az\/index.php?rest_route=%2Fwp%2Fv2%2Fmedia&parent=819103"}],"wp:term":[{"taxonomy":"category","embeddable":true,"href":"https:\/\/arantv.az\/index.php?rest_route=%2Fwp%2Fv2%2Fcategories&post=819103"},{"taxonomy":"post_tag","embeddable":true,"href":"https:\/\/arantv.az\/index.php?rest_route=%2Fwp%2Fv2%2Ftags&post=819103"}],"curies":[{"name":"wp","href":"https:\/\/api.w.org\/{rel}","templated":true}]}}