{"id":819107,"date":"2025-08-05T08:11:41","date_gmt":"2025-08-05T04:11:41","guid":{"rendered":"https:\/\/arantv.az\/?p=819107"},"modified":"2025-08-05T08:11:41","modified_gmt":"2025-08-05T04:11:41","slug":"elcind%c9%99n-geriy%c9%99-qalanlar-biri-hakim-o-biri-deputat","status":"publish","type":"post","link":"https:\/\/arantv.az\/?p=819107","title":{"rendered":"El\u00e7ind\u0259n geriy\u0259 qalanlar: Biri hakim, o biri deputat&#8230;"},"content":{"rendered":"<p><strong>Bu g\u00fcn Xalq yaz\u0131\u00e7\u0131s\u0131 El\u00e7in \u018ff\u0259ndiyevin d\u0259fn m\u0259rasimi ke\u00e7irilib.<\/strong><\/p>\n<p>El\u00e7ind\u0259n geriy\u0259 n\u0259l\u0259r qald\u0131\u011f\u0131n\u0131 \u00e7oxumuz bilirik &#8211; \u0259d\u0259bi irsi, qiym\u0259tli \u0259s\u0259rl\u0259ri, Az\u0259rbaycan n\u0259srind\u0259 silinm\u0259z izi. B\u0259s, El\u00e7ind\u0259n geriy\u0259 kiml\u0259r qald\u0131?<\/p>\n<p>Xalq yaz\u0131\u00e7\u0131s\u0131n\u0131n iki q\u0131z\u0131 var: G\u00fcnay \u018ff\u0259ndiyeva v\u0259 Humay \u018ff\u0259ndiyeva.<\/p>\n<p><strong>G\u00fcnay \u018ff\u0259ndiyeva kimdir?<\/strong><\/p>\n<p>G\u00fcnay El\u00e7in q\u0131z\u0131 \u018ff\u0259ndiyeva 20 oktyabr 1973-c\u00fc ild\u0259 Bak\u0131 \u015f\u0259h\u0259rind\u0259, g\u00f6rk\u0259mli yaz\u0131\u00e7\u0131lar \u0130lyas \u018ff\u0259ndiyev v\u0259 El\u00e7in \u018ff\u0259ndiyevin ail\u0259sind\u0259 anadan olub.<\/p>\n<p>O, 1991-ci ild\u0259 B\u00fclb\u00fcl ad\u0131na Orta \u0130xtisas Musiqi M\u0259kt\u0259bini q\u0131z\u0131l medalla, 1997-ci ild\u0259 is\u0259 Az\u0259rbaycan Tibb Universitetini h\u0259kimlik ixtisas\u0131 \u00fczr\u0259 q\u0131rm\u0131z\u0131 diplomla bitirib. Daha sonra Respublika Diaqnostika M\u0259rk\u0259zind\u0259 funksional diaqnostika \u00fczr\u0259 internatura ke\u00e7ib.<\/p>\n<p>2009\u20132015-ci ill\u0259rd\u0259 Xarici \u0130\u015fl\u0259r Nazirliyinin UNESCO \u00fczr\u0259 Az\u0259rbaycan Milli Komissiyas\u0131nda m\u00fcxt\u0259lif v\u0259zif\u0259l\u0259rd\u0259 \u00e7al\u0131\u015f\u0131b.<\/p>\n<p>2015-ci ild\u0259 T\u00fcrk D\u00f6vl\u0259tl\u0259ri T\u0259\u015fkilat\u0131n\u0131n (TDT) q\u0259rar\u0131na \u0259sas\u0259n, T\u00fcrk M\u0259d\u0259niyy\u0259ti v\u0259 \u0130rsi Fondunun ilk prezidenti t\u0259yin edilib v\u0259 2023-c\u00fc ilin noyabr\u0131na q\u0259d\u0259r bu v\u0259zif\u0259ni icra edib.<\/p>\n<p>6 oktyabr 2015-ci ild\u0259 Prezident s\u0259r\u0259ncam\u0131 il\u0259 ikinci d\u0259r\u0259c\u0259li f\u00f6vq\u0259lad\u0259 v\u0259 s\u0259lahiyy\u0259tli el\u00e7i diplomatik r\u00fctb\u0259si al\u0131b.<\/p>\n<p>2024-c\u00fc ild\u0259 ke\u00e7iril\u0259n n\u00f6vb\u0259d\u0259nk\u0259nar parlament se\u00e7kil\u0259rind\u0259 14 sayl\u0131 X\u0259z\u0259r\u2013Pirallah\u0131 se\u00e7ki dair\u0259sind\u0259n Bit\u0259r\u0259f namiz\u0259d kimi qalib g\u0259l\u0259r\u0259k Milli M\u0259clisin VII \u00e7a\u011f\u0131r\u0131\u015f deputat\u0131 se\u00e7ilib. Haz\u0131rda M\u0259d\u0259niyy\u0259t komit\u0259sinin s\u0259dr m\u00fcavini v\u0259 S\u0259hiyy\u0259 komit\u0259sinin \u00fczv\u00fcd\u00fcr. Eyni zamanda, T\u00fcrk D\u00f6vl\u0259tl\u0259ri Parlament Assambleyas\u0131n\u0131n v\u0259 bir \u00e7ox \u00f6lk\u0259l\u0259rl\u0259 parlamentl\u0259raras\u0131 i\u015f\u00e7i qruplar\u0131n \u00fczv\u00fcd\u00fcr.<\/p>\n<p><strong>Humay \u018ff\u0259ndiyeva kimdir?<\/strong><\/p>\n<p>Humay El\u00e7in q\u0131z\u0131 \u018ff\u0259ndiyeva 7 dekabr 1975-ci ild\u0259 Bak\u0131 \u015f\u0259h\u0259rind\u0259 do\u011fulub.<\/p>\n<p>1992-ci ild\u0259 190 n\u00f6mr\u0259li orta m\u0259kt\u0259bi bitirib. 1997-ci ild\u0259 Bak\u0131 D\u00f6vl\u0259t Universitetinin Beyn\u0259lxalq h\u00fcquq v\u0259 beyn\u0259lxalq m\u00fcnasib\u0259tl\u0259r fak\u00fclt\u0259sini (\u0259yani), eyni zamanda Q\u0259rb Universitetinin Sosial-siyasi inzibat\u00e7\u0131l\u0131q fak\u00fclt\u0259sini (qiyabi) bitirib.<\/p>\n<p>1997\u20132000-ci ill\u0259rd\u0259 BMT-nin \u0130nki\u015faf Proqram\u0131n\u0131n \u201cGender \u0130nki\u015fafda\u201d layih\u0259sind\u0259 ictimaiyy\u0259tl\u0259 \u0259laq\u0259l\u0259r \u00fczr\u0259 m\u00fct\u0259x\u0259ssis kimi \u00e7al\u0131\u015f\u0131b.<\/p>\n<p>2001\u20132021-ci ill\u0259rd\u0259 Az\u0259rbaycan Respublikas\u0131 Konstitusiya M\u0259hk\u0259m\u0259si Aparat\u0131nda m\u00fcxt\u0259lif v\u0259zif\u0259l\u0259rd\u0259 \u2013 s\u0259dr m\u00fcavininin k\u00f6m\u0259k\u00e7isi, ba\u015f m\u0259sl\u0259h\u0259t\u00e7i, \u015f\u00f6b\u0259 m\u00fcdiri v\u0259zif\u0259l\u0259rind\u0259 f\u0259aliyy\u0259t g\u00f6st\u0259rib.<\/p>\n<p>2011-ci ild\u0259 \u201cD\u00f6vl\u0259t qullu\u011funda f\u0259rql\u0259nm\u0259y\u0259 g\u00f6r\u0259\u201d medal\u0131 il\u0259 t\u0259ltif olunub. 2018-ci ild\u0259 Prezident s\u0259r\u0259ncam\u0131 il\u0259 3-c\u00fc d\u0259r\u0259c\u0259li d\u00f6vl\u0259t m\u00fc\u015faviri ixtisas d\u0259r\u0259c\u0259si al\u0131b.<\/p>\n<p>1 fevral 2021-ci ild\u0259 Milli M\u0259clisin q\u0259rar\u0131 il\u0259 Konstitusiya M\u0259hk\u0259m\u0259sinin hakimi t\u0259yin olunub. Haz\u0131rda bu v\u0259zif\u0259ni icra edir.<\/p>\n<p>2022-ci ild\u0259n H\u00fcquqi Ekspertiza v\u0259 Qanunvericilik T\u0259\u015f\u0259bb\u00fcsl\u0259ri M\u0259rk\u0259zinin M\u00fc\u015fahid\u0259 \u015euras\u0131n\u0131n \u00fczv\u00fcd\u00fcr.<\/p>\n<p>2024-c\u00fc ild\u0259 is\u0259 \u201cHeyd\u0259r \u018fliyevin 100 illiyi (1923\u20132023)\u201d yubiley medal\u0131 il\u0259 t\u0259ltif olunub.<\/p>\n<p>Xalq yaz\u0131\u00e7\u0131s\u0131 El\u00e7in \u0259d\u0259bi irsi Az\u0259rbaycan m\u0259d\u0259niyy\u0259tind\u0259 v\u0259 ictimai h\u0259yat\u0131nda silinm\u0259z izl\u0259r burax\u0131b.\/\/Yenisabah.az<\/p>\n","protected":false},"excerpt":{"rendered":"<p>Bu g\u00fcn Xalq yaz\u0131\u00e7\u0131s\u0131 El\u00e7in \u018ff\u0259ndiyevin d\u0259fn m\u0259rasimi ke\u00e7irilib. El\u00e7ind\u0259n geriy\u0259 n\u0259l\u0259r qald\u0131\u011f\u0131n\u0131 \u00e7oxumuz bilirik &#8211; \u0259d\u0259bi irsi, qiym\u0259tli \u0259s\u0259rl\u0259ri, Az\u0259rbaycan n\u0259srind\u0259 silinm\u0259z izi. B\u0259s, El\u00e7ind\u0259n geriy\u0259 kiml\u0259r qald\u0131? Xalq yaz\u0131\u00e7\u0131s\u0131n\u0131n iki q\u0131z\u0131 var: G\u00fcnay \u018ff\u0259ndiyeva v\u0259 Humay \u018ff\u0259ndiyeva. G\u00fcnay \u018ff\u0259ndiyeva kimdir? G\u00fcnay El\u00e7in q\u0131z\u0131 \u018ff\u0259ndiyeva 20 oktyabr 1973-c\u00fc ild\u0259 Bak\u0131 \u015f\u0259h\u0259rind\u0259, g\u00f6rk\u0259mli yaz\u0131\u00e7\u0131lar \u0130lyas \u018ff\u0259ndiyev v\u0259 El\u00e7in \u018ff\u0259ndiyevin ail\u0259sind\u0259 anadan olub. O, 1991-ci ild\u0259 B\u00fclb\u00fcl ad\u0131na Orta \u0130xtisas Musiqi M\u0259kt\u0259bini q\u0131z\u0131l medalla, 1997-ci ild\u0259 is\u0259 Az\u0259rbaycan Tibb Universitetini h\u0259kimlik ixtisas\u0131 \u00fczr\u0259 q\u0131rm\u0131z\u0131 diplomla bitirib. Daha sonra Respublika Diaqnostika M\u0259rk\u0259zind\u0259&hellip;<\/p>\n","protected":false},"author":2,"featured_media":819108,"comment_status":"closed","ping_status":"closed","sticky":false,"template":"","format":"standard","meta":{"om_disable_all_campaigns":false,"_monsterinsights_skip_tracking":false,"_monsterinsights_sitenote_active":false,"_monsterinsights_sitenote_note":"","_monsterinsights_sitenote_category":0},"categories":[1],"tags":[],"aioseo_notices":[],"gutentor_comment":0,"rttpg_featured_image_url":{"full":["https:\/\/arantv.az\/wp-content\/uploads\/2025\/08\/a3bd11c7b407478956646d55f5656fda.jpg",750,422,false],"landscape":["https:\/\/arantv.az\/wp-content\/uploads\/2025\/08\/a3bd11c7b407478956646d55f5656fda.jpg",750,422,false],"portraits":["https:\/\/arantv.az\/wp-content\/uploads\/2025\/08\/a3bd11c7b407478956646d55f5656fda.jpg",750,422,false],"thumbnail":["https:\/\/arantv.az\/wp-content\/uploads\/2025\/08\/a3bd11c7b407478956646d55f5656fda-500x280.jpg",500,280,true],"medium":["https:\/\/arantv.az\/wp-content\/uploads\/2025\/08\/a3bd11c7b407478956646d55f5656fda-649x365.jpg",649,365,true],"large":["https:\/\/arantv.az\/wp-content\/uploads\/2025\/08\/a3bd11c7b407478956646d55f5656fda.jpg",640,360,false],"1536x1536":["https:\/\/arantv.az\/wp-content\/uploads\/2025\/08\/a3bd11c7b407478956646d55f5656fda.jpg",750,422,false],"2048x2048":["https:\/\/arantv.az\/wp-content\/uploads\/2025\/08\/a3bd11c7b407478956646d55f5656fda.jpg",750,422,false],"post-thumbnail":["https:\/\/arantv.az\/wp-content\/uploads\/2025\/08\/a3bd11c7b407478956646d55f5656fda-240x172.jpg",240,172,true],"advps-thumb-one":["https:\/\/arantv.az\/wp-content\/uploads\/2025\/08\/a3bd11c7b407478956646d55f5656fda.jpg",750,422,false]},"rttpg_author":{"display_name":"V\u00fcsal Rafiqo\u011flu","author_link":"https:\/\/arantv.az\/?author=2"},"rttpg_comment":0,"rttpg_category":"<a href=\"https:\/\/arantv.az\/?cat=1\" rel=\"category\">C\u0259miyy\u0259t<\/a>","rttpg_excerpt":"Bu g\u00fcn Xalq yaz\u0131\u00e7\u0131s\u0131 El\u00e7in \u018ff\u0259ndiyevin d\u0259fn m\u0259rasimi ke\u00e7irilib. El\u00e7ind\u0259n geriy\u0259 n\u0259l\u0259r qald\u0131\u011f\u0131n\u0131 \u00e7oxumuz bilirik &#8211; \u0259d\u0259bi irsi, qiym\u0259tli \u0259s\u0259rl\u0259ri, Az\u0259rbaycan n\u0259srind\u0259 silinm\u0259z izi. B\u0259s, El\u00e7ind\u0259n geriy\u0259 kiml\u0259r qald\u0131? Xalq yaz\u0131\u00e7\u0131s\u0131n\u0131n iki q\u0131z\u0131 var: G\u00fcnay \u018ff\u0259ndiyeva v\u0259 Humay \u018ff\u0259ndiyeva. G\u00fcnay \u018ff\u0259ndiyeva kimdir? G\u00fcnay El\u00e7in q\u0131z\u0131 \u018ff\u0259ndiyeva 20 oktyabr 1973-c\u00fc ild\u0259 Bak\u0131 \u015f\u0259h\u0259rind\u0259, g\u00f6rk\u0259mli yaz\u0131\u00e7\u0131lar \u0130lyas&hellip;","_links":{"self":[{"href":"https:\/\/arantv.az\/index.php?rest_route=\/wp\/v2\/posts\/819107"}],"collection":[{"href":"https:\/\/arantv.az\/index.php?rest_route=\/wp\/v2\/posts"}],"about":[{"href":"https:\/\/arantv.az\/index.php?rest_route=\/wp\/v2\/types\/post"}],"author":[{"embeddable":true,"href":"https:\/\/arantv.az\/index.php?rest_route=\/wp\/v2\/users\/2"}],"replies":[{"embeddable":true,"href":"https:\/\/arantv.az\/index.php?rest_route=%2Fwp%2Fv2%2Fcomments&post=819107"}],"version-history":[{"count":1,"href":"https:\/\/arantv.az\/index.php?rest_route=\/wp\/v2\/posts\/819107\/revisions"}],"predecessor-version":[{"id":819109,"href":"https:\/\/arantv.az\/index.php?rest_route=\/wp\/v2\/posts\/819107\/revisions\/819109"}],"wp:featuredmedia":[{"embeddable":true,"href":"https:\/\/arantv.az\/index.php?rest_route=\/wp\/v2\/media\/819108"}],"wp:attachment":[{"href":"https:\/\/arantv.az\/index.php?rest_route=%2Fwp%2Fv2%2Fmedia&parent=819107"}],"wp:term":[{"taxonomy":"category","embeddable":true,"href":"https:\/\/arantv.az\/index.php?rest_route=%2Fwp%2Fv2%2Fcategories&post=819107"},{"taxonomy":"post_tag","embeddable":true,"href":"https:\/\/arantv.az\/index.php?rest_route=%2Fwp%2Fv2%2Ftags&post=819107"}],"curies":[{"name":"wp","href":"https:\/\/api.w.org\/{rel}","templated":true}]}}