{"id":819117,"date":"2025-08-05T08:21:31","date_gmt":"2025-08-05T04:21:31","guid":{"rendered":"https:\/\/arantv.az\/?p=819117"},"modified":"2025-08-05T08:21:31","modified_gmt":"2025-08-05T04:21:31","slug":"turkm%c9%99nistanda-muhum-beyn%c9%99lxalq-t%c9%99dbir-is%c9%99-baslayir","status":"publish","type":"post","link":"https:\/\/arantv.az\/?p=819117","title":{"rendered":"T\u00fcrkm\u0259nistanda m\u00fch\u00fcm beyn\u0259lxalq t\u0259dbir i\u015f\u0259 ba\u015flay\u0131r"},"content":{"rendered":"<p><strong>Bu g\u00fcn T\u00fcrkm\u0259nistanda &#8211; T\u00fcrkm\u0259nba\u015f\u0131 \u015f\u0259h\u0259rind\u0259ki Avaza Milli Turizm Zonas\u0131nda Birl\u0259\u015fmi\u015f Mill\u0259tl\u0259r T\u0259\u015fkilat\u0131n\u0131n D\u0259niz\u0259 \u00e7\u0131x\u0131\u015f\u0131 olmayan inki\u015faf etm\u0259kd\u0259 olan \u00f6lk\u0259l\u0259r \u00fczr\u0259 \u00dc\u00e7\u00fcnc\u00fc Konfrans\u0131 i\u015f\u0259 ba\u015flay\u0131r. T\u0259\u015fkilat\u00e7\u0131lar\u0131n s\u00f6zl\u0259rin\u0259 g\u00f6r\u0259, burada 30-dan \u00e7ox \u00f6lk\u0259nin n\u00fcmay\u0259nd\u0259l\u0259ri i\u015ftirak ed\u0259c\u0259k.<\/strong><\/p>\n<p>Konfrans d\u00f6vl\u0259t v\u0259 h\u00f6kum\u0259t ba\u015f\u00e7\u0131lar\u0131n\u0131n \u00e7\u0131x\u0131\u015f ed\u0259c\u0259yi plenar iclasla ba\u015flayacaq. Onu BMT-nin ba\u015f katibi Antonio Quterre\u015fin, ard\u0131nca is\u0259 T\u00fcrkm\u0259nistan prezidenti Serdar Berdim\u0259h\u0259mm\u0259dovun a\u00e7aca\u011f\u0131 g\u00f6zl\u0259nilir. Forumda i\u015ftirak etm\u0259k \u00fc\u00e7\u00fcn Erm\u0259nistan, \u00d6zb\u0259kistan, San-Tome Demokratik Respublikas\u0131 v\u0259 Prinsipid\u0259n Vaaqn Xa\u00e7aturyan, \u015eavkat Mirziyoyev v\u0259 Karlos Manuel Vila Nova, habel\u0259 Esvatini Kral\u0131 III Msvati art\u0131q T\u00fcrkm\u0259nba\u015f\u0131ya g\u0259libl\u0259r. Qazax\u0131stan prezidenti Kas\u0131m-Jomart Tokayevin d\u0259 g\u0259li\u015fi planla\u015fd\u0131r\u0131l\u0131r. \u00dcmumilikd\u0259 t\u0259dbird\u0259 30-dan \u00e7ox \u00f6lk\u0259nin n\u00fcmay\u0259nd\u0259si i\u015ftirak ed\u0259c\u0259k. Konfransda m\u00fczakir\u0259 olunan m\u00f6vzular aras\u0131nda: d\u0259niz\u0259 \u00e7\u0131x\u0131\u015f\u0131 olmayan inki\u015faf etm\u0259kd\u0259 olan \u00f6lk\u0259l\u0259r \u00fc\u00e7\u00fcn ticar\u0259tin asanla\u015fd\u0131r\u0131lmas\u0131, bel\u0259 \u00f6lk\u0259l\u0259r \u00fc\u00e7\u00fcn struktur transformasiyas\u0131, diversifikasiya v\u0259 innovasiyalar, onlar\u0131n iqlim d\u0259yi\u015fikliyin\u0259 v\u0259 t\u0259bii f\u0259lak\u0259tl\u0259r\u0259 uy\u011funla\u015fma qabiliyy\u0259tinin art\u0131r\u0131lmas\u0131, infrastrukturun yarad\u0131lmas\u0131 v\u0259 mane\u0259siz tranzit sisteml\u0259rinin t\u0259\u015fviqi, qlobal t\u0259r\u0259fda\u015fl\u0131\u011f\u0131n g\u00fccl\u0259ndirilm\u0259si v\u0259 dig\u0259r m\u00f6vzular. T\u0259dbir avqustun 8-d\u0259k davam ed\u0259c\u0259k.<\/p>\n<p>D\u00fcnyada d\u0259niz\u0259 \u00e7\u0131x\u0131\u015f\u0131 olmayan 32 \u00f6lk\u0259 var. Onlar\u0131n \u00fcmumi \u0259halisi 500 milyon n\u0259f\u0259rd\u0259n \u00e7oxdur.<\/p>\n<p>BMT-nin d\u0259niz\u0259 \u00e7\u0131x\u0131\u015f\u0131 olmayan inki\u015faf etm\u0259kd\u0259 olan \u00f6lk\u0259l\u0259r \u00fczr\u0259 birinci konfrans\u0131 2003-c\u00fc il avqustun 28-29-da Almat\u0131da (Qazax\u0131stan), ikinci konfrans\u0131 3-5 noyabr 2014-c\u00fc ild\u0259 Vyanada (Avstriya) ke\u00e7irilib.<\/p>\n<p><strong>Musavat.com<\/strong><\/p>\n<p>&nbsp;<\/p>\n","protected":false},"excerpt":{"rendered":"<p>Bu g\u00fcn T\u00fcrkm\u0259nistanda &#8211; T\u00fcrkm\u0259nba\u015f\u0131 \u015f\u0259h\u0259rind\u0259ki Avaza Milli Turizm Zonas\u0131nda Birl\u0259\u015fmi\u015f Mill\u0259tl\u0259r T\u0259\u015fkilat\u0131n\u0131n D\u0259niz\u0259 \u00e7\u0131x\u0131\u015f\u0131 olmayan inki\u015faf etm\u0259kd\u0259 olan \u00f6lk\u0259l\u0259r \u00fczr\u0259 \u00dc\u00e7\u00fcnc\u00fc Konfrans\u0131 i\u015f\u0259 ba\u015flay\u0131r. T\u0259\u015fkilat\u00e7\u0131lar\u0131n s\u00f6zl\u0259rin\u0259 g\u00f6r\u0259, burada 30-dan \u00e7ox \u00f6lk\u0259nin n\u00fcmay\u0259nd\u0259l\u0259ri i\u015ftirak ed\u0259c\u0259k. Konfrans d\u00f6vl\u0259t v\u0259 h\u00f6kum\u0259t ba\u015f\u00e7\u0131lar\u0131n\u0131n \u00e7\u0131x\u0131\u015f ed\u0259c\u0259yi plenar iclasla ba\u015flayacaq. Onu BMT-nin ba\u015f katibi Antonio Quterre\u015fin, ard\u0131nca is\u0259 T\u00fcrkm\u0259nistan prezidenti Serdar Berdim\u0259h\u0259mm\u0259dovun a\u00e7aca\u011f\u0131 g\u00f6zl\u0259nilir. Forumda i\u015ftirak etm\u0259k \u00fc\u00e7\u00fcn Erm\u0259nistan, \u00d6zb\u0259kistan, San-Tome Demokratik Respublikas\u0131 v\u0259 Prinsipid\u0259n Vaaqn Xa\u00e7aturyan, \u015eavkat Mirziyoyev v\u0259 Karlos Manuel Vila Nova, habel\u0259 Esvatini Kral\u0131 III Msvati art\u0131q T\u00fcrkm\u0259nba\u015f\u0131ya g\u0259libl\u0259r. Qazax\u0131stan prezidenti Kas\u0131m-Jomart&hellip;<\/p>\n","protected":false},"author":2,"featured_media":819118,"comment_status":"closed","ping_status":"closed","sticky":false,"template":"","format":"standard","meta":{"om_disable_all_campaigns":false,"_monsterinsights_skip_tracking":false,"_monsterinsights_sitenote_active":false,"_monsterinsights_sitenote_note":"","_monsterinsights_sitenote_category":0},"categories":[7],"tags":[],"aioseo_notices":[],"gutentor_comment":0,"rttpg_featured_image_url":{"full":["https:\/\/arantv.az\/wp-content\/uploads\/2025\/08\/5eddd82202e3b952c591415196f1aae1.jpg",870,500,false],"landscape":["https:\/\/arantv.az\/wp-content\/uploads\/2025\/08\/5eddd82202e3b952c591415196f1aae1.jpg",870,500,false],"portraits":["https:\/\/arantv.az\/wp-content\/uploads\/2025\/08\/5eddd82202e3b952c591415196f1aae1.jpg",870,500,false],"thumbnail":["https:\/\/arantv.az\/wp-content\/uploads\/2025\/08\/5eddd82202e3b952c591415196f1aae1-500x280.jpg",500,280,true],"medium":["https:\/\/arantv.az\/wp-content\/uploads\/2025\/08\/5eddd82202e3b952c591415196f1aae1-635x365.jpg",635,365,true],"large":["https:\/\/arantv.az\/wp-content\/uploads\/2025\/08\/5eddd82202e3b952c591415196f1aae1-840x483.jpg",640,368,true],"1536x1536":["https:\/\/arantv.az\/wp-content\/uploads\/2025\/08\/5eddd82202e3b952c591415196f1aae1.jpg",870,500,false],"2048x2048":["https:\/\/arantv.az\/wp-content\/uploads\/2025\/08\/5eddd82202e3b952c591415196f1aae1.jpg",870,500,false],"post-thumbnail":["https:\/\/arantv.az\/wp-content\/uploads\/2025\/08\/5eddd82202e3b952c591415196f1aae1-240x172.jpg",240,172,true],"advps-thumb-one":["https:\/\/arantv.az\/wp-content\/uploads\/2025\/08\/5eddd82202e3b952c591415196f1aae1.jpg",870,500,false]},"rttpg_author":{"display_name":"V\u00fcsal Rafiqo\u011flu","author_link":"https:\/\/arantv.az\/?author=2"},"rttpg_comment":0,"rttpg_category":"<a href=\"https:\/\/arantv.az\/?cat=7\" rel=\"category\">D\u00fcnya<\/a>","rttpg_excerpt":"Bu g\u00fcn T\u00fcrkm\u0259nistanda &#8211; T\u00fcrkm\u0259nba\u015f\u0131 \u015f\u0259h\u0259rind\u0259ki Avaza Milli Turizm Zonas\u0131nda Birl\u0259\u015fmi\u015f Mill\u0259tl\u0259r T\u0259\u015fkilat\u0131n\u0131n D\u0259niz\u0259 \u00e7\u0131x\u0131\u015f\u0131 olmayan inki\u015faf etm\u0259kd\u0259 olan \u00f6lk\u0259l\u0259r \u00fczr\u0259 \u00dc\u00e7\u00fcnc\u00fc Konfrans\u0131 i\u015f\u0259 ba\u015flay\u0131r. T\u0259\u015fkilat\u00e7\u0131lar\u0131n s\u00f6zl\u0259rin\u0259 g\u00f6r\u0259, burada 30-dan \u00e7ox \u00f6lk\u0259nin n\u00fcmay\u0259nd\u0259l\u0259ri i\u015ftirak ed\u0259c\u0259k. Konfrans d\u00f6vl\u0259t v\u0259 h\u00f6kum\u0259t ba\u015f\u00e7\u0131lar\u0131n\u0131n \u00e7\u0131x\u0131\u015f ed\u0259c\u0259yi plenar iclasla ba\u015flayacaq. Onu BMT-nin ba\u015f katibi Antonio Quterre\u015fin, ard\u0131nca is\u0259 T\u00fcrkm\u0259nistan prezidenti&hellip;","_links":{"self":[{"href":"https:\/\/arantv.az\/index.php?rest_route=\/wp\/v2\/posts\/819117"}],"collection":[{"href":"https:\/\/arantv.az\/index.php?rest_route=\/wp\/v2\/posts"}],"about":[{"href":"https:\/\/arantv.az\/index.php?rest_route=\/wp\/v2\/types\/post"}],"author":[{"embeddable":true,"href":"https:\/\/arantv.az\/index.php?rest_route=\/wp\/v2\/users\/2"}],"replies":[{"embeddable":true,"href":"https:\/\/arantv.az\/index.php?rest_route=%2Fwp%2Fv2%2Fcomments&post=819117"}],"version-history":[{"count":1,"href":"https:\/\/arantv.az\/index.php?rest_route=\/wp\/v2\/posts\/819117\/revisions"}],"predecessor-version":[{"id":819119,"href":"https:\/\/arantv.az\/index.php?rest_route=\/wp\/v2\/posts\/819117\/revisions\/819119"}],"wp:featuredmedia":[{"embeddable":true,"href":"https:\/\/arantv.az\/index.php?rest_route=\/wp\/v2\/media\/819118"}],"wp:attachment":[{"href":"https:\/\/arantv.az\/index.php?rest_route=%2Fwp%2Fv2%2Fmedia&parent=819117"}],"wp:term":[{"taxonomy":"category","embeddable":true,"href":"https:\/\/arantv.az\/index.php?rest_route=%2Fwp%2Fv2%2Fcategories&post=819117"},{"taxonomy":"post_tag","embeddable":true,"href":"https:\/\/arantv.az\/index.php?rest_route=%2Fwp%2Fv2%2Ftags&post=819117"}],"curies":[{"name":"wp","href":"https:\/\/api.w.org\/{rel}","templated":true}]}}