{"id":819120,"date":"2025-08-05T08:22:37","date_gmt":"2025-08-05T04:22:37","guid":{"rendered":"https:\/\/arantv.az\/?p=819120"},"modified":"2025-08-05T08:22:37","modified_gmt":"2025-08-05T04:22:37","slug":"rusiyadan-bakiya-hava-h%c9%99d%c9%99si-nasist-ittihami-moskva-vabank-gedir","status":"publish","type":"post","link":"https:\/\/arantv.az\/?p=819120","title":{"rendered":"Rusiyadan Bak\u0131ya hava h\u0259d\u0259si, nasist ittiham\u0131 &#8211; Moskva \u201cvabank\u201d gedir!"},"content":{"rendered":"<h3><strong>\u015eimal qon\u015fumuzun d\u00fc\u015fm\u0259n\u00e7ilik ritorikas\u0131 g\u00fccl\u0259nir; gah u\u00e7u\u015flar\u0131 dayand\u0131rma\u011fa \u00e7a\u011f\u0131r\u0131r, gah Az\u0259rbaycan\u0131 nasist Almaniyas\u0131 il\u0259 m\u00fcqayis\u0259 edirl\u0259r; Kremlin \u015fantajlar\u0131 n\u0259 q\u0259d\u0259r davam ed\u0259c\u0259k?<\/strong><\/h3>\n<p><strong>Rusiyada bir s\u0131ra r\u0259smi \u015f\u0259xsl\u0259r d\u0259 daxil, \u0259n m\u00fcxt\u0259lif s\u0259viyy\u0259d\u0259 Az\u0259rbaycana qar\u015f\u0131 d\u00fc\u015fm\u0259n\u00e7ilik ritorikas\u0131 davam edir. Son vaxtlar \u00f6lk\u0259miz \u0259leyhin\u0259 h\u0259m d\u0259 yeni-yeni ittihamlar v\u0259 h\u0259d\u0259l\u0259r s\u0259sl\u0259nm\u0259kd\u0259dir. \u201cAz\u0259rbaycanda Rusiya \u015f\u0259h\u0259rl\u0259rinin &#8220;ad\u0131n\u0131n d\u0259yi\u015fdirilm\u0259si&#8221; praktikas\u0131 geni\u015f yay\u0131larsa, Rusiya Az\u0259rbaycandan g\u0259l\u0259n t\u0259yyar\u0259 v\u0259 qatarlar\u0131 q\u0259bul etm\u0259kd\u0259n imtina ed\u0259 bil\u0259r&#8221;.<\/strong><\/p>\n<p>Art\u0131q x\u0259b\u0259r verdiyimiz kimi, bu t\u0259hdidi Rusiya D\u00f6vl\u0259t Dumas\u0131n\u0131n MDB i\u015fl\u0259ri \u00fczr\u0259 komit\u0259si s\u0259drinin birinci m\u00fcavini Konstantin Zatulin s\u0259sl\u0259ndirib.<\/p>\n<p>\u201cAz\u0259rbaycan\u0131n qisas kimi h\u0259yata ke\u00e7irm\u0259k q\u0259rar\u0131na g\u0259ldiyi Rusiya \u015f\u0259h\u0259rl\u0259rinin v\u0259 co\u011frafi konsepsiyalar\u0131n\u0131n adlar\u0131n\u0131n d\u0259yi\u015fdirilm\u0259si il\u0259 ba\u011fl\u0131 onlara u\u011furlar arzulay\u0131ram. Yegan\u0259 m\u0259s\u0259l\u0259 odur ki, bu v\u0259ziyy\u0259td\u0259 onlar\u0131n indi q\u0259rar verdiyi kimi ora t\u0259yinat yeri yaz\u0131lsa, Az\u0259rbaycandan qatar v\u0259 t\u0259yyar\u0259l\u0259ri \u00e7\u0259tin ki q\u0259bul ed\u0259 bil\u0259k\u201d, &#8211; erm\u0259ni yanl\u0131s\u0131 s\u0259rs\u0259ml\u0259yib.<\/p>\n<p>Ard\u0131nca o iddia edib ki, guya \u201cRusiya indiki Az\u0259rbaycandan daha b\u00f6y\u00fck tarixi k\u00f6kl\u0259r\u0259 v\u0259 daha yetkin c\u0259miyy\u0259t\u0259 malik d\u00f6vl\u0259t\u201d oldu\u011fu \u00fc\u00e7\u00fcn Az\u0259rbaycan m\u0259tbuat\u0131nda Rusiya \u015f\u0259h\u0259rl\u0259rinin adlar\u0131n\u0131n d\u0259yi\u015fdirilm\u0259sin\u0259 Moskvan\u0131n \u201cg\u00fczg\u00fc prinsipi\u201d il\u0259 cavab verm\u0259y\u0259c\u0259yin\u0259 \u00fcmid edir.<\/p>\n<p><strong>Onun s\u00f6zl\u0259rin\u0259 g\u00f6r\u0259, \u201cStepanakert\u201d h\u0259mi\u015f\u0259 \u201cStepanakert\u201d olub: \u201cSovet d\u00f6vr\u00fcnd\u0259 20-ci, 30-cu, 40-c\u0131, 50-ci, 70-ci ill\u0259rd\u0259, Sovetl\u0259r \u0130ttifaq\u0131 da\u011f\u0131lana q\u0259d\u0259r Stepanakert olub\u201d.<\/strong><\/p>\n<p>Zatulinin \u00fcz\u00fcm\u00fcz\u0259 hava yolunu ba\u011flamaq h\u0259d\u0259l\u0259rini nec\u0259 qiym\u0259tl\u0259ndirm\u0259k olar? Bu, r\u0259smi Moskvan\u0131n Bak\u0131ya mesaj\u0131d\u0131r, yoxsa zat\u0131q\u0131r\u0131q erm\u0259nip\u0259r\u0259st deputat\u0131n bo\u015fbo\u011fazl\u0131\u011f\u0131?<\/p>\n<p>Xat\u0131rladaq ki, Bak\u0131 Rusiyan\u0131n r\u0259smi d\u00f6vl\u0259t agentliyi olan TASS-da Az\u0259rbaycan\u0131n Xank\u0259ndi \u015f\u0259h\u0259rinin \u201cStepanakert\u201d adland\u0131r\u0131lmas\u0131n\u0131 \u00f6lk\u0259mizin \u0259razi b\u00fct\u00f6vl\u00fcy\u00fcn\u0259 h\u00f6rm\u0259tsizlik v\u0259 t\u0259hqiramiz add\u0131m kimi qiym\u0259tl\u0259ndirib. B\u0259yanatda deyilir: \u201cBu qeyri-dost add\u0131mla ba\u011fl\u0131 Rusiya t\u0259r\u0259fin\u0259 xat\u0131rlatmaq ist\u0259rdik ki, h\u0259l\u0259 1923-c\u00fc ild\u0259 Az\u0259rbaycan\u0131n \u0259z\u0259li torpaqlar\u0131nda yarad\u0131lm\u0131\u015f Da\u011fl\u0131q Qaraba\u011f Muxtar Vilay\u0259tind\u0259 Xank\u0259ndi \u015f\u0259h\u0259rinin ad\u0131n\u0131n qanunsuz olaraq d\u0259yi\u015fdiril\u0259r\u0259k Az\u0259rbaycan xalq\u0131na qar\u015f\u0131 da\u015fnak erm\u0259nil\u0259rl\u0259 birg\u0259 q\u0131r\u011f\u0131nlar t\u00f6r\u0259tmi\u015f bol\u015fevik Stepan \u015eaumyan\u0131n \u015f\u0259r\u0259fin\u0259 &#8220;Stepanakert&#8221; adland\u0131r\u0131lmas\u0131 Az\u0259rbaycana qar\u015f\u0131 h\u0259qar\u0259t idi&#8221;.<\/p>\n<p><strong>Bu arada Rusiyan\u0131n \u0259sas t\u0259bli\u011fat ruporlar\u0131ndan olan \u201cMoskovskiy Komsomolets\u201d (MK) q\u0259zeti daha ir\u0259li ged\u0259r\u0259k, Az\u0259rbaycan\u0131 nasist Almaniyas\u0131 il\u0259 m\u00fcqayis\u0259 edib. Az\u0259rbaycan\u0131n h\u00fcquqi \u0259razisind\u0259 s\u00f6k\u00fclm\u00fc\u015f qanunsuz Ayvazovski heyk\u0259li b\u0259han\u0259sil\u0259 \u00f6lk\u0259mizi heyr\u0259tamiz h\u0259yas\u0131zcas\u0131na \u00dc\u00e7\u00fcnc\u00fc Reyxl\u0259 eyni s\u0131raya qoyub.<\/strong><\/p>\n<p>Onu da qeyd ed\u0259k ki, son ba\u015f ver\u0259nl\u0259rin v\u0259 h\u0259d\u0259l\u0259rin fonunda Rusiyada az\u0259rbaycanl\u0131 diaspor r\u0259hb\u0259ri \u015eahin \u015e\u0131xlinski saxlan\u0131l\u0131b. Az \u00f6nc\u0259 onun o\u011flu tutulmu\u015fdu.<\/p>\n<p>B\u0259s bu t\u0259hdid v\u0259 \u015fantajlar daha n\u0259 q\u0259d\u0259r davam ed\u0259c\u0259k? Konkret olaraq, hava yolunun ba\u011flanmas\u0131 diplomatik \u0259laq\u0259l\u0259rin k\u0259silm\u0259sin\u0259 g\u0259tirib \u00e7\u0131xarmazm\u0131? Rusiya bizd\u0259n n\u0259 ist\u0259yir?<\/p>\n<p><img src=\"https:\/\/konkret.az\/cloud\/uploads\/2021\/05\/qabilhuseynli.jpg\" alt=\"Qabil H\u00fcseynli: \u201cAmerikal\u0131lar \u00f6z talel\u0259rini kim\u0259 h\u0259val\u0259 etdik\u0259rinin  f\u0259rqind\u0259 deyill\u0259r\u201d | KONKRET\" \/><\/p>\n<p><strong>\u00a0Qabil H\u00fcseynli<\/strong><\/p>\n<p>Professor Qabil H\u00fcseynli \u201cYeni M\u00fcsavat\u201da bildirib ki, Rusiya \u015fizofrenik h\u0259r\u0259k\u0259tl\u0259r\u0259 yol verir. Onun fikrinc\u0259, son aylarda at\u0131lan add\u0131mlar Moskvan\u0131n \u0259sl simas\u0131n\u0131 yenid\u0259n \u00fcz\u0259 \u00e7\u0131xard\u0131: \u201cRusiya siyas\u0259t\u00e7il\u0259ri, Kreml\u0259 ba\u011fl\u0131 media resurslar\u0131 maskan\u0131 y\u0131rt\u0131b atd\u0131lar v\u0259 m\u00fctt\u0259fiqlik haqda na\u011f\u0131llar\u0131 k\u0259nara qoyub \u00f6zl\u0259ri olma\u011fa ba\u015flad\u0131lar. Rusiya bir daha g\u00f6st\u0259rdi ki, onun dostu v\u0259 m\u00fctt\u0259fiqi olmur, ya s\u00f6z\u00fcn\u0259 baxan olur, y\u0259ni vassal\u0131na \u00e7evrilir, ya da qar\u015f\u0131s\u0131ndak\u0131 il\u0259 terror, t\u0259hdid dilind\u0259 dan\u0131\u015f\u0131r. \u00c7\u00fcnki Rusiyan\u0131n yegan\u0259 m\u00fctt\u0259fiqi onun i\u015f\u011fal\u00e7\u0131 ordusudur. Bu m\u0259nada Az\u0259rbaycanla imzalanm\u0131\u015f Moskva s\u0259n\u0259din\u0259 h\u00f6rm\u0259t qoymad\u0131lar\u201d.<\/p>\n<p><strong>Politoloq hesab edir ki, \u0259g\u0259r Rusiya imzas\u0131na h\u00f6rm\u0259t ets\u0259ydi v\u0259 m\u00fctt\u0259fiqliyi d\u0259y\u0259rli saysayd\u0131, Az\u0259rbaycanla d\u00fc\u015fm\u0259n kimi dan\u0131\u015fmazd\u0131lar:<\/strong>\u00a0\u201cAx\u0131 m\u00fctt\u0259fiqin t\u0259yyar\u0259sini vurmazlar, olsa bel\u0259 \u00fczr ist\u0259y\u0259rl\u0259r, t\u0259zminat ver\u0259rl\u0259r. M\u00fctt\u0259fiqin \u015f\u0259h\u0259rinin ad\u0131n\u0131 erm\u0259nic\u0259 adland\u0131rmazlar, deputat\u0131n\u0131 deportasiya etm\u0259zl\u0259r, hava yolunu ba\u011flama\u011fa \u00e7a\u011f\u0131r\u0131\u015flar s\u0259sl\u0259ndirm\u0259zl\u0259r, diaspor r\u0259hb\u0259rl\u0259rini h\u0259bs etm\u0259zl\u0259r, i\u015fg\u0259nc\u0259 il\u0259 adamlar\u0131 \u00f6ld\u00fcrm\u0259zl\u0259r. Bunlar\u0131n ham\u0131s\u0131n\u0131 biz\u0259 qar\u015f\u0131 edibl\u0259r v\u0259 Rusiya bu g\u00fcn d\u0259 dayanm\u0131r, g\u0259rginliyi getdikc\u0259 art\u0131r\u0131r\u201d.<\/p>\n<p><strong>Q.H\u00fcseynlinin s\u00f6zl\u0259rin\u0259 g\u00f6r\u0259, Zatulinin \u00e7a\u011f\u0131r\u0131\u015f\u0131 m\u0259suliyy\u0259tsizlikdir v\u0259 hava yolunun ba\u011flanaca\u011f\u0131 inand\u0131r\u0131c\u0131 deyil:<\/strong>\u00a0\u201cOnsuz da h\u0259r h\u0259ft\u0259 dron h\u00fccumlar\u0131na g\u00f6r\u0259 Rusiya aeroportlar\u0131 ba\u011flan\u0131r. Bu \u00f6lk\u0259 art\u0131q t\u0259hl\u00fck\u0259siz yer deyil. Bununla bel\u0259, u\u00e7u\u015flar var v\u0259 d\u00fc\u015f\u00fcnm\u00fcr\u0259m ki, bel\u0259 bir q\u0259rar veril\u0259c\u0259k. O halda, a\u00e7\u0131q bir diplomatik sava\u015f ba\u015flana bil\u0259r. Sad\u0259c\u0259, bel\u0259 b\u0259yanatlar qeyri-ciddiliyin \u0259lam\u0259tidir. Rusiya Az\u0259rbaycana t\u0259zyiq yolu il\u0259 n\u0259l\u0259ris\u0259 dikt\u0259 etm\u0259yi hesablay\u0131bsa, yanl\u0131\u015f yana\u015fmad\u0131r. Ona g\u00f6r\u0259 d\u0259 m\u00fcnasib\u0259tl\u0259rin \u0259vv\u0259lki d\u00f6vr\u00fcn\u0259 qay\u0131d\u0131\u015f\u0131 \u00fc\u00e7\u00fcn add\u0131mlar at\u0131lmal\u0131d\u0131r v\u0259 Bak\u0131n\u0131n g\u00f6zl\u0259ntil\u0259ri var. Bunu etm\u0259dikd\u0259 g\u0259rginlik qalacaq\u201d.<\/p>\n<p><img src=\"https:\/\/respublika-news.az\/uploads\/images\/news\/42e3787334-Elxan-sahinoglu-beynelxalq-edalet-mehkemesi-azerbaycanin-haqli-movqede-oldugunu-tesdiq-etdi.png\" alt=\"Elxan \u015eahino\u011flu: Beyn\u0259lxalq \u018fdal\u0259t M\u0259hk\u0259m\u0259si Az\u0259rbaycan\u0131n haql\u0131 m\u00f6vqed\u0259  oldu\u011funu t\u0259sdiq etdi\" \/><\/p>\n<p><strong>Elxan \u015eahino\u011flu<\/strong><\/p>\n<p><strong>Politoloq Elxan \u015eahino\u011flunun s\u00f6zl\u0259rin\u0259 g\u00f6r\u0259, Rusiya imperiyas\u0131n\u0131n m\u00f6vcud oldu\u011fu ill\u0259rd\u0259 ya\u015fam\u0131\u015f erm\u0259ni\u0259silli r\u0259ssam \u0130van Ayvazovskinin Qaraba\u011fa aidiyy\u0259ti yoxdur:<\/strong>\u00a0\u201cAyvazovski Kr\u0131mda anadan olub, orada da v\u0259fat edib. Rusiya s\u00fclhm\u0259raml\u0131lar\u0131 Qaraba\u011fa yerl\u0259\u015fdikd\u0259n bir il sonra, y\u0259ni 2021-ci ild\u0259 i\u015f\u011fal alt\u0131ndak\u0131 Xocal\u0131n\u0131n \u0259razisind\u0259 t\u0259l\u0259m-t\u0259l\u0259sik &#8220;Rusiya \u015e\u00f6hr\u0259t xiyaban\u0131&#8221; yaratd\u0131lar v\u0259 orada Az\u0259rbaycana aidiyy\u0259ti olmayan \u015f\u0259xsl\u0259rin heyk\u0259ll\u0259rini qoydular. Rusiya h\u0259rb\u00e7il\u0259rin\u0259 kim s\u0259lahiyy\u0259t vermi\u015fdi ki, onlar Az\u0259rbaycan\u0131n i\u015f\u011fal alt\u0131ndak\u0131 torpaqlar\u0131nda b\u00fcstl\u0259r qoysunlar? Bu, Kremlin t\u0259xribat\u0131 idi, bununla Bak\u0131ya dolay\u0131 mesaj vermi\u015fdil\u0259r ki, b\u00f6lg\u0259d\u0259n \u00e7\u0131xmayacaqlar. Ancaq Rusiya Ukraynaya qar\u015f\u0131 m\u00fcharib\u0259y\u0259 ba\u015flad\u0131qdan sonra v\u0259ziyy\u0259t d\u0259yi\u015fdi, b\u00f6lg\u0259d\u0259 n\u0259 rus h\u0259rb\u00e7il\u0259ri, n\u0259 d\u0259 onlar\u0131n b\u00fcstl\u0259ri qald\u0131, yerd\u0259 qalanlar da t\u0259mizl\u0259nm\u0259k \u00fczr\u0259dir&#8221;.<\/p>\n<p><strong>Onun fikrinc\u0259, Az\u0259rbaycana qar\u015f\u0131 qara t\u0259bli\u011fat\u0131n ba\u015f\u0131nda yen\u0259 rusiyal\u0131 deputat Zatulin dayan\u0131b, \u00fcmumi xora dig\u0259rl\u0259ri d\u0259 qo\u015fulub:<\/strong>\u00a0\u201cAz\u0259rbaycan \u0259leyhin\u0259 yay\u0131mlad\u0131qlar\u0131 x\u0259b\u0259rl\u0259rd\u0259 Prezident \u0130lham \u018fliyevin M\u0259d\u0259niyy\u0259t Nazirliyin\u0259 Az\u0259rbaycan dili v\u0259 \u0259d\u0259biyyat\u0131 il\u0259 ba\u011fl\u0131 v\u0259zif\u0259l\u0259rin h\u0259val\u0259 olunmas\u0131 bar\u0259d\u0259 imzalad\u0131\u011f\u0131 f\u0259rmana da &#8220;ili\u015fibl\u0259r&#8221;. Rusiyadak\u0131 \u015fovinistl\u0259r bu f\u0259rmana da siyasi don geyindirm\u0259y\u0259 \u00e7al\u0131\u015f\u0131blar. H\u0259r bir d\u00f6vl\u0259tin \u00f6z dilini t\u0259kmilll\u0259\u015fdirm\u0259k h\u00fcququ var. Rusiyan\u0131n imperiya siyas\u0259ti bunu q\u0259bul etm\u0259k ist\u0259mir. Haz\u0131rda rus \u015fovinizmi il\u0259 m\u00fcbariz\u0259d\u0259yik, geriy\u0259 yol yoxdur, Az\u0259rbaycan dilinin \u00f6lk\u0259 \u0259razisinin h\u0259r yerind\u0259 t\u0259tbiqin\u0259 nail olmal\u0131y\u0131q&#8221;.<\/p>\n<p><strong>Emil SALAMO\u011eLU,<\/strong><br \/>\n<strong>\u201cYeni M\u00fcsavat\u201d<\/strong><\/p>\n","protected":false},"excerpt":{"rendered":"<p>\u015eimal qon\u015fumuzun d\u00fc\u015fm\u0259n\u00e7ilik ritorikas\u0131 g\u00fccl\u0259nir; gah u\u00e7u\u015flar\u0131 dayand\u0131rma\u011fa \u00e7a\u011f\u0131r\u0131r, gah Az\u0259rbaycan\u0131 nasist Almaniyas\u0131 il\u0259 m\u00fcqayis\u0259 edirl\u0259r; Kremlin \u015fantajlar\u0131 n\u0259 q\u0259d\u0259r davam ed\u0259c\u0259k? Rusiyada bir s\u0131ra r\u0259smi \u015f\u0259xsl\u0259r d\u0259 daxil, \u0259n m\u00fcxt\u0259lif s\u0259viyy\u0259d\u0259 Az\u0259rbaycana qar\u015f\u0131 d\u00fc\u015fm\u0259n\u00e7ilik ritorikas\u0131 davam edir. Son vaxtlar \u00f6lk\u0259miz \u0259leyhin\u0259 h\u0259m d\u0259 yeni-yeni ittihamlar v\u0259 h\u0259d\u0259l\u0259r s\u0259sl\u0259nm\u0259kd\u0259dir. \u201cAz\u0259rbaycanda Rusiya \u015f\u0259h\u0259rl\u0259rinin &#8220;ad\u0131n\u0131n d\u0259yi\u015fdirilm\u0259si&#8221; praktikas\u0131 geni\u015f yay\u0131larsa, Rusiya Az\u0259rbaycandan g\u0259l\u0259n t\u0259yyar\u0259 v\u0259 qatarlar\u0131 q\u0259bul etm\u0259kd\u0259n imtina ed\u0259 bil\u0259r&#8221;. Art\u0131q x\u0259b\u0259r verdiyimiz kimi, bu t\u0259hdidi Rusiya D\u00f6vl\u0259t Dumas\u0131n\u0131n MDB i\u015fl\u0259ri \u00fczr\u0259 komit\u0259si s\u0259drinin birinci m\u00fcavini Konstantin Zatulin s\u0259sl\u0259ndirib. \u201cAz\u0259rbaycan\u0131n qisas kimi&hellip;<\/p>\n","protected":false},"author":2,"featured_media":819121,"comment_status":"closed","ping_status":"closed","sticky":false,"template":"","format":"standard","meta":{"om_disable_all_campaigns":false,"_monsterinsights_skip_tracking":false,"_monsterinsights_sitenote_active":false,"_monsterinsights_sitenote_note":"","_monsterinsights_sitenote_category":0},"categories":[19],"tags":[],"aioseo_notices":[],"gutentor_comment":0,"rttpg_featured_image_url":{"full":["https:\/\/arantv.az\/wp-content\/uploads\/2025\/08\/549620baa91b060e098b06906fbc4fef.png",791,435,false],"landscape":["https:\/\/arantv.az\/wp-content\/uploads\/2025\/08\/549620baa91b060e098b06906fbc4fef.png",791,435,false],"portraits":["https:\/\/arantv.az\/wp-content\/uploads\/2025\/08\/549620baa91b060e098b06906fbc4fef.png",791,435,false],"thumbnail":["https:\/\/arantv.az\/wp-content\/uploads\/2025\/08\/549620baa91b060e098b06906fbc4fef-500x280.png",500,280,true],"medium":["https:\/\/arantv.az\/wp-content\/uploads\/2025\/08\/549620baa91b060e098b06906fbc4fef-660x363.png",660,363,true],"large":["https:\/\/arantv.az\/wp-content\/uploads\/2025\/08\/549620baa91b060e098b06906fbc4fef.png",640,352,false],"1536x1536":["https:\/\/arantv.az\/wp-content\/uploads\/2025\/08\/549620baa91b060e098b06906fbc4fef.png",791,435,false],"2048x2048":["https:\/\/arantv.az\/wp-content\/uploads\/2025\/08\/549620baa91b060e098b06906fbc4fef.png",791,435,false],"post-thumbnail":["https:\/\/arantv.az\/wp-content\/uploads\/2025\/08\/549620baa91b060e098b06906fbc4fef-240x172.png",240,172,true],"advps-thumb-one":["https:\/\/arantv.az\/wp-content\/uploads\/2025\/08\/549620baa91b060e098b06906fbc4fef.png",791,435,false]},"rttpg_author":{"display_name":"V\u00fcsal Rafiqo\u011flu","author_link":"https:\/\/arantv.az\/?author=2"},"rttpg_comment":0,"rttpg_category":"<a href=\"https:\/\/arantv.az\/?cat=19\" rel=\"category\">G\u00fcnd\u0259m<\/a>","rttpg_excerpt":"\u015eimal qon\u015fumuzun d\u00fc\u015fm\u0259n\u00e7ilik ritorikas\u0131 g\u00fccl\u0259nir; gah u\u00e7u\u015flar\u0131 dayand\u0131rma\u011fa \u00e7a\u011f\u0131r\u0131r, gah Az\u0259rbaycan\u0131 nasist Almaniyas\u0131 il\u0259 m\u00fcqayis\u0259 edirl\u0259r; Kremlin \u015fantajlar\u0131 n\u0259 q\u0259d\u0259r davam ed\u0259c\u0259k? Rusiyada bir s\u0131ra r\u0259smi \u015f\u0259xsl\u0259r d\u0259 daxil, \u0259n m\u00fcxt\u0259lif s\u0259viyy\u0259d\u0259 Az\u0259rbaycana qar\u015f\u0131 d\u00fc\u015fm\u0259n\u00e7ilik ritorikas\u0131 davam edir. Son vaxtlar \u00f6lk\u0259miz \u0259leyhin\u0259 h\u0259m d\u0259 yeni-yeni ittihamlar v\u0259 h\u0259d\u0259l\u0259r s\u0259sl\u0259nm\u0259kd\u0259dir. \u201cAz\u0259rbaycanda Rusiya \u015f\u0259h\u0259rl\u0259rinin &#8220;ad\u0131n\u0131n d\u0259yi\u015fdirilm\u0259si&#8221; praktikas\u0131&hellip;","_links":{"self":[{"href":"https:\/\/arantv.az\/index.php?rest_route=\/wp\/v2\/posts\/819120"}],"collection":[{"href":"https:\/\/arantv.az\/index.php?rest_route=\/wp\/v2\/posts"}],"about":[{"href":"https:\/\/arantv.az\/index.php?rest_route=\/wp\/v2\/types\/post"}],"author":[{"embeddable":true,"href":"https:\/\/arantv.az\/index.php?rest_route=\/wp\/v2\/users\/2"}],"replies":[{"embeddable":true,"href":"https:\/\/arantv.az\/index.php?rest_route=%2Fwp%2Fv2%2Fcomments&post=819120"}],"version-history":[{"count":1,"href":"https:\/\/arantv.az\/index.php?rest_route=\/wp\/v2\/posts\/819120\/revisions"}],"predecessor-version":[{"id":819122,"href":"https:\/\/arantv.az\/index.php?rest_route=\/wp\/v2\/posts\/819120\/revisions\/819122"}],"wp:featuredmedia":[{"embeddable":true,"href":"https:\/\/arantv.az\/index.php?rest_route=\/wp\/v2\/media\/819121"}],"wp:attachment":[{"href":"https:\/\/arantv.az\/index.php?rest_route=%2Fwp%2Fv2%2Fmedia&parent=819120"}],"wp:term":[{"taxonomy":"category","embeddable":true,"href":"https:\/\/arantv.az\/index.php?rest_route=%2Fwp%2Fv2%2Fcategories&post=819120"},{"taxonomy":"post_tag","embeddable":true,"href":"https:\/\/arantv.az\/index.php?rest_route=%2Fwp%2Fv2%2Ftags&post=819120"}],"curies":[{"name":"wp","href":"https:\/\/api.w.org\/{rel}","templated":true}]}}