{"id":819139,"date":"2025-08-05T14:35:59","date_gmt":"2025-08-05T10:35:59","guid":{"rendered":"https:\/\/arantv.az\/?p=819139"},"modified":"2025-08-05T14:35:59","modified_gmt":"2025-08-05T10:35:59","slug":"muharib%c9%99-ist%c9%99y%c9%99n-xalq-rusiyanin-s%c9%99rh%c9%99di-yoxdur-dey%c9%99n%c9%99-78-lik-r%c9%99gb%c9%99tin-sirri","status":"publish","type":"post","link":"https:\/\/arantv.az\/?p=819139","title":{"rendered":"M\u00fcharib\u0259 ist\u0259y\u0259n xalq \u2013 &#8220;Rusiyan\u0131n s\u0259rh\u0259di yoxdur&#8221; dey\u0259n\u0259 78%-lik r\u0259\u011fb\u0259tin sirri"},"content":{"rendered":"<p><strong>Rusiyan\u0131n r\u0259hb\u0259rliyinin, onun bir \u00e7ox r\u0259smi v\u0259 qeyri-r\u0259smi \u015f\u0259xsl\u0259rinin, o c\u00fcml\u0259d\u0259n medias\u0131n\u0131n Az\u0259rbaycana qar\u015f\u0131 q\u0259z\u0259bli m\u00f6vqeyinin k\u00f6k\u00fcnd\u0259 t\u0259kc\u0259 t\u0259yyar\u0259 olay\u0131 dayanm\u0131r. Az\u0259rbaycan\u0131n \u201c\u015fimal ay\u0131s\u0131\u201dna m\u00fcnasib\u0259td\u0259 \u00f6z\u00fcn\u00fc vassal-satellit kimi deyil, m\u0259\u011frur v\u0259 m\u00fcst\u0259qil aparmas\u0131, Ukrayna faktoru da s\u0259b\u0259bl\u0259r s\u0131ras\u0131ndad\u0131r.<\/strong><\/p>\n<p>Sonuncu faktorla ba\u011fl\u0131 \u201cm\u00f6t\u0259riz\u0259l\u0259ri\u201d bir azca geni\u015f a\u00e7aq. S\u00f6hb\u0259t Putin Rusiyas\u0131n\u0131n \u201cUkrayna bataql\u0131\u011f\u0131nda\u201d ili\u015fib qalmas\u0131n\u0131n, Prezident \u0130lham \u018fliyevin ukraynal\u0131lara m\u0259lum t\u00f6vsiy\u0259sinin (\u201che\u00e7 vaxt i\u015f\u011falla bar\u0131\u015fmay\u0131n\u201d) v\u0259 Az\u0259rbaycan daxil, beyn\u0259lxalq birliyin i\u015f\u011fal olunan torpaqlar\u0131 he\u00e7 vaxt Rusiya \u0259razisi kimi tan\u0131mayaca\u011f\u0131n\u0131n yaratd\u0131\u011f\u0131 dilxor ovqatdan gedir.<\/p>\n<p><strong>Putini biz\u0259 qar\u015f\u0131 \u0259s\u0259bi ed\u0259n s\u00f6zs\u00fcz ki, h\u0259m d\u0259 bu amill\u0259rdir.<\/strong>\u00a0Halbuki v\u0259ziyy\u0259tin bu h\u0259dd\u0259 \u00e7atmas\u0131nda Bak\u0131n\u0131n hans\u0131sa g\u00fcnah\u0131, yanl\u0131\u015f\u0131 yoxdur. Bizi \u0259b\u0259s yer\u0259 ittiham el\u0259m\u0259kd\u0259ns\u0259, arada z\u0259hm\u0259t \u00e7\u0259kib g\u00fczg\u00fcy\u0259 baxs\u0131nlar. Amma kim\u0259 deyirs\u0259n&#8230;<\/p>\n<p>Ay\u0131n \u0259vv\u0259lind\u0259 \u00dcmumrusiya \u0130ctimai R\u0259yin \u00d6yr\u0259nilm\u0259si M\u0259rk\u0259zinin ke\u00e7irdiyi sor\u011fudan b\u0259lli olub ki, Vladimir Putin\u0259 \u00f6lk\u0259 sakinl\u0259rinin 78,4%-i etimad g\u00f6st\u0259rir. Onun f\u0259aliyy\u0259ti respondentl\u0259rin 74,7%-i t\u0259r\u0259find\u0259n b\u0259y\u0259nilib ki, bu da \u0259vv\u0259lki h\u0259ft\u0259nin g\u00f6st\u0259ricil\u0259ri il\u0259 m\u00fcqayis\u0259d\u0259 0,3% art\u0131m dem\u0259kdir. Ke\u00e7\u0259n ay is\u0259 Rusiya liderin\u0259 etimad s\u0259viyy\u0259si 77,6% olmu\u015fdu. Y\u0259ni yaln\u0131z art\u0131m.<\/p>\n<p><strong>\u0130ndi bu 78%-lik r\u0259\u011fb\u0259ti, heyranl\u0131\u011f\u0131 nec\u0259 oxuyaq? N\u0259 dem\u0259k bu?<\/strong>\u00a0Rus xalq\u0131 Ukraynaya qar\u015f\u0131 t\u0259cav\u00fczkar m\u00fcharib\u0259nin davam\u0131n\u0131 ist\u0259yir? Qon\u015fu suveren \u00f6lk\u0259l\u0259r\u0259 qar\u015f\u0131 Kremlin \u015fantaj v\u0259 h\u0259d\u0259 siyas\u0259tinin bitm\u0259m\u0259sinimi arzu edir? \u201cSSR\u0130-2\u201d plan\u0131n\u0131 gizl\u0259tm\u0259y\u0259n, \u201cHarda rus var, Rusiyan\u0131n s\u0259rh\u0259di oradan ke\u00e7ir\u201d, \u201cBizim bir m\u00fctt\u0259fiqimiz bar, o da ordumuzdur\u201d s\u00f6yl\u0259y\u0259n bir \u015f\u0259xs\u0259 y\u00fcks\u0259k ictimai d\u0259st\u0259yin ayr\u0131 ad\u0131 ax\u0131 n\u0259 ola bil\u0259r?..<\/p>\n<p>\u018flb\u0259tt\u0259, normal xalq m\u00fcharib\u0259 ist\u0259m\u0259z. \u00c7\u00fcnki m\u00fcharib\u0259 &#8211; \u00f6l\u00fcm-itim, maddi v\u0259 m\u0259n\u0259vi m\u0259hrumiyy\u0259tl\u0259r, milli genofonda z\u0259rb\u0259, b\u00f6y\u00fck da\u011f\u0131nt\u0131 v\u0259 iqtisadi z\u0259r\u0259r, t\u0259bi\u0259tin v\u0259 ekologiyan\u0131n ziyan g\u00f6rm\u0259sidir. H\u0259l\u0259 biz \u0259razil\u0259rin minalanmas\u0131 demirik.<\/p>\n<p><strong>Bu yerd\u0259 d\u0259y\u0259rli ekspert \u0130lham \u0130smay\u0131l\u0131n a\u015fa\u011f\u0131dak\u0131 q\u0259na\u0259ti il\u0259 raz\u0131la\u015fmamaq m\u00fcmk\u00fcns\u00fcz:<\/strong>\u00a0\u201cRusiya insan\u0131 pis ya\u015fama\u011fa ad\u0259t edib. Bu c\u0259miyy\u0259t yax\u015f\u0131 ya\u015famaq u\u011frunda yox, ba\u015fqa mill\u0259tl\u0259ri \u00f6z t\u0259siri alt\u0131nda saxlamaq, onlar\u0131n torpaqlar\u0131n\u0131 z\u0259bt etm\u0259k u\u011frunda m\u00fcbariz\u0259 edib v\u0259 edir\u201d.<\/p>\n<p>Yeri g\u0259lmi\u015fk\u0259n, separat\u00e7\u0131 Donbas b\u00f6lg\u0259sinin \u0259halisi \u201cya\u011f\u0131\u015fdan \u00e7\u0131x\u0131b ya\u011fmura\u201d d\u00fc\u015f\u00fcb. Son m\u0259lumatlara g\u00f6r\u0259, Rusiyaya \u201cbirl\u0259\u015f\u0259nd\u0259n\u201d sonra yerli sakinl\u0259rin ya\u015fay\u0131\u015f\u0131 daha da pisl\u0259\u015fib. Su, \u0259rzaq problemi ciddil\u0259\u015fib v\u0259 s&#8230;<\/p>\n<p>Amma \u00e7ifayda, rus toplumunu t\u0259\u0259ss\u00fcf ki, bel\u0259 b\u0259\u015f\u0259ri-humanitar m\u0259s\u0259l\u0259l\u0259r deyil, daha \u00e7ox torpaq i\u015f\u011fal\u0131 maraqland\u0131r\u0131r. Sanki yaln\u0131z el\u0259 bunun \u00fc\u00e7\u00fcn do\u011fulublar.<\/p>\n<p><strong>Bu da \u0259sla t\u0259\u0259cc\u00fcbl\u00fc deyil ki, Kremlin t\u0259cav\u00fczkar xarici siyas\u0259tin\u0259 tarix\u0259n v\u0259 g\u00fcn\u00fc bu g\u00fcn d\u0259 xeyir-dua ver\u0259n, onu yeni \u0259razil\u0259rin ilhaq\u0131na \u015firnikl\u0259ndirib m\u00fcharib\u0259l\u0259r\u0259 t\u0259hrik ed\u0259nl\u0259r aras\u0131nda Rus Pravoslav Kils\u0259si \u00f6nd\u0259 gedir.<\/strong>\u00a0H\u0259r\u00e7\u0259nd b\u00fct\u00fcn s\u0259mavi dinl\u0259r xalqlar, qon\u015fular aras\u0131nda s\u00fclh, dinclik v\u0259 bar\u0131\u015f\u0131qdan yanad\u0131r. Z\u00fclm\u0259, zill\u0259t\u0259 qar\u015f\u0131d\u0131r.<\/p>\n<p>Amma i\u015f\u0259 bax ki, Putin rus ke\u015fi\u015fl\u0259ri il\u0259 birg\u0259 m\u0259b\u0259dd\u0259 Ukraynaya qar\u015f\u0131 t\u0259cav\u00fczkar m\u00fcharib\u0259d\u0259 Allahdan \u201cq\u0259l\u0259b\u0259 \u00fc\u00e7\u00fcn\u201d dua edir. Yax\u015f\u0131 deyibl\u0259r, \u201cqa\u00e7an da Allah \u00e7a\u011f\u0131r\u0131r, qovan da\u201d&#8230;<\/p>\n<div class=\"news-author text-left\"><a href=\"https:\/\/musavat.com\/author\/zahid-seferoglu_2\"><img class=\"img-responsive img-author\" src=\"https:\/\/cdn.musavat.com\/authors\/thumbnails\/7dceba561e27f2296f5e82d34d1dd6bd.jpg\" \/>Zahid S\u018fF\u018fRO\u011eLU<\/a><\/div>\n","protected":false},"excerpt":{"rendered":"<p>Rusiyan\u0131n r\u0259hb\u0259rliyinin, onun bir \u00e7ox r\u0259smi v\u0259 qeyri-r\u0259smi \u015f\u0259xsl\u0259rinin, o c\u00fcml\u0259d\u0259n medias\u0131n\u0131n Az\u0259rbaycana qar\u015f\u0131 q\u0259z\u0259bli m\u00f6vqeyinin k\u00f6k\u00fcnd\u0259 t\u0259kc\u0259 t\u0259yyar\u0259 olay\u0131 dayanm\u0131r. Az\u0259rbaycan\u0131n \u201c\u015fimal ay\u0131s\u0131\u201dna m\u00fcnasib\u0259td\u0259 \u00f6z\u00fcn\u00fc vassal-satellit kimi deyil, m\u0259\u011frur v\u0259 m\u00fcst\u0259qil aparmas\u0131, Ukrayna faktoru da s\u0259b\u0259bl\u0259r s\u0131ras\u0131ndad\u0131r. Sonuncu faktorla ba\u011fl\u0131 \u201cm\u00f6t\u0259riz\u0259l\u0259ri\u201d bir azca geni\u015f a\u00e7aq. S\u00f6hb\u0259t Putin Rusiyas\u0131n\u0131n \u201cUkrayna bataql\u0131\u011f\u0131nda\u201d ili\u015fib qalmas\u0131n\u0131n, Prezident \u0130lham \u018fliyevin ukraynal\u0131lara m\u0259lum t\u00f6vsiy\u0259sinin (\u201che\u00e7 vaxt i\u015f\u011falla bar\u0131\u015fmay\u0131n\u201d) v\u0259 Az\u0259rbaycan daxil, beyn\u0259lxalq birliyin i\u015f\u011fal olunan torpaqlar\u0131 he\u00e7 vaxt Rusiya \u0259razisi kimi tan\u0131mayaca\u011f\u0131n\u0131n yaratd\u0131\u011f\u0131 dilxor ovqatdan gedir. Putini biz\u0259 qar\u015f\u0131 \u0259s\u0259bi ed\u0259n s\u00f6zs\u00fcz ki, h\u0259m d\u0259&hellip;<\/p>\n","protected":false},"author":2,"featured_media":819140,"comment_status":"closed","ping_status":"closed","sticky":false,"template":"","format":"standard","meta":{"om_disable_all_campaigns":false,"_monsterinsights_skip_tracking":false,"_monsterinsights_sitenote_active":false,"_monsterinsights_sitenote_note":"","_monsterinsights_sitenote_category":0},"categories":[19],"tags":[],"aioseo_notices":[],"gutentor_comment":0,"rttpg_featured_image_url":{"full":["https:\/\/arantv.az\/wp-content\/uploads\/2025\/08\/1e446b6adfda1ffb3fd854d4828b19e3.jpg",750,422,false],"landscape":["https:\/\/arantv.az\/wp-content\/uploads\/2025\/08\/1e446b6adfda1ffb3fd854d4828b19e3.jpg",750,422,false],"portraits":["https:\/\/arantv.az\/wp-content\/uploads\/2025\/08\/1e446b6adfda1ffb3fd854d4828b19e3.jpg",750,422,false],"thumbnail":["https:\/\/arantv.az\/wp-content\/uploads\/2025\/08\/1e446b6adfda1ffb3fd854d4828b19e3-500x280.jpg",500,280,true],"medium":["https:\/\/arantv.az\/wp-content\/uploads\/2025\/08\/1e446b6adfda1ffb3fd854d4828b19e3-649x365.jpg",649,365,true],"large":["https:\/\/arantv.az\/wp-content\/uploads\/2025\/08\/1e446b6adfda1ffb3fd854d4828b19e3.jpg",640,360,false],"1536x1536":["https:\/\/arantv.az\/wp-content\/uploads\/2025\/08\/1e446b6adfda1ffb3fd854d4828b19e3.jpg",750,422,false],"2048x2048":["https:\/\/arantv.az\/wp-content\/uploads\/2025\/08\/1e446b6adfda1ffb3fd854d4828b19e3.jpg",750,422,false],"post-thumbnail":["https:\/\/arantv.az\/wp-content\/uploads\/2025\/08\/1e446b6adfda1ffb3fd854d4828b19e3-240x172.jpg",240,172,true],"advps-thumb-one":["https:\/\/arantv.az\/wp-content\/uploads\/2025\/08\/1e446b6adfda1ffb3fd854d4828b19e3.jpg",750,422,false]},"rttpg_author":{"display_name":"V\u00fcsal Rafiqo\u011flu","author_link":"https:\/\/arantv.az\/?author=2"},"rttpg_comment":0,"rttpg_category":"<a href=\"https:\/\/arantv.az\/?cat=19\" rel=\"category\">G\u00fcnd\u0259m<\/a>","rttpg_excerpt":"Rusiyan\u0131n r\u0259hb\u0259rliyinin, onun bir \u00e7ox r\u0259smi v\u0259 qeyri-r\u0259smi \u015f\u0259xsl\u0259rinin, o c\u00fcml\u0259d\u0259n medias\u0131n\u0131n Az\u0259rbaycana qar\u015f\u0131 q\u0259z\u0259bli m\u00f6vqeyinin k\u00f6k\u00fcnd\u0259 t\u0259kc\u0259 t\u0259yyar\u0259 olay\u0131 dayanm\u0131r. Az\u0259rbaycan\u0131n \u201c\u015fimal ay\u0131s\u0131\u201dna m\u00fcnasib\u0259td\u0259 \u00f6z\u00fcn\u00fc vassal-satellit kimi deyil, m\u0259\u011frur v\u0259 m\u00fcst\u0259qil aparmas\u0131, Ukrayna faktoru da s\u0259b\u0259bl\u0259r s\u0131ras\u0131ndad\u0131r. Sonuncu faktorla ba\u011fl\u0131 \u201cm\u00f6t\u0259riz\u0259l\u0259ri\u201d bir azca geni\u015f a\u00e7aq. S\u00f6hb\u0259t Putin Rusiyas\u0131n\u0131n \u201cUkrayna bataql\u0131\u011f\u0131nda\u201d ili\u015fib qalmas\u0131n\u0131n, Prezident \u0130lham&hellip;","_links":{"self":[{"href":"https:\/\/arantv.az\/index.php?rest_route=\/wp\/v2\/posts\/819139"}],"collection":[{"href":"https:\/\/arantv.az\/index.php?rest_route=\/wp\/v2\/posts"}],"about":[{"href":"https:\/\/arantv.az\/index.php?rest_route=\/wp\/v2\/types\/post"}],"author":[{"embeddable":true,"href":"https:\/\/arantv.az\/index.php?rest_route=\/wp\/v2\/users\/2"}],"replies":[{"embeddable":true,"href":"https:\/\/arantv.az\/index.php?rest_route=%2Fwp%2Fv2%2Fcomments&post=819139"}],"version-history":[{"count":1,"href":"https:\/\/arantv.az\/index.php?rest_route=\/wp\/v2\/posts\/819139\/revisions"}],"predecessor-version":[{"id":819141,"href":"https:\/\/arantv.az\/index.php?rest_route=\/wp\/v2\/posts\/819139\/revisions\/819141"}],"wp:featuredmedia":[{"embeddable":true,"href":"https:\/\/arantv.az\/index.php?rest_route=\/wp\/v2\/media\/819140"}],"wp:attachment":[{"href":"https:\/\/arantv.az\/index.php?rest_route=%2Fwp%2Fv2%2Fmedia&parent=819139"}],"wp:term":[{"taxonomy":"category","embeddable":true,"href":"https:\/\/arantv.az\/index.php?rest_route=%2Fwp%2Fv2%2Fcategories&post=819139"},{"taxonomy":"post_tag","embeddable":true,"href":"https:\/\/arantv.az\/index.php?rest_route=%2Fwp%2Fv2%2Ftags&post=819139"}],"curies":[{"name":"wp","href":"https:\/\/api.w.org\/{rel}","templated":true}]}}