{"id":819145,"date":"2025-08-05T14:39:36","date_gmt":"2025-08-05T10:39:36","guid":{"rendered":"https:\/\/arantv.az\/?p=819145"},"modified":"2025-08-05T14:39:36","modified_gmt":"2025-08-05T10:39:36","slug":"qarabag-universitetinin-prorektoru-v%c9%99zif%c9%99sind%c9%99n-getdi","status":"publish","type":"post","link":"https:\/\/arantv.az\/?p=819145","title":{"rendered":"Qaraba\u011f Universitetinin prorektoru v\u0259zif\u0259sind\u0259n getdi"},"content":{"rendered":"<div class=\"text-content\" data-id=\"\" data-url=\"\">\n<p><strong>Qaraba\u011f Universitetinin sosial m\u0259s\u0259l\u0259l\u0259r v\u0259 ictimaiyy\u0259tl\u0259 \u0259laq\u0259l\u0259r \u00fczr\u0259 prorektoru i\u015fd\u0259n \u00e7\u0131x\u0131b.<\/strong><\/p>\n<p>Manset.az-\u0131n \u0259ld\u0259 etdiyi m\u0259lumata g\u00f6r\u0259, Qaraba\u011f Universitetinin sosial m\u0259s\u0259l\u0259l\u0259r v\u0259 ictimaiyy\u0259tl\u0259 \u0259laq\u0259l\u0259r \u00fczr\u0259 prorektoru N\u0259rgiz \u0130smay\u0131lova \u00f6z ist\u0259yi il\u0259 \u0259riz\u0259 yazaraq v\u0259zif\u0259sind\u0259n gedib. Onun ba\u015fqa bir sah\u0259d\u0259 y\u00fcks\u0259k v\u0259zif\u0259y\u0259 t\u0259yin olunaca\u011f\u0131 bildirilib. H\u0259l\u0259lik N\u0259rgiz \u0130smay\u0131lovan\u0131n yerin\u0259 yeni t\u0259yinat yoxdur.<\/p>\n<p>Qeyd ed\u0259k ki, Qaraba\u011f Universiteti Prezidentin 2023-c\u00fc il 28 noyabr tarixli S\u0259r\u0259ncam\u0131 il\u0259 yarad\u0131l\u0131b. Universitetin rektoru \u015eahin Bayramovdur.<\/p>\n<\/div>\n<div><\/div>\n<div><\/div>\n<div class=\"inner-social-box\">\n<div class=\"subs-in-social subs-whatsapp\"><\/div>\n<\/div>\n","protected":false},"excerpt":{"rendered":"<p>Qaraba\u011f Universitetinin sosial m\u0259s\u0259l\u0259l\u0259r v\u0259 ictimaiyy\u0259tl\u0259 \u0259laq\u0259l\u0259r \u00fczr\u0259 prorektoru i\u015fd\u0259n \u00e7\u0131x\u0131b. Manset.az-\u0131n \u0259ld\u0259 etdiyi m\u0259lumata g\u00f6r\u0259, Qaraba\u011f Universitetinin sosial m\u0259s\u0259l\u0259l\u0259r v\u0259 ictimaiyy\u0259tl\u0259 \u0259laq\u0259l\u0259r \u00fczr\u0259 prorektoru N\u0259rgiz \u0130smay\u0131lova \u00f6z ist\u0259yi il\u0259 \u0259riz\u0259 yazaraq v\u0259zif\u0259sind\u0259n gedib. Onun ba\u015fqa bir sah\u0259d\u0259 y\u00fcks\u0259k v\u0259zif\u0259y\u0259 t\u0259yin olunaca\u011f\u0131 bildirilib. H\u0259l\u0259lik N\u0259rgiz \u0130smay\u0131lovan\u0131n yerin\u0259 yeni t\u0259yinat yoxdur. Qeyd ed\u0259k ki, Qaraba\u011f Universiteti Prezidentin 2023-c\u00fc il 28 noyabr tarixli S\u0259r\u0259ncam\u0131 il\u0259 yarad\u0131l\u0131b. Universitetin rektoru \u015eahin Bayramovdur.<\/p>\n","protected":false},"author":2,"featured_media":819146,"comment_status":"closed","ping_status":"closed","sticky":false,"template":"","format":"standard","meta":{"om_disable_all_campaigns":false,"_monsterinsights_skip_tracking":false,"_monsterinsights_sitenote_active":false,"_monsterinsights_sitenote_note":"","_monsterinsights_sitenote_category":0},"categories":[1],"tags":[],"aioseo_notices":[],"gutentor_comment":0,"rttpg_featured_image_url":{"full":["https:\/\/arantv.az\/wp-content\/uploads\/2025\/08\/151390506dcd17e1f0bcf1b865d32fc1.jpg",870,500,false],"landscape":["https:\/\/arantv.az\/wp-content\/uploads\/2025\/08\/151390506dcd17e1f0bcf1b865d32fc1.jpg",870,500,false],"portraits":["https:\/\/arantv.az\/wp-content\/uploads\/2025\/08\/151390506dcd17e1f0bcf1b865d32fc1.jpg",870,500,false],"thumbnail":["https:\/\/arantv.az\/wp-content\/uploads\/2025\/08\/151390506dcd17e1f0bcf1b865d32fc1-500x280.jpg",500,280,true],"medium":["https:\/\/arantv.az\/wp-content\/uploads\/2025\/08\/151390506dcd17e1f0bcf1b865d32fc1-635x365.jpg",635,365,true],"large":["https:\/\/arantv.az\/wp-content\/uploads\/2025\/08\/151390506dcd17e1f0bcf1b865d32fc1-840x483.jpg",640,368,true],"1536x1536":["https:\/\/arantv.az\/wp-content\/uploads\/2025\/08\/151390506dcd17e1f0bcf1b865d32fc1.jpg",870,500,false],"2048x2048":["https:\/\/arantv.az\/wp-content\/uploads\/2025\/08\/151390506dcd17e1f0bcf1b865d32fc1.jpg",870,500,false],"post-thumbnail":["https:\/\/arantv.az\/wp-content\/uploads\/2025\/08\/151390506dcd17e1f0bcf1b865d32fc1-240x172.jpg",240,172,true],"advps-thumb-one":["https:\/\/arantv.az\/wp-content\/uploads\/2025\/08\/151390506dcd17e1f0bcf1b865d32fc1.jpg",870,500,false]},"rttpg_author":{"display_name":"V\u00fcsal Rafiqo\u011flu","author_link":"https:\/\/arantv.az\/?author=2"},"rttpg_comment":0,"rttpg_category":"<a href=\"https:\/\/arantv.az\/?cat=1\" rel=\"category\">C\u0259miyy\u0259t<\/a>","rttpg_excerpt":"Qaraba\u011f Universitetinin sosial m\u0259s\u0259l\u0259l\u0259r v\u0259 ictimaiyy\u0259tl\u0259 \u0259laq\u0259l\u0259r \u00fczr\u0259 prorektoru i\u015fd\u0259n \u00e7\u0131x\u0131b. Manset.az-\u0131n \u0259ld\u0259 etdiyi m\u0259lumata g\u00f6r\u0259, Qaraba\u011f Universitetinin sosial m\u0259s\u0259l\u0259l\u0259r v\u0259 ictimaiyy\u0259tl\u0259 \u0259laq\u0259l\u0259r \u00fczr\u0259 prorektoru N\u0259rgiz \u0130smay\u0131lova \u00f6z ist\u0259yi il\u0259 \u0259riz\u0259 yazaraq v\u0259zif\u0259sind\u0259n gedib. Onun ba\u015fqa bir sah\u0259d\u0259 y\u00fcks\u0259k v\u0259zif\u0259y\u0259 t\u0259yin olunaca\u011f\u0131 bildirilib. H\u0259l\u0259lik N\u0259rgiz \u0130smay\u0131lovan\u0131n yerin\u0259 yeni t\u0259yinat yoxdur. Qeyd ed\u0259k ki, Qaraba\u011f Universiteti&hellip;","_links":{"self":[{"href":"https:\/\/arantv.az\/index.php?rest_route=\/wp\/v2\/posts\/819145"}],"collection":[{"href":"https:\/\/arantv.az\/index.php?rest_route=\/wp\/v2\/posts"}],"about":[{"href":"https:\/\/arantv.az\/index.php?rest_route=\/wp\/v2\/types\/post"}],"author":[{"embeddable":true,"href":"https:\/\/arantv.az\/index.php?rest_route=\/wp\/v2\/users\/2"}],"replies":[{"embeddable":true,"href":"https:\/\/arantv.az\/index.php?rest_route=%2Fwp%2Fv2%2Fcomments&post=819145"}],"version-history":[{"count":2,"href":"https:\/\/arantv.az\/index.php?rest_route=\/wp\/v2\/posts\/819145\/revisions"}],"predecessor-version":[{"id":819148,"href":"https:\/\/arantv.az\/index.php?rest_route=\/wp\/v2\/posts\/819145\/revisions\/819148"}],"wp:featuredmedia":[{"embeddable":true,"href":"https:\/\/arantv.az\/index.php?rest_route=\/wp\/v2\/media\/819146"}],"wp:attachment":[{"href":"https:\/\/arantv.az\/index.php?rest_route=%2Fwp%2Fv2%2Fmedia&parent=819145"}],"wp:term":[{"taxonomy":"category","embeddable":true,"href":"https:\/\/arantv.az\/index.php?rest_route=%2Fwp%2Fv2%2Fcategories&post=819145"},{"taxonomy":"post_tag","embeddable":true,"href":"https:\/\/arantv.az\/index.php?rest_route=%2Fwp%2Fv2%2Ftags&post=819145"}],"curies":[{"name":"wp","href":"https:\/\/api.w.org\/{rel}","templated":true}]}}