{"id":819158,"date":"2025-08-05T14:47:26","date_gmt":"2025-08-05T10:47:26","guid":{"rendered":"https:\/\/arantv.az\/?p=819158"},"modified":"2025-08-05T14:47:26","modified_gmt":"2025-08-05T10:47:26","slug":"turkanda-qadin-%c9%99rini-q%c9%99tl%c9%99-yetirdi-qanli-ail%c9%99-drami","status":"publish","type":"post","link":"https:\/\/arantv.az\/?p=819158","title":{"rendered":"T\u00fcrkanda qad\u0131n \u0259rini q\u0259tl\u0259 yetirdi \u2013 QANLI A\u0130L\u018f DRAMI"},"content":{"rendered":"<p><strong>X\u0259z\u0259r rayonu, T\u00fcrkan q\u0259s\u0259b\u0259sind\u0259 bir ail\u0259nin h\u0259yat\u0131n\u0131 alt-\u00fcst ed\u0259n qanl\u0131 cinay\u0259t hadis\u0259si ba\u015f verib.<\/strong><\/p>\n<p><strong>Musavat.com<\/strong>-un \u0259ld\u0259 etdiyi m\u0259lumata g\u00f6r\u0259, hadis\u0259 avqustun 4-d\u0259 T\u00fcrkan q\u0259s\u0259b\u0259sinin Xanlar k\u00fc\u00e7\u0259sind\u0259 qeyd\u0259 al\u0131n\u0131b.<\/p>\n<p>1978-ci il t\u0259v\u0259ll\u00fcdl\u00fc Natiq F\u0259rhad o\u011flu Quliyev h\u0259yat yolda\u015f\u0131 t\u0259r\u0259find\u0259n b\u0131\u00e7aq z\u0259rb\u0259si il\u0259 q\u0259tl\u0259 yetirilib. Qan itkisind\u0259n v\u0259fat ed\u0259n ki\u015finin meyiti m\u0259hk\u0259m\u0259-tibbi ekspertizadan ke\u00e7irilm\u0259si \u00fc\u00e7\u00fcn aidiyy\u0259ti quruma t\u0259hvil verilib.<\/p>\n<p>M\u0259rhumun usta kimi i\u015fl\u0259diyi, \u0259sas\u0259n evl\u0259rd\u0259 t\u0259mir i\u015fl\u0259ri g\u00f6rm\u0259kl\u0259 ail\u0259sini doland\u0131rd\u0131\u011f\u0131 m\u0259lum olub.<\/p>\n<p>Onlar\u0131n 3 ya\u015fl\u0131 bir \u00f6vlad\u0131 var. Azya\u015fl\u0131 q\u0131z u\u015fa\u011f\u0131 x\u0259st\u0259xanada m\u00fcalic\u0259 al\u0131rm\u0131\u015f v\u0259 avqustun 4-d\u0259 ev\u0259 burax\u0131l\u0131b.<\/p>\n<p><strong>Hadis\u0259nin hans\u0131 s\u0259b\u0259bd\u0259n ba\u015f verdiyi h\u0259l\u0259lik m\u0259lum deyil.<\/strong><\/p>\n<p><strong>Faktla ba\u011fl\u0131 X\u0259z\u0259r rayon Prokurorlu\u011funda ara\u015fd\u0131rma apar\u0131l\u0131r.<\/strong><\/p>\n","protected":false},"excerpt":{"rendered":"<p>X\u0259z\u0259r rayonu, T\u00fcrkan q\u0259s\u0259b\u0259sind\u0259 bir ail\u0259nin h\u0259yat\u0131n\u0131 alt-\u00fcst ed\u0259n qanl\u0131 cinay\u0259t hadis\u0259si ba\u015f verib. Musavat.com-un \u0259ld\u0259 etdiyi m\u0259lumata g\u00f6r\u0259, hadis\u0259 avqustun 4-d\u0259 T\u00fcrkan q\u0259s\u0259b\u0259sinin Xanlar k\u00fc\u00e7\u0259sind\u0259 qeyd\u0259 al\u0131n\u0131b. 1978-ci il t\u0259v\u0259ll\u00fcdl\u00fc Natiq F\u0259rhad o\u011flu Quliyev h\u0259yat yolda\u015f\u0131 t\u0259r\u0259find\u0259n b\u0131\u00e7aq z\u0259rb\u0259si il\u0259 q\u0259tl\u0259 yetirilib. Qan itkisind\u0259n v\u0259fat ed\u0259n ki\u015finin meyiti m\u0259hk\u0259m\u0259-tibbi ekspertizadan ke\u00e7irilm\u0259si \u00fc\u00e7\u00fcn aidiyy\u0259ti quruma t\u0259hvil verilib. M\u0259rhumun usta kimi i\u015fl\u0259diyi, \u0259sas\u0259n evl\u0259rd\u0259 t\u0259mir i\u015fl\u0259ri g\u00f6rm\u0259kl\u0259 ail\u0259sini doland\u0131rd\u0131\u011f\u0131 m\u0259lum olub. Onlar\u0131n 3 ya\u015fl\u0131 bir \u00f6vlad\u0131 var. Azya\u015fl\u0131 q\u0131z u\u015fa\u011f\u0131 x\u0259st\u0259xanada m\u00fcalic\u0259 al\u0131rm\u0131\u015f v\u0259 avqustun 4-d\u0259 ev\u0259 burax\u0131l\u0131b. Hadis\u0259nin hans\u0131 s\u0259b\u0259bd\u0259n&hellip;<\/p>\n","protected":false},"author":2,"featured_media":819159,"comment_status":"closed","ping_status":"closed","sticky":false,"template":"","format":"standard","meta":{"om_disable_all_campaigns":false,"_monsterinsights_skip_tracking":false,"_monsterinsights_sitenote_active":false,"_monsterinsights_sitenote_note":"","_monsterinsights_sitenote_category":0},"categories":[3],"tags":[],"aioseo_notices":[],"gutentor_comment":0,"rttpg_featured_image_url":{"full":["https:\/\/arantv.az\/wp-content\/uploads\/2025\/08\/e8ebb6c085b1ac917edca906fe69516a.jpg",770,415,false],"landscape":["https:\/\/arantv.az\/wp-content\/uploads\/2025\/08\/e8ebb6c085b1ac917edca906fe69516a.jpg",770,415,false],"portraits":["https:\/\/arantv.az\/wp-content\/uploads\/2025\/08\/e8ebb6c085b1ac917edca906fe69516a.jpg",770,415,false],"thumbnail":["https:\/\/arantv.az\/wp-content\/uploads\/2025\/08\/e8ebb6c085b1ac917edca906fe69516a-500x280.jpg",500,280,true],"medium":["https:\/\/arantv.az\/wp-content\/uploads\/2025\/08\/e8ebb6c085b1ac917edca906fe69516a-660x356.jpg",660,356,true],"large":["https:\/\/arantv.az\/wp-content\/uploads\/2025\/08\/e8ebb6c085b1ac917edca906fe69516a.jpg",640,345,false],"1536x1536":["https:\/\/arantv.az\/wp-content\/uploads\/2025\/08\/e8ebb6c085b1ac917edca906fe69516a.jpg",770,415,false],"2048x2048":["https:\/\/arantv.az\/wp-content\/uploads\/2025\/08\/e8ebb6c085b1ac917edca906fe69516a.jpg",770,415,false],"post-thumbnail":["https:\/\/arantv.az\/wp-content\/uploads\/2025\/08\/e8ebb6c085b1ac917edca906fe69516a-240x172.jpg",240,172,true],"advps-thumb-one":["https:\/\/arantv.az\/wp-content\/uploads\/2025\/08\/e8ebb6c085b1ac917edca906fe69516a.jpg",770,415,false]},"rttpg_author":{"display_name":"V\u00fcsal Rafiqo\u011flu","author_link":"https:\/\/arantv.az\/?author=2"},"rttpg_comment":0,"rttpg_category":"<a href=\"https:\/\/arantv.az\/?cat=3\" rel=\"category\">Kriminal<\/a>","rttpg_excerpt":"X\u0259z\u0259r rayonu, T\u00fcrkan q\u0259s\u0259b\u0259sind\u0259 bir ail\u0259nin h\u0259yat\u0131n\u0131 alt-\u00fcst ed\u0259n qanl\u0131 cinay\u0259t hadis\u0259si ba\u015f verib. Musavat.com-un \u0259ld\u0259 etdiyi m\u0259lumata g\u00f6r\u0259, hadis\u0259 avqustun 4-d\u0259 T\u00fcrkan q\u0259s\u0259b\u0259sinin Xanlar k\u00fc\u00e7\u0259sind\u0259 qeyd\u0259 al\u0131n\u0131b. 1978-ci il t\u0259v\u0259ll\u00fcdl\u00fc Natiq F\u0259rhad o\u011flu Quliyev h\u0259yat yolda\u015f\u0131 t\u0259r\u0259find\u0259n b\u0131\u00e7aq z\u0259rb\u0259si il\u0259 q\u0259tl\u0259 yetirilib. Qan itkisind\u0259n v\u0259fat ed\u0259n ki\u015finin meyiti m\u0259hk\u0259m\u0259-tibbi ekspertizadan ke\u00e7irilm\u0259si \u00fc\u00e7\u00fcn aidiyy\u0259ti quruma&hellip;","_links":{"self":[{"href":"https:\/\/arantv.az\/index.php?rest_route=\/wp\/v2\/posts\/819158"}],"collection":[{"href":"https:\/\/arantv.az\/index.php?rest_route=\/wp\/v2\/posts"}],"about":[{"href":"https:\/\/arantv.az\/index.php?rest_route=\/wp\/v2\/types\/post"}],"author":[{"embeddable":true,"href":"https:\/\/arantv.az\/index.php?rest_route=\/wp\/v2\/users\/2"}],"replies":[{"embeddable":true,"href":"https:\/\/arantv.az\/index.php?rest_route=%2Fwp%2Fv2%2Fcomments&post=819158"}],"version-history":[{"count":1,"href":"https:\/\/arantv.az\/index.php?rest_route=\/wp\/v2\/posts\/819158\/revisions"}],"predecessor-version":[{"id":819160,"href":"https:\/\/arantv.az\/index.php?rest_route=\/wp\/v2\/posts\/819158\/revisions\/819160"}],"wp:featuredmedia":[{"embeddable":true,"href":"https:\/\/arantv.az\/index.php?rest_route=\/wp\/v2\/media\/819159"}],"wp:attachment":[{"href":"https:\/\/arantv.az\/index.php?rest_route=%2Fwp%2Fv2%2Fmedia&parent=819158"}],"wp:term":[{"taxonomy":"category","embeddable":true,"href":"https:\/\/arantv.az\/index.php?rest_route=%2Fwp%2Fv2%2Fcategories&post=819158"},{"taxonomy":"post_tag","embeddable":true,"href":"https:\/\/arantv.az\/index.php?rest_route=%2Fwp%2Fv2%2Ftags&post=819158"}],"curies":[{"name":"wp","href":"https:\/\/api.w.org\/{rel}","templated":true}]}}