{"id":819168,"date":"2025-08-05T14:50:59","date_gmt":"2025-08-05T10:50:59","guid":{"rendered":"https:\/\/arantv.az\/?p=819168"},"modified":"2025-08-05T14:50:59","modified_gmt":"2025-08-05T10:50:59","slug":"m%c9%99rk%c9%99zi-parkin-genisl%c9%99ndirilm%c9%99si-tarix-v%c9%99-muasirlik-arasinda-yeni-yasil-n%c9%99f%c9%99s-arasdirma","status":"publish","type":"post","link":"https:\/\/arantv.az\/?p=819168","title":{"rendered":"M\u0259rk\u0259zi Park\u0131n geni\u015fl\u0259ndirilm\u0259si: Tarix v\u0259 m\u00fcasirlik aras\u0131nda yeni ya\u015f\u0131l n\u0259f\u0259s &#8211; ARA\u015eDIRMA"},"content":{"rendered":"<p><strong>Son ill\u0259r d\u00fcnyada iri \u015f\u0259h\u0259rl\u0259rin inki\u015faf\u0131nda \u0259sas prioritetl\u0259rd\u0259n biri \u0259traf m\u00fchitin ekoloji tarazl\u0131\u011f\u0131n\u0131 qorumaq v\u0259 ictimai-ya\u015f\u0131ll\u0131q m\u0259kanlar\u0131n\u0131 art\u0131rmaqd\u0131r. Bu tendensiya x\u00fcsusil\u0259 \u0259halisi s\u0131x v\u0259 s\u00fcr\u0259tli urbanizasiya m\u0259rh\u0259l\u0259sind\u0259 olan \u015f\u0259h\u0259rl\u0259rd\u0259 aktuall\u0131\u011f\u0131n\u0131 qoruyur.<\/strong><\/p>\n<p>Paytaxt Bak\u0131 da bu qlobal tendensiyaya qo\u015fularaq, son ill\u0259rd\u0259 urban m\u00fchitin transformasiyas\u0131 istiqam\u0259tind\u0259 m\u00fch\u00fcm layih\u0259l\u0259r h\u0259yata ke\u00e7irir. Paytaxt\u0131n tarixi silueti, memarl\u0131q irsi v\u0259 m\u0259d\u0259ni land\u015faft\u0131 qorunmaqla, \u015f\u0259h\u0259rin daha funksional, ekoloji c\u0259h\u0259td\u0259n dayan\u0131ql\u0131 v\u0259 sosial bax\u0131mdan inkl\u00fcziv olmas\u0131 \u00fc\u00e7\u00fcn geni\u015fmiqyasl\u0131 planlama prosesi icra olunur. Bu bax\u0131mdan, \u201cBak\u0131 \u015f\u0259h\u0259rinin 2040-c\u0131 il\u0259d\u0259k inki\u015faf\u0131na dair Ba\u015f plan\u0131\u201d g\u0259l\u0259c\u0259yin Bak\u0131s\u0131n\u0131 formala\u015fd\u0131rmaq \u00fc\u00e7\u00fcn \u0259sas yol x\u0259rit\u0259si rolunu oynay\u0131r. Ba\u015f plan\u0131n \u0259sas prioritetl\u0259rind\u0259n biri \u015f\u0259h\u0259rin m\u0259rk\u0259zind\u0259 ya\u015f\u0131l v\u0259 ictimai m\u0259kanlar\u0131n geni\u015fl\u0259ndirilm\u0259si, eyni zamanda, tarixi m\u0259kanlar\u0131n v\u0259 urban irsin qorunmas\u0131d\u0131r. Bu yana\u015fma il\u0259 h\u0259yata ke\u00e7iril\u0259n M\u0259rk\u0259zi Park\u0131n geni\u015fl\u0259ndirilm\u0259si layih\u0259si, t\u0259kc\u0259, estetik v\u0259 funksional bax\u0131mdan deyil, h\u0259m d\u0259 sosial v\u0259 ekoloji c\u0259h\u0259td\u0259n d\u0259y\u0259rli t\u0259\u015f\u0259bb\u00fcs kimi \u00e7\u0131x\u0131\u015f edir. M\u0259rk\u0259zi Park, sad\u0259c\u0259, ya\u015f\u0131ll\u0131q sah\u0259si deyil, m\u00fcasir Bak\u0131n\u0131n yeni n\u0259f\u0259sidir. O, insanla \u015f\u0259h\u0259r aras\u0131nda olan m\u00fcnasib\u0259ti yenid\u0259n qurma\u011fa, yerli sakinl\u0259rin h\u0259yat keyfiyy\u0259tini art\u0131rma\u011fa v\u0259 paytaxt\u0131n memarl\u0131q kimliyini m\u00fcasir urbanizasiya il\u0259 harmoniyada inki\u015faf etdirm\u0259y\u0259 y\u00f6n\u0259lmi\u015f strateji layih\u0259dir. Ya\u015f\u0131l f\u0259za il\u0259 ictimai h\u0259yat\u0131n k\u0259si\u015fdiyi bu m\u0259kan Bak\u0131n\u0131n g\u0259l\u0259c\u0259k vizyonunun parlaq n\u00fcmun\u0259sin\u0259 \u00e7evrilm\u0259kd\u0259dir. Park\u0131n\u0131n geni\u015fl\u0259ndirilm\u0259si yaln\u0131z ya\u015f\u0131ll\u0131q sah\u0259sinin art\u0131r\u0131lmas\u0131 deyil, eyni zamanda, \u015f\u0259h\u0259rin sosial, memarl\u0131q v\u0259 ekoloji m\u00fchitin\u0259 inteqrasiyan\u0131 n\u0259z\u0259rd\u0259 tutan \u00e7ox\u015fax\u0259li t\u0259\u015f\u0259bb\u00fcsd\u00fcr.<\/p>\n<p><b>ARANTV.AZ <\/b>AZ\u018fRTAC-\u0131n Bak\u0131 \u015f\u0259h\u0259rinin ekoloji v\u0259 \u015f\u0259h\u0259rsalma bax\u0131m\u0131ndan inki\u015faf\u0131na y\u00f6n\u0259lmi\u015f apar\u0131c\u0131 layih\u0259l\u0259rind\u0259n biri olan M\u0259rk\u0259zi Park\u0131n geni\u015fl\u0259ndirilm\u0259si il\u0259 ba\u011fl\u0131 ara\u015fd\u0131rmas\u0131n\u0131 t\u0259qdim edir.<\/p>\n<p><img src=\"https:\/\/azertag.az\/store\/manual\/2025_08_04_6890ad955fe03.jpeg\" alt=\"\" width=\"600\" \/><\/p>\n<p><strong>Park\u0131n m\u0259rh\u0259l\u0259li inki\u015faf\u0131: 2019-dan bu g\u00fcn\u0259<\/strong><\/p>\n<p>M\u0259rk\u0259zi Park\u0131n sal\u0131nmas\u0131 ideyas\u0131 \u015f\u0259h\u0259rin m\u0259rk\u0259zind\u0259 funksional, ekoloji v\u0259 sosial c\u0259h\u0259td\u0259n faydal\u0131 ictimai f\u0259zan\u0131n yarad\u0131lmas\u0131 z\u0259rur\u0259tind\u0259n do\u011fub. Bu t\u0259\u015f\u0259bb\u00fcs t\u0259kc\u0259 \u0259traf m\u00fchitin sa\u011flamla\u015fd\u0131r\u0131lmas\u0131 deyil, h\u0259m d\u0259 paytaxt\u0131n memarl\u0131q simas\u0131n\u0131n m\u00fcasirl\u0259\u015fdirilm\u0259si v\u0259 sakinl\u0259r\u0259 daha keyfiyy\u0259tli urban m\u00fchit t\u0259qdim etm\u0259k m\u0259qs\u0259di da\u015f\u0131y\u0131r. Park\u0131n birinci hiss\u0259sinin a\u00e7\u0131l\u0131\u015f\u0131 2019-cu il may ay\u0131nda olub. Bu m\u0259rh\u0259l\u0259d\u0259 infrastruktur bax\u0131m\u0131ndan geri qalan ke\u00e7mi\u015f \u201cSovetski\u201d adland\u0131r\u0131lan \u0259razi s\u00f6k\u00fcl\u0259r\u0259k, yerind\u0259 m\u00fcasir t\u0259l\u0259bl\u0259r\u0259 cavab ver\u0259n geni\u015f park m\u0259kan\u0131 yarad\u0131l\u0131b. \u0130lk m\u0259rh\u0259l\u0259 \u015f\u0259h\u0259r \u0259halisi t\u0259r\u0259find\u0259n b\u00f6y\u00fck r\u0259\u011fb\u0259tl\u0259 qar\u015f\u0131lan\u0131b, \u00e7\u00fcnki bu zonada ilk d\u0259f\u0259 idi ki, bel\u0259 geni\u015f ictimai istirah\u0259t sah\u0259si formala\u015fd\u0131r\u0131lm\u0131\u015fd\u0131. Burada g\u0259zinti yollar\u0131, oturacaqlar, f\u0259vvar\u0259l\u0259r v\u0259 m\u00fcasir land\u015faft dizayn\u0131 park m\u0259d\u0259niyy\u0259tind\u0259 yeni standart yarad\u0131b.<\/p>\n<p>2022-ci v\u0259 2024-c\u00fc ill\u0259rd\u0259 is\u0259 m\u00fcvafiq olaraq park\u0131n ikinci v\u0259 \u00fc\u00e7\u00fcnc\u00fc hiss\u0259l\u0259ri sakinl\u0259rin istifad\u0259sin\u0259 verilib. Bu m\u00fcdd\u0259t \u0259rzind\u0259 park\u0131n funksionall\u0131\u011f\u0131 geni\u015fl\u0259ndirilib. Art\u0131q park yaln\u0131z g\u0259zinti v\u0259 istirah\u0259t deyil, h\u0259m d\u0259 m\u00fcxt\u0259lif ictimai t\u0259dbirl\u0259r v\u0259 ail\u0259vi \u0259yl\u0259nc\u0259 \u00fc\u00e7\u00fcn m\u0259kan kimi f\u0259aliyy\u0259t g\u00f6st\u0259rm\u0259y\u0259 ba\u015flay\u0131b. Velosiped yollar\u0131, a\u00e7\u0131q hava idman zonalar\u0131, u\u015faq oyun meydan\u00e7alar\u0131 v\u0259 sakit istirah\u0259t sah\u0259l\u0259ri \u0259lav\u0259 edilib. Park \u0259razisinin \u0259traf\u0131ndak\u0131 n\u0259qliyyat v\u0259 piyadalar\u0131n h\u0259r\u0259k\u0259ti d\u0259 optimalla\u015fd\u0131r\u0131l\u0131b. \u015e\u0259h\u0259rin dinamik ritmin\u0259 uy\u011fun olaraq burada h\u0259m f\u0259al, h\u0259m d\u0259 sakit h\u0259yat t\u0259rzini d\u0259st\u0259kl\u0259y\u0259n sah\u0259l\u0259r yarad\u0131l\u0131b. H\u0259m\u00e7inin daha \u00e7ox a\u011fac \u0259kilib, dekorativ bitki zolaqlar\u0131 yarad\u0131l\u0131b v\u0259 su elementl\u0259rinin say\u0131 art\u0131r\u0131l\u0131b. Haz\u0131rda park\u0131n \u0259razisi t\u0259xmin\u0259n 36 hektar t\u0259\u015fkil ets\u0259 d\u0259, d\u00f6rd\u00fcnc\u00fc hiss\u0259d\u0259 parka metronun &#8220;Nizami&#8221; stansiyas\u0131n\u0131n \u0259traf\u0131nda 21 hektara yax\u0131n \u0259razi d\u0259 \u0259lav\u0259 olunacaq.<\/p>\n<p><img src=\"https:\/\/azertag.az\/store\/manual\/2025_08_04_6890adb745429.jpeg\" alt=\"\" width=\"600\" \/><\/p>\n<p><strong>Tarix ya\u015f\u0131ll\u0131\u011f\u0131n i\u00e7ind\u0259 ya\u015fayacaq<\/strong><\/p>\n<p>Haz\u0131rda h\u0259yata ke\u00e7iril\u0259n d\u00f6rd\u00fcnc\u00fc m\u0259rh\u0259l\u0259 park\u0131n \u0259n geni\u015f \u0259hat\u0259li v\u0259 konseptual bax\u0131mdan z\u0259ngin hiss\u0259si hesab olunur. Metronun \u201cNizami\u201d stansiyas\u0131 \u0259traf\u0131nda yerl\u0259\u015f\u0259n t\u0259xmin\u0259n 21 hektar sah\u0259 park\u0131n \u0259vv\u0259lki hiss\u0259l\u0259rin\u0259 birl\u0259\u015fdiril\u0259r\u0259k vahid \u015f\u0259h\u0259r ya\u015f\u0131ll\u0131q k\u0259m\u0259ri formala\u015fd\u0131racaq. \u0130qlim \u015f\u0259raiti, flora v\u0259 \u0259traf m\u00fchit n\u0259z\u0259r\u0259 al\u0131nmaqla, burada geni\u015f ya\u015f\u0131lla\u015fd\u0131rma i\u015fl\u0259rinin apar\u0131lmas\u0131 n\u0259z\u0259rd\u0259 tutulur. Parkda qar\u0131\u015f\u0131q a\u011fac n\u00f6vl\u0259rinin olaca\u011f\u0131 s\u0131x me\u015f\u0259 tipli zona \u0259razinin land\u015faft\u0131nda \u00f6z\u00fcn\u0259m\u0259xsus yer tutacaq. Z\u0259ngin biom\u00fcxt\u0259liflik say\u0259sind\u0259 \u015f\u0259h\u0259r m\u0259rk\u0259zind\u0259 ekoloji t\u0259miz v\u0259 istirah\u0259t \u00fc\u00e7\u00fcn m\u00fcnasib m\u00fchit v\u0259 ictimai m\u0259kanlar yarad\u0131lacaq.<\/p>\n<p>Park \u0259razisind\u0259 b\u00f6y\u00fck s\u00fcni g\u00f6l\u00fcn d\u0259 yarad\u0131lmas\u0131 n\u0259z\u0259rd\u0259 tutulur. Bu g\u00f6l \u0259traf\u0131nda x\u00fcsusi aktivlik yaratmaqla, t\u0259kc\u0259 park\u0131n deyil, Bak\u0131n\u0131n \u0259n c\u0259lbedici elementl\u0259rind\u0259n biri olacaq. G\u00f6l\u00fcn yerl\u0259\u015fdiyi zonada \u0259kil\u0259c\u0259k bitkil\u0259r v\u0259 g\u00fcll\u0259r \u0259razinin estetikas\u0131na \u0259lav\u0259 d\u0259y\u0259r qatacaq.<\/p>\n<p>Funksional olaraq, park\u0131n d\u00f6rd\u00fcnc\u00fc hiss\u0259sind\u0259 rekreasiya, g\u00f6lk\u0259nar\u0131 istirah\u0259t, idman, m\u0259d\u0259ni t\u0259dbir zonalar\u0131 v\u0259 u\u015faq oyun meydan\u00e7alar\u0131 n\u0259z\u0259rd\u0259 tutulur. Layih\u0259d\u0259 \u0259trafdak\u0131 ya\u015fay\u0131\u015f zonalar\u0131 v\u0259 n\u0259qliyyat infrastrukturu il\u0259 \u0259laq\u0259l\u0259ndirm\u0259y\u0259 x\u00fcsusi diqq\u0259t yetiril\u0259c\u0259k.<\/p>\n<p>\u018frazid\u0259 m\u00f6vcud olan tarixi tikilil\u0259rin yeni funksiyalarla z\u0259nginl\u0259\u015fdiril\u0259r\u0259k yenid\u0259n qurulmas\u0131 v\u0259 parka inteqrasiyas\u0131 planla\u015fd\u0131r\u0131l\u0131r. N\u0259qliyyat ax\u0131n\u0131n\u0131n optimalla\u015fd\u0131r\u0131lmas\u0131 m\u0259qs\u0259dil\u0259 park\u0131n \u0259razisind\u0259 qapal\u0131 avtodayanaca\u011f\u0131n t\u0259\u015fkili n\u0259z\u0259rd\u0259 tutulur.<\/p>\n<p><img src=\"https:\/\/azertag.az\/store\/manual\/2025_08_04_6890add428ab7.jpg\" alt=\"\" width=\"600\" \/><\/p>\n<p>Eyni zamanda, &#8220;T\u0259z\u0259 Pir&#8221; m\u0259scidi \u0259traf\u0131ndak\u0131 v\u0259 Ba\u015f planla ictimai-i\u015fg\u00fczar zona kimi m\u00fc\u0259yy\u0259n edilmi\u015f \u0259razid\u0259 tarixi m\u0259h\u0259ll\u0259nin d\u0259 Bak\u0131n\u0131n \u00f6z\u00fcn\u0259m\u0259xsus \u015f\u0259h\u0259rsalma v\u0259 memarl\u0131q n\u00fcmun\u0259si kimi \u0259traf m\u00fchit\u0259 v\u0259 yeni \u015f\u0259h\u0259rsalma strukturuna inteqrasiyas\u0131 \u00fc\u00e7\u00fcn m\u00fcasir standartlara uy\u011fun abadla\u015fd\u0131r\u0131lmas\u0131 v\u0259 yenid\u0259n qurulmas\u0131 planla\u015fd\u0131r\u0131l\u0131r. Layih\u0259 d\u00f6vl\u0259t m\u00fchafiz\u0259sin\u0259 g\u00f6t\u00fcr\u00fclm\u00fc\u015f da\u015f\u0131nmaz tarix v\u0259 m\u0259d\u0259niyy\u0259t (memarl\u0131q) abid\u0259l\u0259rinin m\u00fctl\u0259q \u015f\u0259kild\u0259 saxlan\u0131laraq qorunmas\u0131n\u0131 v\u0259 abid\u0259 olmayan, lakin tarixi d\u0259y\u0259ri olan bir s\u0131ra dig\u0259r binalar\u0131n saxlan\u0131laraq m\u0259h\u0259ll\u0259nin \u00fcmumi konsepsiyas\u0131na uy\u011funla\u015fd\u0131r\u0131lmas\u0131n\u0131 n\u0259z\u0259rd\u0259 tutur. Burada, eyni zamanda, \u015f\u0259h\u0259r sakinl\u0259rinin v\u0259 qonaqlar\u0131n asud\u0259 vaxtlar\u0131n\u0131 s\u0259m\u0259r\u0259li ke\u00e7irm\u0259si \u00fc\u00e7\u00fcn ya\u015f\u0131l zonalar, m\u0259d\u0259niyy\u0259t ocaqlar\u0131, \u0259lveri\u015fli infrastruktur yarad\u0131lacaq.<\/p>\n<p>Qeyd edil\u0259n i\u015fl\u0259r paytaxt\u0131m\u0131z\u0131n unikal tarixi v\u0259 memarl\u0131q simas\u0131 saxlan\u0131lmaqla, Ba\u015f plana v\u0259 m\u00fcasir \u015f\u0259h\u0259rsalma standartlar\u0131na uy\u011fun olaraq daha da inki\u015faf etdirilm\u0259si, rahat, mobil v\u0259 ya\u015f\u0131l \u015f\u0259h\u0259r\u0259 \u00e7evrilm\u0259si istiqam\u0259tind\u0259 at\u0131lan n\u00f6vb\u0259ti \u00f6n\u0259mli t\u0259dbirl\u0259r s\u0131ras\u0131ndad\u0131r.<\/p>\n<p>&nbsp;<\/p>\n","protected":false},"excerpt":{"rendered":"<p>Son ill\u0259r d\u00fcnyada iri \u015f\u0259h\u0259rl\u0259rin inki\u015faf\u0131nda \u0259sas prioritetl\u0259rd\u0259n biri \u0259traf m\u00fchitin ekoloji tarazl\u0131\u011f\u0131n\u0131 qorumaq v\u0259 ictimai-ya\u015f\u0131ll\u0131q m\u0259kanlar\u0131n\u0131 art\u0131rmaqd\u0131r. Bu tendensiya x\u00fcsusil\u0259 \u0259halisi s\u0131x v\u0259 s\u00fcr\u0259tli urbanizasiya m\u0259rh\u0259l\u0259sind\u0259 olan \u015f\u0259h\u0259rl\u0259rd\u0259 aktuall\u0131\u011f\u0131n\u0131 qoruyur. Paytaxt Bak\u0131 da bu qlobal tendensiyaya qo\u015fularaq, son ill\u0259rd\u0259 urban m\u00fchitin transformasiyas\u0131 istiqam\u0259tind\u0259 m\u00fch\u00fcm layih\u0259l\u0259r h\u0259yata ke\u00e7irir. Paytaxt\u0131n tarixi silueti, memarl\u0131q irsi v\u0259 m\u0259d\u0259ni land\u015faft\u0131 qorunmaqla, \u015f\u0259h\u0259rin daha funksional, ekoloji c\u0259h\u0259td\u0259n dayan\u0131ql\u0131 v\u0259 sosial bax\u0131mdan inkl\u00fcziv olmas\u0131 \u00fc\u00e7\u00fcn geni\u015fmiqyasl\u0131 planlama prosesi icra olunur. Bu bax\u0131mdan, \u201cBak\u0131 \u015f\u0259h\u0259rinin 2040-c\u0131 il\u0259d\u0259k inki\u015faf\u0131na dair Ba\u015f plan\u0131\u201d g\u0259l\u0259c\u0259yin Bak\u0131s\u0131n\u0131 formala\u015fd\u0131rmaq \u00fc\u00e7\u00fcn \u0259sas yol&hellip;<\/p>\n","protected":false},"author":2,"featured_media":819169,"comment_status":"closed","ping_status":"closed","sticky":false,"template":"","format":"standard","meta":{"om_disable_all_campaigns":false,"_monsterinsights_skip_tracking":false,"_monsterinsights_sitenote_active":false,"_monsterinsights_sitenote_note":"","_monsterinsights_sitenote_category":0},"categories":[1],"tags":[],"aioseo_notices":[],"gutentor_comment":0,"rttpg_featured_image_url":{"full":["https:\/\/arantv.az\/wp-content\/uploads\/2025\/08\/9fe324b7d26bf0719cf47dd25a8fccf8.jpg",870,500,false],"landscape":["https:\/\/arantv.az\/wp-content\/uploads\/2025\/08\/9fe324b7d26bf0719cf47dd25a8fccf8.jpg",870,500,false],"portraits":["https:\/\/arantv.az\/wp-content\/uploads\/2025\/08\/9fe324b7d26bf0719cf47dd25a8fccf8.jpg",870,500,false],"thumbnail":["https:\/\/arantv.az\/wp-content\/uploads\/2025\/08\/9fe324b7d26bf0719cf47dd25a8fccf8-500x280.jpg",500,280,true],"medium":["https:\/\/arantv.az\/wp-content\/uploads\/2025\/08\/9fe324b7d26bf0719cf47dd25a8fccf8-635x365.jpg",635,365,true],"large":["https:\/\/arantv.az\/wp-content\/uploads\/2025\/08\/9fe324b7d26bf0719cf47dd25a8fccf8-840x483.jpg",640,368,true],"1536x1536":["https:\/\/arantv.az\/wp-content\/uploads\/2025\/08\/9fe324b7d26bf0719cf47dd25a8fccf8.jpg",870,500,false],"2048x2048":["https:\/\/arantv.az\/wp-content\/uploads\/2025\/08\/9fe324b7d26bf0719cf47dd25a8fccf8.jpg",870,500,false],"post-thumbnail":["https:\/\/arantv.az\/wp-content\/uploads\/2025\/08\/9fe324b7d26bf0719cf47dd25a8fccf8-240x172.jpg",240,172,true],"advps-thumb-one":["https:\/\/arantv.az\/wp-content\/uploads\/2025\/08\/9fe324b7d26bf0719cf47dd25a8fccf8.jpg",870,500,false]},"rttpg_author":{"display_name":"V\u00fcsal Rafiqo\u011flu","author_link":"https:\/\/arantv.az\/?author=2"},"rttpg_comment":0,"rttpg_category":"<a href=\"https:\/\/arantv.az\/?cat=1\" rel=\"category\">C\u0259miyy\u0259t<\/a>","rttpg_excerpt":"Son ill\u0259r d\u00fcnyada iri \u015f\u0259h\u0259rl\u0259rin inki\u015faf\u0131nda \u0259sas prioritetl\u0259rd\u0259n biri \u0259traf m\u00fchitin ekoloji tarazl\u0131\u011f\u0131n\u0131 qorumaq v\u0259 ictimai-ya\u015f\u0131ll\u0131q m\u0259kanlar\u0131n\u0131 art\u0131rmaqd\u0131r. Bu tendensiya x\u00fcsusil\u0259 \u0259halisi s\u0131x v\u0259 s\u00fcr\u0259tli urbanizasiya m\u0259rh\u0259l\u0259sind\u0259 olan \u015f\u0259h\u0259rl\u0259rd\u0259 aktuall\u0131\u011f\u0131n\u0131 qoruyur. Paytaxt Bak\u0131 da bu qlobal tendensiyaya qo\u015fularaq, son ill\u0259rd\u0259 urban m\u00fchitin transformasiyas\u0131 istiqam\u0259tind\u0259 m\u00fch\u00fcm layih\u0259l\u0259r h\u0259yata ke\u00e7irir. Paytaxt\u0131n tarixi silueti, memarl\u0131q irsi v\u0259 m\u0259d\u0259ni&hellip;","_links":{"self":[{"href":"https:\/\/arantv.az\/index.php?rest_route=\/wp\/v2\/posts\/819168"}],"collection":[{"href":"https:\/\/arantv.az\/index.php?rest_route=\/wp\/v2\/posts"}],"about":[{"href":"https:\/\/arantv.az\/index.php?rest_route=\/wp\/v2\/types\/post"}],"author":[{"embeddable":true,"href":"https:\/\/arantv.az\/index.php?rest_route=\/wp\/v2\/users\/2"}],"replies":[{"embeddable":true,"href":"https:\/\/arantv.az\/index.php?rest_route=%2Fwp%2Fv2%2Fcomments&post=819168"}],"version-history":[{"count":1,"href":"https:\/\/arantv.az\/index.php?rest_route=\/wp\/v2\/posts\/819168\/revisions"}],"predecessor-version":[{"id":819170,"href":"https:\/\/arantv.az\/index.php?rest_route=\/wp\/v2\/posts\/819168\/revisions\/819170"}],"wp:featuredmedia":[{"embeddable":true,"href":"https:\/\/arantv.az\/index.php?rest_route=\/wp\/v2\/media\/819169"}],"wp:attachment":[{"href":"https:\/\/arantv.az\/index.php?rest_route=%2Fwp%2Fv2%2Fmedia&parent=819168"}],"wp:term":[{"taxonomy":"category","embeddable":true,"href":"https:\/\/arantv.az\/index.php?rest_route=%2Fwp%2Fv2%2Fcategories&post=819168"},{"taxonomy":"post_tag","embeddable":true,"href":"https:\/\/arantv.az\/index.php?rest_route=%2Fwp%2Fv2%2Ftags&post=819168"}],"curies":[{"name":"wp","href":"https:\/\/api.w.org\/{rel}","templated":true}]}}