{"id":819177,"date":"2025-08-05T15:02:20","date_gmt":"2025-08-05T11:02:20","guid":{"rendered":"https:\/\/arantv.az\/?p=819177"},"modified":"2025-08-05T15:02:20","modified_gmt":"2025-08-05T11:02:20","slug":"turkm%c9%99nistanda-az%c9%99rbaycan-milli-gunu-m%c9%99d%c9%99ni-irsimizin-parlaq-t%c9%99qdimati","status":"publish","type":"post","link":"https:\/\/arantv.az\/?p=819177","title":{"rendered":"T\u00fcrkm\u0259nistanda \u201cAz\u0259rbaycan Milli G\u00fcn\u00fc\u201d \u2013 M\u0259d\u0259ni \u0130rsimizin Parlaq T\u0259qdimat\u0131"},"content":{"rendered":"<div class=\"text-content\" data-id=\"\" data-url=\"\">\n<p><strong>5\u20138 avqust 2025-ci il tarixl\u0259rind\u0259 T\u00fcrkm\u0259nistan\u0131n Avaza Milli Turizm Zonas\u0131nda ke\u00e7iril\u0259n BMT-nin D\u0259niz\u0259 \u00c7\u0131x\u0131\u015f\u0131 Olmayan \u0130nki\u015faf Etm\u0259kd\u0259 Olan \u00d6lk\u0259l\u0259r \u00fczr\u0259 III Konfrans\u0131 \u00e7\u0259r\u00e7iv\u0259sind\u0259 \u201cAz\u0259rbaycan Milli G\u00fcnl\u0259ri\u201d t\u0259\u015fkil olunur.<\/strong><\/p>\n<p><strong>ARANTV.AZ <\/strong>\u00a0x\u0259b\u0259r verir ki, t\u0259dbirl\u0259r Az\u0259rbaycan\u0131n z\u0259ngin m\u0259d\u0259niyy\u0259tini, tarixi irsini v\u0259 inc\u0259s\u0259n\u0259t \u0259n\u0259n\u0259l\u0259rini beyn\u0259lxalq auditoriyaya t\u0259qdim edir.<\/p>\n<p>Az\u0259rbaycan pavilyonu konfrans m\u0259kan\u0131nda ziyar\u0259t\u00e7il\u0259r\u0259 a\u00e7\u0131q olacaq. Burada \u00f6lk\u0259mizin tarixi v\u0259 m\u0259d\u0259ni irsin\u0259 dair kitablar, bro\u015f\u00fcrl\u0259r, suvenirl\u0259r, xal\u00e7alar, k\u0259la\u011fay\u0131lar v\u0259 t\u0259tbiqi s\u0259n\u0259t n\u00fcmun\u0259l\u0259ri s\u0259rgil\u0259n\u0259c\u0259k. Ziyar\u0259t\u00e7il\u0259r q\u0259dim s\u0259n\u0259tkarl\u0131q \u0259n\u0259n\u0259l\u0259rimizi \u0259ks etdir\u0259n \u0259l i\u015fl\u0259ri il\u0259 d\u0259 tan\u0131\u015f ola bil\u0259c\u0259kl\u0259r.<\/p>\n<p>A\u00e7\u0131q havada t\u0259\u015fkil olunan \u201cAz\u0259rbaycan\u0131n milli irsinin incil\u0259ri\u201d adl\u0131 inc\u0259s\u0259n\u0259t s\u0259rgisind\u0259 Az\u0259rbaycan Milli Xal\u00e7a Muzeyinin fondundan xal\u00e7alar, intarsiya, \u015f\u0259b\u0259k\u0259, z\u0259rg\u0259rlik, t\u0259k\u0259lduz v\u0259 k\u0259la\u011fay\u0131 n\u00fcmun\u0259l\u0259ri n\u00fcmayi\u015f olunacaq. H\u0259m\u00e7inin xal\u00e7a toxuma, \u015f\u0259b\u0259k\u0259 s\u0259n\u0259ti, z\u0259rg\u0259rlik v\u0259 k\u0259la\u011fay\u0131 haz\u0131rlanmas\u0131 \u00fczr\u0259 ustad d\u0259rsl\u0259ri ke\u00e7iril\u0259c\u0259k.<\/p>\n<p>S\u0259rgi zonas\u0131n\u0131n kulinariya b\u00f6lm\u0259sind\u0259 milli m\u0259tb\u0259ximizin \u0259n\u0259n\u0259vi yem\u0259kl\u0259ri v\u0259 \u015firniyyatlar\u0131 t\u0259qdim olunacaq, \u00f6lk\u0259mizin qonaqp\u0259rv\u0259rliyi v\u0259 kulinariya \u0259n\u0259n\u0259l\u0259ri n\u00fcmayi\u015f etdiril\u0259c\u0259k.<\/p>\n<p>5 avqust tarixind\u0259 konfrans\u0131n a\u00e7\u0131l\u0131\u015f m\u0259rasimi \u00e7\u0259r\u00e7iv\u0259sind\u0259 Qala konsert t\u0259\u015fkil edil\u0259c\u0259k. 6 avqustda \u201cAz\u0259rbaycan Milli G\u00fcn\u00fc\u201d m\u00fcnasib\u0259til\u0259 m\u00f6ht\u0259\u015f\u0259m konsert proqram\u0131, 8 avqustda is\u0259 Az\u0259rbaycan inc\u0259s\u0259n\u0259t ustalar\u0131n\u0131n i\u015ftirak\u0131 il\u0259 yekun Qala konserti ba\u015f tutacaq.<\/p>\n<\/div>\n<div>\n<div class=\"form-group\"><img class=\"img-responsive\" src=\"https:\/\/cdn.musavat.com\/news\/images\/hemid\/%D0%9D%D0%BE%D0%B2%D0%B0%D1%8F%D0%9F%D0%B0%D0%BF%D0%BA%D0%B0\/WhatsApp%20Image%202025-08-05%20at%2013.29.06.jpeg\" \/><\/div>\n<div class=\"form-group\"><img class=\"img-responsive\" src=\"https:\/\/cdn.musavat.com\/news\/images\/hemid\/%D0%9D%D0%BE%D0%B2%D0%B0%D1%8F%D0%9F%D0%B0%D0%BF%D0%BA%D0%B0\/WhatsApp%20Image%202025-08-05%20at%2013.29.05%20%281%29.jpeg\" \/><\/div>\n<div class=\"form-group\"><img class=\"img-responsive\" src=\"https:\/\/cdn.musavat.com\/news\/images\/hemid\/%D0%9D%D0%BE%D0%B2%D0%B0%D1%8F%D0%9F%D0%B0%D0%BF%D0%BA%D0%B0\/WhatsApp%20Image%202025-08-05%20at%2013.29.05.jpeg\" \/><\/div>\n<div class=\"form-group\"><img class=\"img-responsive\" src=\"https:\/\/cdn.musavat.com\/news\/images\/hemid\/%D0%9D%D0%BE%D0%B2%D0%B0%D1%8F%D0%9F%D0%B0%D0%BF%D0%BA%D0%B0\/WhatsApp%20Image%202025-08-05%20at%2013.29.04%20%282%29.jpeg\" \/><\/div>\n<div class=\"form-group\"><img class=\"img-responsive\" src=\"https:\/\/cdn.musavat.com\/news\/images\/hemid\/%D0%9D%D0%BE%D0%B2%D0%B0%D1%8F%D0%9F%D0%B0%D0%BF%D0%BA%D0%B0\/WhatsApp%20Image%202025-08-05%20at%2013.29.04%20%281%29.jpeg\" \/><\/div>\n<div class=\"form-group\"><img class=\"img-responsive\" src=\"https:\/\/cdn.musavat.com\/news\/images\/hemid\/%D0%9D%D0%BE%D0%B2%D0%B0%D1%8F%D0%9F%D0%B0%D0%BF%D0%BA%D0%B0\/WhatsApp%20Image%202025-08-05%20at%2013.29.04.jpeg\" \/><\/div>\n<div class=\"form-group\"><img class=\"img-responsive\" src=\"https:\/\/cdn.musavat.com\/news\/images\/hemid\/%D0%9D%D0%BE%D0%B2%D0%B0%D1%8F%D0%9F%D0%B0%D0%BF%D0%BA%D0%B0\/WhatsApp%20Image%202025-08-05%20at%2013.29.03.jpeg\" \/><\/div>\n<div class=\"form-group\"><img class=\"img-responsive\" src=\"https:\/\/cdn.musavat.com\/news\/images\/hemid\/%D0%9D%D0%BE%D0%B2%D0%B0%D1%8F%D0%9F%D0%B0%D0%BF%D0%BA%D0%B0\/WhatsApp%20Image%202025-08-05%20at%2013.29.02%20%282%29.jpeg\" \/><\/div>\n<div class=\"form-group\"><img class=\"img-responsive\" src=\"https:\/\/cdn.musavat.com\/news\/images\/hemid\/%D0%9D%D0%BE%D0%B2%D0%B0%D1%8F%D0%9F%D0%B0%D0%BF%D0%BA%D0%B0\/WhatsApp%20Image%202025-08-05%20at%2013.29.02%20%281%29.jpeg\" \/><\/div>\n<div class=\"form-group\"><img class=\"img-responsive\" src=\"https:\/\/cdn.musavat.com\/news\/images\/hemid\/%D0%9D%D0%BE%D0%B2%D0%B0%D1%8F%D0%9F%D0%B0%D0%BF%D0%BA%D0%B0\/WhatsApp%20Image%202025-08-05%20at%2013.29.02.jpeg\" \/><\/div>\n<div class=\"form-group\"><img class=\"img-responsive\" src=\"https:\/\/cdn.musavat.com\/news\/images\/hemid\/%D0%9D%D0%BE%D0%B2%D0%B0%D1%8F%D0%9F%D0%B0%D0%BF%D0%BA%D0%B0\/WhatsApp%20Image%202025-08-05%20at%2013.29.01%20%281%29.jpeg\" \/><\/div>\n<div class=\"form-group\"><img class=\"img-responsive\" src=\"https:\/\/cdn.musavat.com\/news\/images\/hemid\/%D0%9D%D0%BE%D0%B2%D0%B0%D1%8F%D0%9F%D0%B0%D0%BF%D0%BA%D0%B0\/WhatsApp%20Image%202025-08-05%20at%2013.29.01.jpeg\" \/><\/div>\n<div class=\"form-group\"><img class=\"img-responsive\" src=\"https:\/\/cdn.musavat.com\/news\/images\/hemid\/%D0%9D%D0%BE%D0%B2%D0%B0%D1%8F%D0%9F%D0%B0%D0%BF%D0%BA%D0%B0\/WhatsApp%20Image%202025-08-05%20at%2013.29.00%20%281%29.jpeg\" \/><\/div>\n<div class=\"form-group\"><img class=\"img-responsive\" src=\"https:\/\/cdn.musavat.com\/news\/images\/hemid\/%D0%9D%D0%BE%D0%B2%D0%B0%D1%8F%D0%9F%D0%B0%D0%BF%D0%BA%D0%B0\/WhatsApp%20Image%202025-08-05%20at%2013.29.00.jpeg\" \/><\/div>\n<div class=\"form-group\"><img class=\"img-responsive\" src=\"https:\/\/cdn.musavat.com\/news\/images\/hemid\/%D0%9D%D0%BE%D0%B2%D0%B0%D1%8F%D0%9F%D0%B0%D0%BF%D0%BA%D0%B0\/WhatsApp%20Image%202025-08-05%20at%2013.28.59.jpeg\" \/><\/div>\n<div class=\"form-group\"><img class=\"img-responsive\" src=\"https:\/\/cdn.musavat.com\/news\/images\/hemid\/%D0%9D%D0%BE%D0%B2%D0%B0%D1%8F%D0%9F%D0%B0%D0%BF%D0%BA%D0%B0\/WhatsApp%20Image%202025-08-05%20at%2013.28.58.jpeg\" \/><\/div>\n<div class=\"form-group\"><img class=\"img-responsive\" src=\"https:\/\/cdn.musavat.com\/news\/images\/hemid\/%D0%9D%D0%BE%D0%B2%D0%B0%D1%8F%D0%9F%D0%B0%D0%BF%D0%BA%D0%B0\/WhatsApp%20Image%202025-08-05%20at%2013.28.57%20%281%29.jpeg\" \/><\/div>\n<\/div>\n","protected":false},"excerpt":{"rendered":"<p>5\u20138 avqust 2025-ci il tarixl\u0259rind\u0259 T\u00fcrkm\u0259nistan\u0131n Avaza Milli Turizm Zonas\u0131nda ke\u00e7iril\u0259n BMT-nin D\u0259niz\u0259 \u00c7\u0131x\u0131\u015f\u0131 Olmayan \u0130nki\u015faf Etm\u0259kd\u0259 Olan \u00d6lk\u0259l\u0259r \u00fczr\u0259 III Konfrans\u0131 \u00e7\u0259r\u00e7iv\u0259sind\u0259 \u201cAz\u0259rbaycan Milli G\u00fcnl\u0259ri\u201d t\u0259\u015fkil olunur. ARANTV.AZ \u00a0x\u0259b\u0259r verir ki, t\u0259dbirl\u0259r Az\u0259rbaycan\u0131n z\u0259ngin m\u0259d\u0259niyy\u0259tini, tarixi irsini v\u0259 inc\u0259s\u0259n\u0259t \u0259n\u0259n\u0259l\u0259rini beyn\u0259lxalq auditoriyaya t\u0259qdim edir. Az\u0259rbaycan pavilyonu konfrans m\u0259kan\u0131nda ziyar\u0259t\u00e7il\u0259r\u0259 a\u00e7\u0131q olacaq. Burada \u00f6lk\u0259mizin tarixi v\u0259 m\u0259d\u0259ni irsin\u0259 dair kitablar, bro\u015f\u00fcrl\u0259r, suvenirl\u0259r, xal\u00e7alar, k\u0259la\u011fay\u0131lar v\u0259 t\u0259tbiqi s\u0259n\u0259t n\u00fcmun\u0259l\u0259ri s\u0259rgil\u0259n\u0259c\u0259k. Ziyar\u0259t\u00e7il\u0259r q\u0259dim s\u0259n\u0259tkarl\u0131q \u0259n\u0259n\u0259l\u0259rimizi \u0259ks etdir\u0259n \u0259l i\u015fl\u0259ri il\u0259 d\u0259 tan\u0131\u015f ola bil\u0259c\u0259kl\u0259r. A\u00e7\u0131q havada t\u0259\u015fkil olunan \u201cAz\u0259rbaycan\u0131n milli irsinin incil\u0259ri\u201d&hellip;<\/p>\n","protected":false},"author":2,"featured_media":819178,"comment_status":"closed","ping_status":"closed","sticky":false,"template":"","format":"standard","meta":{"om_disable_all_campaigns":false,"_monsterinsights_skip_tracking":false,"_monsterinsights_sitenote_active":false,"_monsterinsights_sitenote_note":"","_monsterinsights_sitenote_category":0},"categories":[1],"tags":[],"aioseo_notices":[],"gutentor_comment":0,"rttpg_featured_image_url":{"full":["https:\/\/arantv.az\/wp-content\/uploads\/2025\/08\/2c962828979a43b5028d67a889f35e9a.jpg",870,500,false],"landscape":["https:\/\/arantv.az\/wp-content\/uploads\/2025\/08\/2c962828979a43b5028d67a889f35e9a.jpg",870,500,false],"portraits":["https:\/\/arantv.az\/wp-content\/uploads\/2025\/08\/2c962828979a43b5028d67a889f35e9a.jpg",870,500,false],"thumbnail":["https:\/\/arantv.az\/wp-content\/uploads\/2025\/08\/2c962828979a43b5028d67a889f35e9a-500x280.jpg",500,280,true],"medium":["https:\/\/arantv.az\/wp-content\/uploads\/2025\/08\/2c962828979a43b5028d67a889f35e9a-635x365.jpg",635,365,true],"large":["https:\/\/arantv.az\/wp-content\/uploads\/2025\/08\/2c962828979a43b5028d67a889f35e9a-840x483.jpg",640,368,true],"1536x1536":["https:\/\/arantv.az\/wp-content\/uploads\/2025\/08\/2c962828979a43b5028d67a889f35e9a.jpg",870,500,false],"2048x2048":["https:\/\/arantv.az\/wp-content\/uploads\/2025\/08\/2c962828979a43b5028d67a889f35e9a.jpg",870,500,false],"post-thumbnail":["https:\/\/arantv.az\/wp-content\/uploads\/2025\/08\/2c962828979a43b5028d67a889f35e9a-240x172.jpg",240,172,true],"advps-thumb-one":["https:\/\/arantv.az\/wp-content\/uploads\/2025\/08\/2c962828979a43b5028d67a889f35e9a.jpg",870,500,false]},"rttpg_author":{"display_name":"V\u00fcsal Rafiqo\u011flu","author_link":"https:\/\/arantv.az\/?author=2"},"rttpg_comment":0,"rttpg_category":"<a href=\"https:\/\/arantv.az\/?cat=1\" rel=\"category\">C\u0259miyy\u0259t<\/a>","rttpg_excerpt":"5\u20138 avqust 2025-ci il tarixl\u0259rind\u0259 T\u00fcrkm\u0259nistan\u0131n Avaza Milli Turizm Zonas\u0131nda ke\u00e7iril\u0259n BMT-nin D\u0259niz\u0259 \u00c7\u0131x\u0131\u015f\u0131 Olmayan \u0130nki\u015faf Etm\u0259kd\u0259 Olan \u00d6lk\u0259l\u0259r \u00fczr\u0259 III Konfrans\u0131 \u00e7\u0259r\u00e7iv\u0259sind\u0259 \u201cAz\u0259rbaycan Milli G\u00fcnl\u0259ri\u201d t\u0259\u015fkil olunur. ARANTV.AZ \u00a0x\u0259b\u0259r verir ki, t\u0259dbirl\u0259r Az\u0259rbaycan\u0131n z\u0259ngin m\u0259d\u0259niyy\u0259tini, tarixi irsini v\u0259 inc\u0259s\u0259n\u0259t \u0259n\u0259n\u0259l\u0259rini beyn\u0259lxalq auditoriyaya t\u0259qdim edir. Az\u0259rbaycan pavilyonu konfrans m\u0259kan\u0131nda ziyar\u0259t\u00e7il\u0259r\u0259 a\u00e7\u0131q olacaq. Burada \u00f6lk\u0259mizin tarixi&hellip;","_links":{"self":[{"href":"https:\/\/arantv.az\/index.php?rest_route=\/wp\/v2\/posts\/819177"}],"collection":[{"href":"https:\/\/arantv.az\/index.php?rest_route=\/wp\/v2\/posts"}],"about":[{"href":"https:\/\/arantv.az\/index.php?rest_route=\/wp\/v2\/types\/post"}],"author":[{"embeddable":true,"href":"https:\/\/arantv.az\/index.php?rest_route=\/wp\/v2\/users\/2"}],"replies":[{"embeddable":true,"href":"https:\/\/arantv.az\/index.php?rest_route=%2Fwp%2Fv2%2Fcomments&post=819177"}],"version-history":[{"count":1,"href":"https:\/\/arantv.az\/index.php?rest_route=\/wp\/v2\/posts\/819177\/revisions"}],"predecessor-version":[{"id":819179,"href":"https:\/\/arantv.az\/index.php?rest_route=\/wp\/v2\/posts\/819177\/revisions\/819179"}],"wp:featuredmedia":[{"embeddable":true,"href":"https:\/\/arantv.az\/index.php?rest_route=\/wp\/v2\/media\/819178"}],"wp:attachment":[{"href":"https:\/\/arantv.az\/index.php?rest_route=%2Fwp%2Fv2%2Fmedia&parent=819177"}],"wp:term":[{"taxonomy":"category","embeddable":true,"href":"https:\/\/arantv.az\/index.php?rest_route=%2Fwp%2Fv2%2Fcategories&post=819177"},{"taxonomy":"post_tag","embeddable":true,"href":"https:\/\/arantv.az\/index.php?rest_route=%2Fwp%2Fv2%2Ftags&post=819177"}],"curies":[{"name":"wp","href":"https:\/\/api.w.org\/{rel}","templated":true}]}}