{"id":819213,"date":"2025-08-05T21:00:21","date_gmt":"2025-08-05T17:00:21","guid":{"rendered":"https:\/\/arantv.az\/?p=819213"},"modified":"2025-08-05T21:00:21","modified_gmt":"2025-08-05T17:00:21","slug":"f%c9%99rhad-p%c9%99rvizi-etdiyi-cixislara-gor%c9%99-isd%c9%99n-cixarilib","status":"publish","type":"post","link":"https:\/\/arantv.az\/?p=819213","title":{"rendered":"F\u0259rhad P\u0259rvizi etdiyi \u00e7\u0131x\u0131\u015flara g\u00f6r\u0259 i\u015fd\u0259n \u00e7\u0131xar\u0131l\u0131b?"},"content":{"rendered":"<p>Sosial \u015f\u0259b\u0259k\u0259l\u0259rd\u0259 iqtisad\u00e7\u0131 F\u0259rhad P\u0259rvizinin son g\u00fcnl\u0259r etdiyi \u00e7\u0131x\u0131\u015flarla \u0259laq\u0259dar i\u015fd\u0259n \u00e7\u0131xar\u0131lmas\u0131 haqda m\u0259lumatlar yay\u0131l\u0131b. \u0130ddialara g\u00f6r\u0259, buna s\u0259b\u0259b onun gender \u0259sasl\u0131 ayr\u0131-se\u00e7kiliyi t\u0259bli\u011f ed\u0259n fikirl\u0259ridir.<\/p>\n<p>M\u0259s\u0259l\u0259 il\u0259 ba\u011fl\u0131 F.P\u0259rvizinin i\u015fl\u0259diyi \u201cBaker Tilly Az\u0259rbaycan\u201dla \u0259laq\u0259 saxlad\u0131q. \u015eirk\u0259td\u0259n \u201cQafqazinfo\u201dnun sor\u011fusuna cavab olaraq F\u0259rhad P\u0259rvizinin i\u015fd\u0259n \u00e7\u0131xmas\u0131 x\u0259b\u0259rini t\u0259sdiql\u0259dil\u0259r.<\/p>\n<p>\u201c1 il m\u00fcdd\u0259tind\u0259 Biznes v\u0259 M\u0259sl\u0259h\u0259t Xidm\u0259tl\u0259ri Direktoru v\u0259zif\u0259sind\u0259 \u00e7al\u0131\u015fan F\u0259rhad P\u0259rvizi 4 avqustda \u015f\u0259xsi t\u0259\u015f\u0259bb\u00fcs\u00fc v\u0259 k\u00f6n\u00fcll\u00fc \u0259riz\u0259si \u0259sas\u0131nda \u015firk\u0259td\u0259n ayr\u0131l\u0131b. O bu q\u0259rar\u0131 \u00f6z yeni biznes f\u0259aliyy\u0259tin\u0259 ba\u015flamaq v\u0259 \u015f\u0259xsi layih\u0259l\u0259rin\u0259 daha \u00e7ox vaxt ay\u0131rmaq m\u0259qs\u0259dil\u0259 verib\u201d, &#8211; dey\u0259 a\u00e7\u0131qlamada qeyd edilib.<\/p>\n<p>M\u0259lumatda iqtisad\u00e7\u0131n\u0131n \u00e7\u0131x\u0131\u015flar\u0131 il\u0259 ba\u011fl\u0131 i\u015fd\u0259n \u00e7\u0131xar\u0131lmas\u0131 iddialar\u0131 t\u0259kzib edilib.<\/p>\n","protected":false},"excerpt":{"rendered":"<p>Sosial \u015f\u0259b\u0259k\u0259l\u0259rd\u0259 iqtisad\u00e7\u0131 F\u0259rhad P\u0259rvizinin son g\u00fcnl\u0259r etdiyi \u00e7\u0131x\u0131\u015flarla \u0259laq\u0259dar i\u015fd\u0259n \u00e7\u0131xar\u0131lmas\u0131 haqda m\u0259lumatlar yay\u0131l\u0131b. \u0130ddialara g\u00f6r\u0259, buna s\u0259b\u0259b onun gender \u0259sasl\u0131 ayr\u0131-se\u00e7kiliyi t\u0259bli\u011f ed\u0259n fikirl\u0259ridir. M\u0259s\u0259l\u0259 il\u0259 ba\u011fl\u0131 F.P\u0259rvizinin i\u015fl\u0259diyi \u201cBaker Tilly Az\u0259rbaycan\u201dla \u0259laq\u0259 saxlad\u0131q. \u015eirk\u0259td\u0259n \u201cQafqazinfo\u201dnun sor\u011fusuna cavab olaraq F\u0259rhad P\u0259rvizinin i\u015fd\u0259n \u00e7\u0131xmas\u0131 x\u0259b\u0259rini t\u0259sdiql\u0259dil\u0259r. \u201c1 il m\u00fcdd\u0259tind\u0259 Biznes v\u0259 M\u0259sl\u0259h\u0259t Xidm\u0259tl\u0259ri Direktoru v\u0259zif\u0259sind\u0259 \u00e7al\u0131\u015fan F\u0259rhad P\u0259rvizi 4 avqustda \u015f\u0259xsi t\u0259\u015f\u0259bb\u00fcs\u00fc v\u0259 k\u00f6n\u00fcll\u00fc \u0259riz\u0259si \u0259sas\u0131nda \u015firk\u0259td\u0259n ayr\u0131l\u0131b. O bu q\u0259rar\u0131 \u00f6z yeni biznes f\u0259aliyy\u0259tin\u0259 ba\u015flamaq v\u0259 \u015f\u0259xsi layih\u0259l\u0259rin\u0259 daha \u00e7ox vaxt ay\u0131rmaq m\u0259qs\u0259dil\u0259 verib\u201d, &#8211; dey\u0259 a\u00e7\u0131qlamada qeyd&hellip;<\/p>\n","protected":false},"author":2,"featured_media":819214,"comment_status":"closed","ping_status":"closed","sticky":false,"template":"","format":"standard","meta":{"om_disable_all_campaigns":false,"_monsterinsights_skip_tracking":false,"_monsterinsights_sitenote_active":false,"_monsterinsights_sitenote_note":"","_monsterinsights_sitenote_category":0},"categories":[19],"tags":[],"aioseo_notices":[],"gutentor_comment":0,"rttpg_featured_image_url":{"full":["https:\/\/arantv.az\/wp-content\/uploads\/2025\/08\/af8d496b1242192fd0a65b08a7ada107.jpg",637,400,false],"landscape":["https:\/\/arantv.az\/wp-content\/uploads\/2025\/08\/af8d496b1242192fd0a65b08a7ada107.jpg",637,400,false],"portraits":["https:\/\/arantv.az\/wp-content\/uploads\/2025\/08\/af8d496b1242192fd0a65b08a7ada107.jpg",637,400,false],"thumbnail":["https:\/\/arantv.az\/wp-content\/uploads\/2025\/08\/af8d496b1242192fd0a65b08a7ada107-500x280.jpg",500,280,true],"medium":["https:\/\/arantv.az\/wp-content\/uploads\/2025\/08\/af8d496b1242192fd0a65b08a7ada107-581x365.jpg",581,365,true],"large":["https:\/\/arantv.az\/wp-content\/uploads\/2025\/08\/af8d496b1242192fd0a65b08a7ada107.jpg",637,400,false],"1536x1536":["https:\/\/arantv.az\/wp-content\/uploads\/2025\/08\/af8d496b1242192fd0a65b08a7ada107.jpg",637,400,false],"2048x2048":["https:\/\/arantv.az\/wp-content\/uploads\/2025\/08\/af8d496b1242192fd0a65b08a7ada107.jpg",637,400,false],"post-thumbnail":["https:\/\/arantv.az\/wp-content\/uploads\/2025\/08\/af8d496b1242192fd0a65b08a7ada107-240x172.jpg",240,172,true],"advps-thumb-one":["https:\/\/arantv.az\/wp-content\/uploads\/2025\/08\/af8d496b1242192fd0a65b08a7ada107.jpg",637,400,false]},"rttpg_author":{"display_name":"V\u00fcsal Rafiqo\u011flu","author_link":"https:\/\/arantv.az\/?author=2"},"rttpg_comment":0,"rttpg_category":"<a href=\"https:\/\/arantv.az\/?cat=19\" rel=\"category\">G\u00fcnd\u0259m<\/a>","rttpg_excerpt":"Sosial \u015f\u0259b\u0259k\u0259l\u0259rd\u0259 iqtisad\u00e7\u0131 F\u0259rhad P\u0259rvizinin son g\u00fcnl\u0259r etdiyi \u00e7\u0131x\u0131\u015flarla \u0259laq\u0259dar i\u015fd\u0259n \u00e7\u0131xar\u0131lmas\u0131 haqda m\u0259lumatlar yay\u0131l\u0131b. \u0130ddialara g\u00f6r\u0259, buna s\u0259b\u0259b onun gender \u0259sasl\u0131 ayr\u0131-se\u00e7kiliyi t\u0259bli\u011f ed\u0259n fikirl\u0259ridir. M\u0259s\u0259l\u0259 il\u0259 ba\u011fl\u0131 F.P\u0259rvizinin i\u015fl\u0259diyi \u201cBaker Tilly Az\u0259rbaycan\u201dla \u0259laq\u0259 saxlad\u0131q. \u015eirk\u0259td\u0259n \u201cQafqazinfo\u201dnun sor\u011fusuna cavab olaraq F\u0259rhad P\u0259rvizinin i\u015fd\u0259n \u00e7\u0131xmas\u0131 x\u0259b\u0259rini t\u0259sdiql\u0259dil\u0259r. \u201c1 il m\u00fcdd\u0259tind\u0259 Biznes v\u0259 M\u0259sl\u0259h\u0259t Xidm\u0259tl\u0259ri Direktoru&hellip;","_links":{"self":[{"href":"https:\/\/arantv.az\/index.php?rest_route=\/wp\/v2\/posts\/819213"}],"collection":[{"href":"https:\/\/arantv.az\/index.php?rest_route=\/wp\/v2\/posts"}],"about":[{"href":"https:\/\/arantv.az\/index.php?rest_route=\/wp\/v2\/types\/post"}],"author":[{"embeddable":true,"href":"https:\/\/arantv.az\/index.php?rest_route=\/wp\/v2\/users\/2"}],"replies":[{"embeddable":true,"href":"https:\/\/arantv.az\/index.php?rest_route=%2Fwp%2Fv2%2Fcomments&post=819213"}],"version-history":[{"count":2,"href":"https:\/\/arantv.az\/index.php?rest_route=\/wp\/v2\/posts\/819213\/revisions"}],"predecessor-version":[{"id":819216,"href":"https:\/\/arantv.az\/index.php?rest_route=\/wp\/v2\/posts\/819213\/revisions\/819216"}],"wp:featuredmedia":[{"embeddable":true,"href":"https:\/\/arantv.az\/index.php?rest_route=\/wp\/v2\/media\/819214"}],"wp:attachment":[{"href":"https:\/\/arantv.az\/index.php?rest_route=%2Fwp%2Fv2%2Fmedia&parent=819213"}],"wp:term":[{"taxonomy":"category","embeddable":true,"href":"https:\/\/arantv.az\/index.php?rest_route=%2Fwp%2Fv2%2Fcategories&post=819213"},{"taxonomy":"post_tag","embeddable":true,"href":"https:\/\/arantv.az\/index.php?rest_route=%2Fwp%2Fv2%2Ftags&post=819213"}],"curies":[{"name":"wp","href":"https:\/\/api.w.org\/{rel}","templated":true}]}}