{"id":81932,"date":"2019-09-27T15:05:25","date_gmt":"2019-09-27T12:05:25","guid":{"rendered":"http:\/\/arantv.az\/?p=81932"},"modified":"2019-09-27T15:05:25","modified_gmt":"2019-09-27T12:05:25","slug":"az%c9%99rbaycan-xin-lion-m%c9%99hk%c9%99m%c9%99sinin-q%c9%99rarini-alqislayir","status":"publish","type":"post","link":"https:\/\/arantv.az\/?p=81932","title":{"rendered":"Az\u0259rbaycan X\u0130N Lion m\u0259hk\u0259m\u0259sinin q\u0259rar\u0131n\u0131 alq\u0131\u015flay\u0131r"},"content":{"rendered":"<p>Xarici \u0130\u015fl\u0259r Nazirliyi Fransa Respublikas\u0131n\u0131n Lion\/Lyon\/ inzibati m\u0259hk\u0259m\u0259sinin bu \u00f6lk\u0259nin Desin-\u015earpy\u00f6\/Decines-Charpieu \u015f\u0259h\u0259ri il\u0259 Az\u0259rbaycan\u0131n i\u015f\u011fal olunmu\u015f Xocav\u0259nd rayonunun inzibati b\u00f6lg\u0259l\u0259rind\u0259n biri v\u0259 Sen-Etyen\/Saint-Etienne\/ \u015f\u0259h\u0259ri il\u0259 Az\u0259rbaycan\u0131n i\u015f\u011fal olunmu\u015f \u015eu\u015fa \u015f\u0259h\u0259ri aras\u0131nda m\u00fcvafiq olaraq 25 sentyabr 2017-ci il v\u0259 21 oktyabr 2018-ci ild\u0259 imzalanan qeyri-qanuni &#8220;sazi\u015f&#8221;l\u0259rin l\u0259\u011fv olunmas\u0131na dair cari ilin 19 sentyabr tarixli q\u0259rar\u0131n\u0131 alq\u0131\u015flay\u0131r.<\/p>\n<p>Bu bar\u0259d\u0259 X\u0130N-d\u0259n Milli.Az-a\u00a0daxil olan m\u0259lumatda deyilir.<\/p>\n<p>M\u0259lumatda qeyd olunur: &#8220;Xat\u0131rlad\u0131r\u0131q ki, s\u00f6z\u00fcged\u0259n qeyri-qanuni &#8220;s\u0259n\u0259dl\u0259r&#8221; Az\u0259rbaycan v\u0259 Fransan\u0131n milli qanunvericiliyi, x\u00fcsusil\u0259 d\u0259 Fransa Konstitusiyas\u0131n\u0131n 73-c\u00fc madd\u0259si, &#8220;\u018frazi Vahidl\u0259ri \u00dcmumi M\u0259c\u0259ll\u0259si&#8221;nin madd\u0259l\u0259ri v\u0259 24 may 2018-ci il tarixind\u0259 Daxili i\u015fl\u0259r v\u0259 Avropa v\u0259 xarici i\u015fl\u0259r nazirl\u0259ri t\u0259r\u0259find\u0259n imzalanm\u0131\u015f sirkulyar s\u0259n\u0259din m\u00fcdd\u0259alar\u0131na zidd olaraq imzalan\u0131b.<\/p>\n<p>Bu g\u00fcn\u0259d\u0259k Fransan\u0131n \u015f\u0259h\u0259rl\u0259ri il\u0259 Az\u0259rbaycan\u0131n i\u015f\u011fal olunmu\u015f \u0259razil\u0259rind\u0259ki qondarma rejim t\u0259r\u0259find\u0259n yarad\u0131lan &#8220;yerli hakimiyy\u0259t orqanlar\u0131&#8221; aras\u0131nda imzalanan 9 qanunsuz &#8220;m\u00fcqavil\u0259&#8221; Fransa Respublikas\u0131n\u0131n m\u00fcvafiq M\u0259hk\u0259m\u0259 q\u0259rarlar\u0131 il\u0259 l\u0259\u011fv olunub.<\/p>\n<p>Az\u0259rbaycan t\u0259r\u0259fi haz\u0131rda q\u00fcvv\u0259d\u0259 qalan dig\u0259r qeyri-qanuni &#8220;s\u0259n\u0259dl\u0259rin&#8221; d\u0259 tezlikl\u0259 Fransa M\u0259hk\u0259m\u0259l\u0259ri t\u0259r\u0259find\u0259n l\u0259\u011fv edil\u0259c\u0259yin\u0259 \u00fcmid edir&#8221;.<\/p>\n","protected":false},"excerpt":{"rendered":"<p>Xarici \u0130\u015fl\u0259r Nazirliyi Fransa Respublikas\u0131n\u0131n Lion\/Lyon\/ inzibati m\u0259hk\u0259m\u0259sinin bu \u00f6lk\u0259nin Desin-\u015earpy\u00f6\/Decines-Charpieu \u015f\u0259h\u0259ri il\u0259 Az\u0259rbaycan\u0131n i\u015f\u011fal olunmu\u015f Xocav\u0259nd rayonunun inzibati b\u00f6lg\u0259l\u0259rind\u0259n biri v\u0259 Sen-Etyen\/Saint-Etienne\/ \u015f\u0259h\u0259ri il\u0259 Az\u0259rbaycan\u0131n i\u015f\u011fal olunmu\u015f \u015eu\u015fa \u015f\u0259h\u0259ri aras\u0131nda m\u00fcvafiq olaraq 25 sentyabr 2017-ci il v\u0259 21 oktyabr 2018-ci ild\u0259 imzalanan qeyri-qanuni &#8220;sazi\u015f&#8221;l\u0259rin l\u0259\u011fv olunmas\u0131na dair cari ilin 19 sentyabr tarixli q\u0259rar\u0131n\u0131 alq\u0131\u015flay\u0131r. Bu bar\u0259d\u0259 X\u0130N-d\u0259n Milli.Az-a\u00a0daxil olan m\u0259lumatda deyilir. M\u0259lumatda qeyd olunur: &#8220;Xat\u0131rlad\u0131r\u0131q ki, s\u00f6z\u00fcged\u0259n qeyri-qanuni &#8220;s\u0259n\u0259dl\u0259r&#8221; Az\u0259rbaycan v\u0259 Fransan\u0131n milli qanunvericiliyi, x\u00fcsusil\u0259 d\u0259 Fransa Konstitusiyas\u0131n\u0131n 73-c\u00fc madd\u0259si, &#8220;\u018frazi Vahidl\u0259ri \u00dcmumi M\u0259c\u0259ll\u0259si&#8221;nin madd\u0259l\u0259ri v\u0259 24 may 2018-ci&hellip;<\/p>\n","protected":false},"author":2,"featured_media":81933,"comment_status":"closed","ping_status":"closed","sticky":false,"template":"","format":"standard","meta":{"om_disable_all_campaigns":false,"_monsterinsights_skip_tracking":false,"_monsterinsights_sitenote_active":false,"_monsterinsights_sitenote_note":"","_monsterinsights_sitenote_category":0},"categories":[4],"tags":[],"aioseo_notices":[],"gutentor_comment":0,"rttpg_featured_image_url":{"full":["https:\/\/arantv.az\/wp-content\/uploads\/2019\/09\/789761.jpg",1200,900,false],"landscape":["https:\/\/arantv.az\/wp-content\/uploads\/2019\/09\/789761.jpg",1200,900,false],"portraits":["https:\/\/arantv.az\/wp-content\/uploads\/2019\/09\/789761.jpg",1200,900,false],"thumbnail":["https:\/\/arantv.az\/wp-content\/uploads\/2019\/09\/789761-150x150.jpg",150,150,true],"medium":["https:\/\/arantv.az\/wp-content\/uploads\/2019\/09\/789761-300x225.jpg",300,225,true],"large":["https:\/\/arantv.az\/wp-content\/uploads\/2019\/09\/789761-1024x768.jpg",640,480,true],"1536x1536":["https:\/\/arantv.az\/wp-content\/uploads\/2019\/09\/789761.jpg",1200,900,false],"2048x2048":["https:\/\/arantv.az\/wp-content\/uploads\/2019\/09\/789761.jpg",1200,900,false],"post-thumbnail":["https:\/\/arantv.az\/wp-content\/uploads\/2019\/09\/789761-240x172.jpg",240,172,true],"advps-thumb-one":["https:\/\/arantv.az\/wp-content\/uploads\/2019\/09\/789761-1200x620.jpg",1200,620,true]},"rttpg_author":{"display_name":"V\u00fcsal Rafiqo\u011flu","author_link":"https:\/\/arantv.az\/?author=2"},"rttpg_comment":0,"rttpg_category":"<a href=\"https:\/\/arantv.az\/?cat=4\" rel=\"category\">Siyas\u0259t<\/a>","rttpg_excerpt":"Xarici \u0130\u015fl\u0259r Nazirliyi Fransa Respublikas\u0131n\u0131n Lion\/Lyon\/ inzibati m\u0259hk\u0259m\u0259sinin bu \u00f6lk\u0259nin Desin-\u015earpy\u00f6\/Decines-Charpieu \u015f\u0259h\u0259ri il\u0259 Az\u0259rbaycan\u0131n i\u015f\u011fal olunmu\u015f Xocav\u0259nd rayonunun inzibati b\u00f6lg\u0259l\u0259rind\u0259n biri v\u0259 Sen-Etyen\/Saint-Etienne\/ \u015f\u0259h\u0259ri il\u0259 Az\u0259rbaycan\u0131n i\u015f\u011fal olunmu\u015f \u015eu\u015fa \u015f\u0259h\u0259ri aras\u0131nda m\u00fcvafiq olaraq 25 sentyabr 2017-ci il v\u0259 21 oktyabr 2018-ci ild\u0259 imzalanan qeyri-qanuni &#8220;sazi\u015f&#8221;l\u0259rin l\u0259\u011fv olunmas\u0131na dair cari ilin 19 sentyabr tarixli q\u0259rar\u0131n\u0131 alq\u0131\u015flay\u0131r.&hellip;","_links":{"self":[{"href":"https:\/\/arantv.az\/index.php?rest_route=\/wp\/v2\/posts\/81932"}],"collection":[{"href":"https:\/\/arantv.az\/index.php?rest_route=\/wp\/v2\/posts"}],"about":[{"href":"https:\/\/arantv.az\/index.php?rest_route=\/wp\/v2\/types\/post"}],"author":[{"embeddable":true,"href":"https:\/\/arantv.az\/index.php?rest_route=\/wp\/v2\/users\/2"}],"replies":[{"embeddable":true,"href":"https:\/\/arantv.az\/index.php?rest_route=%2Fwp%2Fv2%2Fcomments&post=81932"}],"version-history":[{"count":0,"href":"https:\/\/arantv.az\/index.php?rest_route=\/wp\/v2\/posts\/81932\/revisions"}],"wp:featuredmedia":[{"embeddable":true,"href":"https:\/\/arantv.az\/index.php?rest_route=\/wp\/v2\/media\/81933"}],"wp:attachment":[{"href":"https:\/\/arantv.az\/index.php?rest_route=%2Fwp%2Fv2%2Fmedia&parent=81932"}],"wp:term":[{"taxonomy":"category","embeddable":true,"href":"https:\/\/arantv.az\/index.php?rest_route=%2Fwp%2Fv2%2Fcategories&post=81932"},{"taxonomy":"post_tag","embeddable":true,"href":"https:\/\/arantv.az\/index.php?rest_route=%2Fwp%2Fv2%2Ftags&post=81932"}],"curies":[{"name":"wp","href":"https:\/\/api.w.org\/{rel}","templated":true}]}}