{"id":81944,"date":"2019-09-27T15:09:02","date_gmt":"2019-09-27T12:09:02","guid":{"rendered":"http:\/\/arantv.az\/?p=81944"},"modified":"2019-09-27T15:09:02","modified_gmt":"2019-09-27T12:09:02","slug":"kurd%c9%99-batan-yasli-kisini-bel%c9%99-xilas-etdil%c9%99r-video","status":"publish","type":"post","link":"https:\/\/arantv.az\/?p=81944","title":{"rendered":"K\u00fcrd\u0259 batan ya\u015fl\u0131 ki\u015fini bel\u0259 xilas etdil\u0259r &#8211; V\u0130DEO"},"content":{"rendered":"<p>V\u0259ziyy\u0259ti normal oldu\u011fu \u00fc\u00e7\u00fcn ya\u015fad\u0131\u011f\u0131 \u00fcnvana yola sal\u0131n\u0131b<\/p>\n<p>Salyanda ya\u015fl\u0131 ki\u015fi K\u00fcr \u00e7ay\u0131na d\u00fc\u015f\u00fcb.<\/p>\n<p>Hadis\u0259 K\u00fcr\u00fcn Salyan-Babaz\u0259nan ya\u015fay\u0131\u015f massivini birl\u0259\u015fdir\u0259n \u00e7ay\u0131n \u00fcz\u0259rind\u0259 tikilmi\u015f k\u00f6rp\u00fcn\u00fcn yax\u0131nl\u0131\u011f\u0131nda ba\u015f verib.<\/p>\n<p>Bel\u0259 ki, Tale Davudzad\u0259 k\u00fc\u00e7\u0259sind\u0259 ya\u015fayan, rayon sakini, 61 ya\u015fl\u0131 \u018fli \u018flizad\u0259 \u015f\u0259h\u0259rd\u0259 bir q\u0259d\u0259r g\u0259zdikd\u0259n sonra \u0259l-\u00fcz\u00fcn\u00fc yumaq m\u0259qs\u0259dil\u0259 K\u00fcr \u00e7ay\u0131n\u0131n sahilin\u0259 enib. K\u00f6yn\u0259yini \u00e7\u0131xar\u0131b \u00e7ayda \u0259l-\u00fcz\u00fcn\u00fc yumaq ist\u0259y\u0259n zaman q\u0259fil aya\u011f\u0131 s\u00fcr\u00fc\u015f\u00fcb v\u0259 \u00e7aya d\u00fc\u015f\u00fcb.<\/p>\n<p>Bo\u011fulmaq t\u0259hl\u00fck\u0259si qar\u015f\u0131s\u0131nda qalan \u018f.\u018flizad\u0259 \u00e7ay\u0131n sahilind\u0259 bitmi\u015f qam\u0131\u015flardan tutub v\u0259 &#8220;k\u00f6m\u0259k edin&#8221; dey\u0259r\u0259k adamlar\u0131 s\u0259sl\u0259yib.<\/p>\n<p>Bu zaman k\u00f6rp\u00fc il\u0259 Salyan rayonuna ged\u0259n Babaz\u0259nan sakini, 6 sayl\u0131 tam orta m\u0259kt\u0259bin yeddinci sinif \u015fagirdi R\u0259van Zaidov ona k\u00f6m\u0259k etm\u0259y\u0259 \u00e7al\u0131\u015f\u0131b. El\u0259c\u0259 d\u0259, K\u00fcr\u00fcn yax\u0131nl\u0131\u011f\u0131nda ya\u015fayan qay\u0131q\u00e7\u0131 Akif \u015eahbazov onun k\u00f6m\u0259yin\u0259 \u00e7at\u0131b.<\/p>\n<p>\u018f.\u018flizad\u0259 \u00e7ay\u0131n \u015eirvan tay\u0131nda sahil\u0259 \u00e7\u0131xar\u0131l\u0131b, v\u0259ziyy\u0259ti normal oldu\u011fu \u00fc\u00e7\u00fcn ya\u015fad\u0131\u011f\u0131 \u00fcnvana yola sal\u0131n\u0131b. (oxu.az)<\/p>\n<div class=\"embed-responsive embed-responsive-16by9\"><iframe loading=\"lazy\" id=\"nmqembedid\" class=\"embed-responsive-item\" title=\"video player\" src=\"https:\/\/izle.az\/embed\/qyyxLbMsiAhODHVKDvAEAA~~\" width=\"600\" height=\"340\" frameborder=\"0\" scrolling=\"no\" allowfullscreen=\"allowfullscreen\" data-mce-fragment=\"1\"><\/iframe><\/div>\n<div id=\"myrekopen\" class=\"bannerklass\">\n<div id=\"SC_TBlock_538956\" class=\"SC_TBlock\">\n<div><\/div>\n<\/div>\n<\/div>\n","protected":false},"excerpt":{"rendered":"<p>V\u0259ziyy\u0259ti normal oldu\u011fu \u00fc\u00e7\u00fcn ya\u015fad\u0131\u011f\u0131 \u00fcnvana yola sal\u0131n\u0131b Salyanda ya\u015fl\u0131 ki\u015fi K\u00fcr \u00e7ay\u0131na d\u00fc\u015f\u00fcb. Hadis\u0259 K\u00fcr\u00fcn Salyan-Babaz\u0259nan ya\u015fay\u0131\u015f massivini birl\u0259\u015fdir\u0259n \u00e7ay\u0131n \u00fcz\u0259rind\u0259 tikilmi\u015f k\u00f6rp\u00fcn\u00fcn yax\u0131nl\u0131\u011f\u0131nda ba\u015f verib. Bel\u0259 ki, Tale Davudzad\u0259 k\u00fc\u00e7\u0259sind\u0259 ya\u015fayan, rayon sakini, 61 ya\u015fl\u0131 \u018fli \u018flizad\u0259 \u015f\u0259h\u0259rd\u0259 bir q\u0259d\u0259r g\u0259zdikd\u0259n sonra \u0259l-\u00fcz\u00fcn\u00fc yumaq m\u0259qs\u0259dil\u0259 K\u00fcr \u00e7ay\u0131n\u0131n sahilin\u0259 enib. K\u00f6yn\u0259yini \u00e7\u0131xar\u0131b \u00e7ayda \u0259l-\u00fcz\u00fcn\u00fc yumaq ist\u0259y\u0259n zaman q\u0259fil aya\u011f\u0131 s\u00fcr\u00fc\u015f\u00fcb v\u0259 \u00e7aya d\u00fc\u015f\u00fcb. Bo\u011fulmaq t\u0259hl\u00fck\u0259si qar\u015f\u0131s\u0131nda qalan \u018f.\u018flizad\u0259 \u00e7ay\u0131n sahilind\u0259 bitmi\u015f qam\u0131\u015flardan tutub v\u0259 &#8220;k\u00f6m\u0259k edin&#8221; dey\u0259r\u0259k adamlar\u0131 s\u0259sl\u0259yib. Bu zaman k\u00f6rp\u00fc il\u0259 Salyan rayonuna ged\u0259n Babaz\u0259nan sakini, 6&hellip;<\/p>\n","protected":false},"author":2,"featured_media":81945,"comment_status":"closed","ping_status":"closed","sticky":false,"template":"","format":"standard","meta":{"om_disable_all_campaigns":false,"_monsterinsights_skip_tracking":false,"_monsterinsights_sitenote_active":false,"_monsterinsights_sitenote_note":"","_monsterinsights_sitenote_category":0},"categories":[1],"tags":[],"aioseo_notices":[],"gutentor_comment":0,"rttpg_featured_image_url":{"full":["https:\/\/arantv.az\/wp-content\/uploads\/2019\/09\/1569579167kur.jpg",549,309,false],"landscape":["https:\/\/arantv.az\/wp-content\/uploads\/2019\/09\/1569579167kur.jpg",549,309,false],"portraits":["https:\/\/arantv.az\/wp-content\/uploads\/2019\/09\/1569579167kur.jpg",549,309,false],"thumbnail":["https:\/\/arantv.az\/wp-content\/uploads\/2019\/09\/1569579167kur-150x150.jpg",150,150,true],"medium":["https:\/\/arantv.az\/wp-content\/uploads\/2019\/09\/1569579167kur-300x169.jpg",300,169,true],"large":["https:\/\/arantv.az\/wp-content\/uploads\/2019\/09\/1569579167kur.jpg",549,309,false],"1536x1536":["https:\/\/arantv.az\/wp-content\/uploads\/2019\/09\/1569579167kur.jpg",549,309,false],"2048x2048":["https:\/\/arantv.az\/wp-content\/uploads\/2019\/09\/1569579167kur.jpg",549,309,false],"post-thumbnail":["https:\/\/arantv.az\/wp-content\/uploads\/2019\/09\/1569579167kur-240x172.jpg",240,172,true],"advps-thumb-one":["https:\/\/arantv.az\/wp-content\/uploads\/2019\/09\/1569579167kur.jpg",549,309,false]},"rttpg_author":{"display_name":"V\u00fcsal Rafiqo\u011flu","author_link":"https:\/\/arantv.az\/?author=2"},"rttpg_comment":0,"rttpg_category":"<a href=\"https:\/\/arantv.az\/?cat=1\" rel=\"category\">C\u0259miyy\u0259t<\/a>","rttpg_excerpt":"V\u0259ziyy\u0259ti normal oldu\u011fu \u00fc\u00e7\u00fcn ya\u015fad\u0131\u011f\u0131 \u00fcnvana yola sal\u0131n\u0131b Salyanda ya\u015fl\u0131 ki\u015fi K\u00fcr \u00e7ay\u0131na d\u00fc\u015f\u00fcb. Hadis\u0259 K\u00fcr\u00fcn Salyan-Babaz\u0259nan ya\u015fay\u0131\u015f massivini birl\u0259\u015fdir\u0259n \u00e7ay\u0131n \u00fcz\u0259rind\u0259 tikilmi\u015f k\u00f6rp\u00fcn\u00fcn yax\u0131nl\u0131\u011f\u0131nda ba\u015f verib. Bel\u0259 ki, Tale Davudzad\u0259 k\u00fc\u00e7\u0259sind\u0259 ya\u015fayan, rayon sakini, 61 ya\u015fl\u0131 \u018fli \u018flizad\u0259 \u015f\u0259h\u0259rd\u0259 bir q\u0259d\u0259r g\u0259zdikd\u0259n sonra \u0259l-\u00fcz\u00fcn\u00fc yumaq m\u0259qs\u0259dil\u0259 K\u00fcr \u00e7ay\u0131n\u0131n sahilin\u0259 enib. K\u00f6yn\u0259yini \u00e7\u0131xar\u0131b \u00e7ayda \u0259l-\u00fcz\u00fcn\u00fc&hellip;","_links":{"self":[{"href":"https:\/\/arantv.az\/index.php?rest_route=\/wp\/v2\/posts\/81944"}],"collection":[{"href":"https:\/\/arantv.az\/index.php?rest_route=\/wp\/v2\/posts"}],"about":[{"href":"https:\/\/arantv.az\/index.php?rest_route=\/wp\/v2\/types\/post"}],"author":[{"embeddable":true,"href":"https:\/\/arantv.az\/index.php?rest_route=\/wp\/v2\/users\/2"}],"replies":[{"embeddable":true,"href":"https:\/\/arantv.az\/index.php?rest_route=%2Fwp%2Fv2%2Fcomments&post=81944"}],"version-history":[{"count":0,"href":"https:\/\/arantv.az\/index.php?rest_route=\/wp\/v2\/posts\/81944\/revisions"}],"wp:featuredmedia":[{"embeddable":true,"href":"https:\/\/arantv.az\/index.php?rest_route=\/wp\/v2\/media\/81945"}],"wp:attachment":[{"href":"https:\/\/arantv.az\/index.php?rest_route=%2Fwp%2Fv2%2Fmedia&parent=81944"}],"wp:term":[{"taxonomy":"category","embeddable":true,"href":"https:\/\/arantv.az\/index.php?rest_route=%2Fwp%2Fv2%2Fcategories&post=81944"},{"taxonomy":"post_tag","embeddable":true,"href":"https:\/\/arantv.az\/index.php?rest_route=%2Fwp%2Fv2%2Ftags&post=81944"}],"curies":[{"name":"wp","href":"https:\/\/api.w.org\/{rel}","templated":true}]}}