{"id":81988,"date":"2019-09-27T16:23:36","date_gmt":"2019-09-27T13:23:36","guid":{"rendered":"http:\/\/arantv.az\/?p=81988"},"modified":"2019-09-27T16:23:36","modified_gmt":"2019-09-27T13:23:36","slug":"sabranda-yol-tikintisin%c9%99-12-milyon-manat-ayrilib","status":"publish","type":"post","link":"https:\/\/arantv.az\/?p=81988","title":{"rendered":"\u015eabranda yol tikintisin\u0259 12 milyon manat ayr\u0131l\u0131b"},"content":{"rendered":"<p>Prezident \u0130lham \u018fliyev \u015eabran rayonunun Surra-D\u00fcz Bilici-Qor\u011fan-\u00c7inarlar avtomobil yolunun tikintisi il\u0259 ba\u011fl\u0131 t\u0259dbirl\u0259r haqq\u0131nda s\u0259r\u0259ncam imzalay\u0131b.<\/p>\n<p><strong>ARANTV.AZ<\/strong>\u00a0\u00a0<a href=\"https:\/\/azertag.az\/\" target=\"_blank\" rel=\"noopener\">AZ\u018fRTAC<\/a>-a istinad\u0259n x\u0259b\u0259r verir ki, s\u0259r\u0259ncamda qeyd edilir ki, 4 min n\u0259f\u0259r \u0259halinin ya\u015fad\u0131\u011f\u0131 9 ya\u015fay\u0131\u015f m\u0259nt\u0259q\u0259sini birl\u0259\u015fdir\u0259n Surra-D\u00fcz Bilici-Qor\u011fan-\u00c7inarlar avtomobil yolunun tikintisi m\u0259qs\u0259dil\u0259 Az\u0259rbaycan Respublikas\u0131n\u0131n 2019-cu il d\u00f6vl\u0259t b\u00fcdc\u0259sinin d\u00f6vl\u0259t \u0259sasl\u0131 v\u0259sait qoyulu\u015fu x\u0259rcl\u0259rinin b\u00f6lg\u00fcs\u00fcnd\u0259 avtomobil yollar\u0131n\u0131n tikintisi v\u0259 yenid\u0259n qurulmas\u0131 \u00fc\u00e7\u00fcn n\u0259z\u0259rd\u0259 tutulmu\u015f v\u0259saitin 12 milyon manat\u0131 Az\u0259rbaycan Avtomobil Yollar\u0131 D\u00f6vl\u0259t Agentliyin\u0259 ayr\u0131ls\u0131n.<\/p>\n<p>Maliyy\u0259 Nazirliyi bu S\u0259r\u0259ncam\u0131n 1-ci hiss\u0259sind\u0259 g\u00f6st\u0259ril\u0259n m\u0259bl\u0259\u011fd\u0259 maliyy\u0259l\u0259\u015fm\u0259ni t\u0259min ed\u0259c\u0259k.<\/p>\n<p>Nazirl\u0259r Kabinetin\u0259 tap\u015f\u0131r\u0131l\u0131r ki, bu S\u0259r\u0259ncamdan ir\u0259li g\u0259l\u0259n m\u0259s\u0259l\u0259l\u0259ri h\u0259ll etsin.<\/p>\n","protected":false},"excerpt":{"rendered":"<p>Prezident \u0130lham \u018fliyev \u015eabran rayonunun Surra-D\u00fcz Bilici-Qor\u011fan-\u00c7inarlar avtomobil yolunun tikintisi il\u0259 ba\u011fl\u0131 t\u0259dbirl\u0259r haqq\u0131nda s\u0259r\u0259ncam imzalay\u0131b. ARANTV.AZ\u00a0\u00a0AZ\u018fRTAC-a istinad\u0259n x\u0259b\u0259r verir ki, s\u0259r\u0259ncamda qeyd edilir ki, 4 min n\u0259f\u0259r \u0259halinin ya\u015fad\u0131\u011f\u0131 9 ya\u015fay\u0131\u015f m\u0259nt\u0259q\u0259sini birl\u0259\u015fdir\u0259n Surra-D\u00fcz Bilici-Qor\u011fan-\u00c7inarlar avtomobil yolunun tikintisi m\u0259qs\u0259dil\u0259 Az\u0259rbaycan Respublikas\u0131n\u0131n 2019-cu il d\u00f6vl\u0259t b\u00fcdc\u0259sinin d\u00f6vl\u0259t \u0259sasl\u0131 v\u0259sait qoyulu\u015fu x\u0259rcl\u0259rinin b\u00f6lg\u00fcs\u00fcnd\u0259 avtomobil yollar\u0131n\u0131n tikintisi v\u0259 yenid\u0259n qurulmas\u0131 \u00fc\u00e7\u00fcn n\u0259z\u0259rd\u0259 tutulmu\u015f v\u0259saitin 12 milyon manat\u0131 Az\u0259rbaycan Avtomobil Yollar\u0131 D\u00f6vl\u0259t Agentliyin\u0259 ayr\u0131ls\u0131n. Maliyy\u0259 Nazirliyi bu S\u0259r\u0259ncam\u0131n 1-ci hiss\u0259sind\u0259 g\u00f6st\u0259ril\u0259n m\u0259bl\u0259\u011fd\u0259 maliyy\u0259l\u0259\u015fm\u0259ni t\u0259min ed\u0259c\u0259k. Nazirl\u0259r Kabinetin\u0259 tap\u015f\u0131r\u0131l\u0131r ki, bu S\u0259r\u0259ncamdan ir\u0259li g\u0259l\u0259n&hellip;<\/p>\n","protected":false},"author":2,"featured_media":81989,"comment_status":"closed","ping_status":"closed","sticky":false,"template":"","format":"standard","meta":{"om_disable_all_campaigns":false,"_monsterinsights_skip_tracking":false,"_monsterinsights_sitenote_active":false,"_monsterinsights_sitenote_note":"","_monsterinsights_sitenote_category":0},"categories":[4],"tags":[],"aioseo_notices":[],"gutentor_comment":0,"rttpg_featured_image_url":{"full":["https:\/\/arantv.az\/wp-content\/uploads\/2019\/09\/2018_ilham_aliyev_01-1.jpg",1200,900,false],"landscape":["https:\/\/arantv.az\/wp-content\/uploads\/2019\/09\/2018_ilham_aliyev_01-1.jpg",1200,900,false],"portraits":["https:\/\/arantv.az\/wp-content\/uploads\/2019\/09\/2018_ilham_aliyev_01-1.jpg",1200,900,false],"thumbnail":["https:\/\/arantv.az\/wp-content\/uploads\/2019\/09\/2018_ilham_aliyev_01-1-150x150.jpg",150,150,true],"medium":["https:\/\/arantv.az\/wp-content\/uploads\/2019\/09\/2018_ilham_aliyev_01-1-300x225.jpg",300,225,true],"large":["https:\/\/arantv.az\/wp-content\/uploads\/2019\/09\/2018_ilham_aliyev_01-1-1024x768.jpg",640,480,true],"1536x1536":["https:\/\/arantv.az\/wp-content\/uploads\/2019\/09\/2018_ilham_aliyev_01-1.jpg",1200,900,false],"2048x2048":["https:\/\/arantv.az\/wp-content\/uploads\/2019\/09\/2018_ilham_aliyev_01-1.jpg",1200,900,false],"post-thumbnail":["https:\/\/arantv.az\/wp-content\/uploads\/2019\/09\/2018_ilham_aliyev_01-1-240x172.jpg",240,172,true],"advps-thumb-one":["https:\/\/arantv.az\/wp-content\/uploads\/2019\/09\/2018_ilham_aliyev_01-1-1200x620.jpg",1200,620,true]},"rttpg_author":{"display_name":"V\u00fcsal Rafiqo\u011flu","author_link":"https:\/\/arantv.az\/?author=2"},"rttpg_comment":0,"rttpg_category":"<a href=\"https:\/\/arantv.az\/?cat=4\" rel=\"category\">Siyas\u0259t<\/a>","rttpg_excerpt":"Prezident \u0130lham \u018fliyev \u015eabran rayonunun Surra-D\u00fcz Bilici-Qor\u011fan-\u00c7inarlar avtomobil yolunun tikintisi il\u0259 ba\u011fl\u0131 t\u0259dbirl\u0259r haqq\u0131nda s\u0259r\u0259ncam imzalay\u0131b. ARANTV.AZ\u00a0\u00a0AZ\u018fRTAC-a istinad\u0259n x\u0259b\u0259r verir ki, s\u0259r\u0259ncamda qeyd edilir ki, 4 min n\u0259f\u0259r \u0259halinin ya\u015fad\u0131\u011f\u0131 9 ya\u015fay\u0131\u015f m\u0259nt\u0259q\u0259sini birl\u0259\u015fdir\u0259n Surra-D\u00fcz Bilici-Qor\u011fan-\u00c7inarlar avtomobil yolunun tikintisi m\u0259qs\u0259dil\u0259 Az\u0259rbaycan Respublikas\u0131n\u0131n 2019-cu il d\u00f6vl\u0259t b\u00fcdc\u0259sinin d\u00f6vl\u0259t \u0259sasl\u0131 v\u0259sait qoyulu\u015fu x\u0259rcl\u0259rinin b\u00f6lg\u00fcs\u00fcnd\u0259 avtomobil yollar\u0131n\u0131n tikintisi&hellip;","_links":{"self":[{"href":"https:\/\/arantv.az\/index.php?rest_route=\/wp\/v2\/posts\/81988"}],"collection":[{"href":"https:\/\/arantv.az\/index.php?rest_route=\/wp\/v2\/posts"}],"about":[{"href":"https:\/\/arantv.az\/index.php?rest_route=\/wp\/v2\/types\/post"}],"author":[{"embeddable":true,"href":"https:\/\/arantv.az\/index.php?rest_route=\/wp\/v2\/users\/2"}],"replies":[{"embeddable":true,"href":"https:\/\/arantv.az\/index.php?rest_route=%2Fwp%2Fv2%2Fcomments&post=81988"}],"version-history":[{"count":0,"href":"https:\/\/arantv.az\/index.php?rest_route=\/wp\/v2\/posts\/81988\/revisions"}],"wp:featuredmedia":[{"embeddable":true,"href":"https:\/\/arantv.az\/index.php?rest_route=\/wp\/v2\/media\/81989"}],"wp:attachment":[{"href":"https:\/\/arantv.az\/index.php?rest_route=%2Fwp%2Fv2%2Fmedia&parent=81988"}],"wp:term":[{"taxonomy":"category","embeddable":true,"href":"https:\/\/arantv.az\/index.php?rest_route=%2Fwp%2Fv2%2Fcategories&post=81988"},{"taxonomy":"post_tag","embeddable":true,"href":"https:\/\/arantv.az\/index.php?rest_route=%2Fwp%2Fv2%2Ftags&post=81988"}],"curies":[{"name":"wp","href":"https:\/\/api.w.org\/{rel}","templated":true}]}}