{"id":81996,"date":"2019-09-27T16:25:11","date_gmt":"2019-09-27T13:25:11","guid":{"rendered":"http:\/\/arantv.az\/?p=81996"},"modified":"2019-09-27T16:25:11","modified_gmt":"2019-09-27T13:25:11","slug":"m%c9%99leyk%c9%99-abbaszad%c9%99-az%c9%99rbaycanda-ingilis-dili-mu%c9%99lliml%c9%99ri-il%c9%99-bagli-sovet-english-t%c9%99dris-sistemi-qalib","status":"publish","type":"post","link":"https:\/\/arantv.az\/?p=81996","title":{"rendered":"M\u0259leyk\u0259 Abbaszad\u0259 Az\u0259rbaycanda ingilis dili m\u00fc\u0259lliml\u0259ri il\u0259 ba\u011fl\u0131: &#8220;Sovet English&#8221; t\u0259dris sistemi qal\u0131b&#8221;"},"content":{"rendered":"<p>D\u00f6vl\u0259t \u0130mtahan M\u0259rk\u0259zinin Direktorlar \u015euras\u0131n\u0131n s\u0259dri M\u0259leyk\u0259 Abbaszad\u0259 Kolumbiya Universitetinin m\u00fc\u0259llimi, professor Amra Sabic-El-Rayessin Az\u0259rbaycan\u0131n ingilis dili m\u00fc\u0259lliml\u0259rinin d\u00f6rdd\u0259 bir hiss\u0259sinin ali t\u0259hsilinin olmamas\u0131, ali t\u0259hsili olan m\u00fc\u0259lliml\u0259rin bel\u0259 d\u0259rs dedikl\u0259ri f\u0259nn \u00fczr\u0259 \u00e7ox az kompetensiyalara malik olmas\u0131 il\u0259 ba\u011fl\u0131 fikirl\u0259rin\u0259 m\u00fcnasib\u0259t bildirib.<\/p>\n<p><strong>ARANTV.AZ<\/strong>\u00a0\u00a0<a href=\"https:\/\/az.trend.az\/\" target=\"_blank\" rel=\"noopener\">Trend<\/a>-\u0259 istinad\u0259n x\u0259b\u0259r verir ki, M.Abbaszad\u0259 qeyd edib ki, hans\u0131sa dili \u00f6yr\u0259nm\u0259k \u00fc\u00e7\u00fcn o dild\u0259 dan\u0131\u015fan insanlar\u0131n m\u00fchitind\u0259 ya\u015famaq, h\u0259min dild\u0259 olan \u0259d\u0259biyyatlar\u0131 m\u00fct\u0259madi oxumaq, televiziyada verili\u015fl\u0259r\u0259 baxmaq, o dili e\u015fidib, dan\u0131\u015fmaq laz\u0131md\u0131r. Amma sovet t\u0259hsil sistemind\u0259 bel\u0259 \u015f\u0259rait olmay\u0131b:<\/p>\n<p>&#8220;Sovet d\u00f6vr\u00fcnd\u0259 bizim m\u00fc\u0259lliml\u0259r ali t\u0259hsil alan zaman onlar\u0131n bu c\u00fcr kompetensiyalar \u0259ld\u0259 etm\u0259k imkan\u0131 olmay\u0131b. B\u0259lk\u0259 d\u0259 onlar\u0131n hans\u0131sa kompetensiyalar\u0131 var, onlar dilin qrammatikas\u0131n\u0131 bilirl\u0259r v\u0259 bel\u0259 t\u0259s\u0259vv\u00fcr edirl\u0259r ki, dili d\u0259 bilirl\u0259r. Ancaq onlar\u0131n real kompetensiyalar\u0131 beyn\u0259lxalq imtahanlarla yoxlan\u0131ld\u0131qda bacar\u0131qlar\u0131n\u0131n kifay\u0259t q\u0259d\u0259r olmad\u0131\u011f\u0131 m\u00fc\u0259yy\u0259n olunur. Bu da t\u0259l\u0259b edir ki, m\u00fc\u0259lliml\u0259r ilk n\u00f6vb\u0259d\u0259 t\u0259lim\u0259 c\u0259lb edilm\u0259lidirl\u0259r. Bu \u00e7ox vacibdir. Buna g\u00f6r\u0259 utanmaq laz\u0131m deyil. Bu, t\u0259kc\u0259 bizim \u00f6lk\u0259d\u0259 deyil. Biz\u0259 sovet t\u0259hsil sistemind\u0259n \u00e7ox \u015fey, o c\u00fcml\u0259d\u0259n &#8220;Sovet English&#8221; t\u0259dris sistemi qal\u0131b&#8221;.<\/p>\n<p>M.Abbaszad\u0259 \u0259lav\u0259 edib ki, art\u0131q h\u0259m orta, h\u0259m d\u0259 ali m\u0259kt\u0259bl\u0259rd\u0259 t\u0259lim prosesi m\u00fcasir ingilis dilinin t\u0259l\u0259bl\u0259rin\u0259 uy\u011fun qurulmal\u0131d\u0131r: &#8220;1990-c\u0131 ill\u0259rd\u0259 orta m\u0259kt\u0259bl\u0259rd\u0259 ingilis dilini \u0259n yax\u015f\u0131 bil\u0259n m\u00fc\u0259lliml\u0259r neft \u015firk\u0259tl\u0259rin\u0259 i\u015f\u0259 q\u0259bul olunublar v\u0259 t\u0259hsil sistemind\u0259n uzaqla\u015f\u0131blar. \u0130ndi d\u0259 xarici dili yax\u015f\u0131 bil\u0259n g\u0259nc \u00e7ox zaman m\u0259kt\u0259b\u0259 getmir v\u0259 \u00f6z\u00fc \u00fc\u00e7\u00fcn ba\u015fqa bir yerd\u0259 i\u015f tap\u0131r. Bu hal t\u0259kc\u0259 Az\u0259rbaycanda m\u00fc\u015fahid\u0259 edilmir. \u0130ngilis dilini bil\u0259nl\u0259r \u00fc\u00e7\u00fcn b\u00fct\u00fcn Avropan\u0131n \u0259m\u0259k bazar\u0131 a\u00e7\u0131qd\u0131r. Bizim \u00fc\u00e7\u00fcn vacibdir ki, ingilis dilini bilm\u0259k k\u00fctl\u0259vi olsun. Az\u0259rbaycan g\u0259ncl\u0259ri d\u00fcnya t\u0259hsil sistemin\u0259 inteqrasiya olmaq ist\u0259yirs\u0259, hans\u0131sa beyn\u0259lxalq dili y\u00fcks\u0259k s\u0259viyy\u0259d\u0259 bilm\u0259lidir. H\u0259r bir v\u0259t\u0259nda\u015f he\u00e7 olmasa, bir m\u00fcasir Avropa dilini yax\u015f\u0131 bilm\u0259lidir. Bu bizim g\u0259l\u0259c\u0259k \u00fc\u00e7\u00fcn m\u0259qs\u0259dimizdir. Hans\u0131sa g\u0259nc bunu ed\u0259 bilirs\u0259, ona i\u015f yeri tapmaq daha asan olur. Bununla yana\u015f\u0131, imtahanlarda olan t\u0259l\u0259bl\u0259r d\u0259 m\u00fcasir ingilis dilinin t\u0259l\u0259bl\u0259rin\u0259 uy\u011fun olmal\u0131d\u0131r. Biz\u0259 laz\u0131m deyil ki, \u015fagirdl\u0259r imtahan verdikd\u0259n sonra yenid\u0259n arxaik dild\u0259 dan\u0131\u015fs\u0131nlar&#8221;.<\/p>\n<div>\n<div id=\"AdviadNativeVideo0\" class=\"AdviadNativeVideo\"><\/div>\n<\/div>\n<p>Xat\u0131rladaq ki, Kolumbiya Universitetinin m\u00fc\u0259llimi, professor Amra Sabic-El-Rayess qeyd edil\u0259n fikirl\u0259rini T\u0259hsilin Qiym\u0259tl\u0259ndirilm\u0259si \u00fczr\u0259 Beyn\u0259lxalq Assosiasiyan\u0131n (IAEA: International Association for Educational Assesment) &#8220;Qiym\u0259tl\u0259ndirm\u0259 v\u0259 q\u0259rarverm\u0259: f\u0259rdi institusional h\u0259ll yollar\u0131&#8221; m\u00f6vzusunda 45-ci illik beyn\u0259lxalq konfransa (IAEA 2019) etdiyi m\u00fcraci\u0259td\u0259 a\u00e7\u0131qlay\u0131b. Bak\u0131da ke\u00e7iril\u0259n konfrans bu g\u00fcn \u00f6z i\u015fini yekunla\u015fd\u0131r\u0131b.<\/p>\n","protected":false},"excerpt":{"rendered":"<p>D\u00f6vl\u0259t \u0130mtahan M\u0259rk\u0259zinin Direktorlar \u015euras\u0131n\u0131n s\u0259dri M\u0259leyk\u0259 Abbaszad\u0259 Kolumbiya Universitetinin m\u00fc\u0259llimi, professor Amra Sabic-El-Rayessin Az\u0259rbaycan\u0131n ingilis dili m\u00fc\u0259lliml\u0259rinin d\u00f6rdd\u0259 bir hiss\u0259sinin ali t\u0259hsilinin olmamas\u0131, ali t\u0259hsili olan m\u00fc\u0259lliml\u0259rin bel\u0259 d\u0259rs dedikl\u0259ri f\u0259nn \u00fczr\u0259 \u00e7ox az kompetensiyalara malik olmas\u0131 il\u0259 ba\u011fl\u0131 fikirl\u0259rin\u0259 m\u00fcnasib\u0259t bildirib. ARANTV.AZ\u00a0\u00a0Trend-\u0259 istinad\u0259n x\u0259b\u0259r verir ki, M.Abbaszad\u0259 qeyd edib ki, hans\u0131sa dili \u00f6yr\u0259nm\u0259k \u00fc\u00e7\u00fcn o dild\u0259 dan\u0131\u015fan insanlar\u0131n m\u00fchitind\u0259 ya\u015famaq, h\u0259min dild\u0259 olan \u0259d\u0259biyyatlar\u0131 m\u00fct\u0259madi oxumaq, televiziyada verili\u015fl\u0259r\u0259 baxmaq, o dili e\u015fidib, dan\u0131\u015fmaq laz\u0131md\u0131r. Amma sovet t\u0259hsil sistemind\u0259 bel\u0259 \u015f\u0259rait olmay\u0131b: &#8220;Sovet d\u00f6vr\u00fcnd\u0259 bizim m\u00fc\u0259lliml\u0259r ali t\u0259hsil alan&hellip;<\/p>\n","protected":false},"author":2,"featured_media":81997,"comment_status":"closed","ping_status":"closed","sticky":false,"template":"","format":"standard","meta":{"om_disable_all_campaigns":false,"_monsterinsights_skip_tracking":false,"_monsterinsights_sitenote_active":false,"_monsterinsights_sitenote_note":"","_monsterinsights_sitenote_category":0},"categories":[1],"tags":[],"aioseo_notices":[],"gutentor_comment":0,"rttpg_featured_image_url":{"full":["https:\/\/arantv.az\/wp-content\/uploads\/2019\/09\/789752.jpg",1200,900,false],"landscape":["https:\/\/arantv.az\/wp-content\/uploads\/2019\/09\/789752.jpg",1200,900,false],"portraits":["https:\/\/arantv.az\/wp-content\/uploads\/2019\/09\/789752.jpg",1200,900,false],"thumbnail":["https:\/\/arantv.az\/wp-content\/uploads\/2019\/09\/789752-150x150.jpg",150,150,true],"medium":["https:\/\/arantv.az\/wp-content\/uploads\/2019\/09\/789752-300x225.jpg",300,225,true],"large":["https:\/\/arantv.az\/wp-content\/uploads\/2019\/09\/789752-1024x768.jpg",640,480,true],"1536x1536":["https:\/\/arantv.az\/wp-content\/uploads\/2019\/09\/789752.jpg",1200,900,false],"2048x2048":["https:\/\/arantv.az\/wp-content\/uploads\/2019\/09\/789752.jpg",1200,900,false],"post-thumbnail":["https:\/\/arantv.az\/wp-content\/uploads\/2019\/09\/789752-240x172.jpg",240,172,true],"advps-thumb-one":["https:\/\/arantv.az\/wp-content\/uploads\/2019\/09\/789752-1200x620.jpg",1200,620,true]},"rttpg_author":{"display_name":"V\u00fcsal Rafiqo\u011flu","author_link":"https:\/\/arantv.az\/?author=2"},"rttpg_comment":0,"rttpg_category":"<a href=\"https:\/\/arantv.az\/?cat=1\" rel=\"category\">C\u0259miyy\u0259t<\/a>","rttpg_excerpt":"D\u00f6vl\u0259t \u0130mtahan M\u0259rk\u0259zinin Direktorlar \u015euras\u0131n\u0131n s\u0259dri M\u0259leyk\u0259 Abbaszad\u0259 Kolumbiya Universitetinin m\u00fc\u0259llimi, professor Amra Sabic-El-Rayessin Az\u0259rbaycan\u0131n ingilis dili m\u00fc\u0259lliml\u0259rinin d\u00f6rdd\u0259 bir hiss\u0259sinin ali t\u0259hsilinin olmamas\u0131, ali t\u0259hsili olan m\u00fc\u0259lliml\u0259rin bel\u0259 d\u0259rs dedikl\u0259ri f\u0259nn \u00fczr\u0259 \u00e7ox az kompetensiyalara malik olmas\u0131 il\u0259 ba\u011fl\u0131 fikirl\u0259rin\u0259 m\u00fcnasib\u0259t bildirib. ARANTV.AZ\u00a0\u00a0Trend-\u0259 istinad\u0259n x\u0259b\u0259r verir ki, M.Abbaszad\u0259 qeyd edib ki, hans\u0131sa dili \u00f6yr\u0259nm\u0259k&hellip;","_links":{"self":[{"href":"https:\/\/arantv.az\/index.php?rest_route=\/wp\/v2\/posts\/81996"}],"collection":[{"href":"https:\/\/arantv.az\/index.php?rest_route=\/wp\/v2\/posts"}],"about":[{"href":"https:\/\/arantv.az\/index.php?rest_route=\/wp\/v2\/types\/post"}],"author":[{"embeddable":true,"href":"https:\/\/arantv.az\/index.php?rest_route=\/wp\/v2\/users\/2"}],"replies":[{"embeddable":true,"href":"https:\/\/arantv.az\/index.php?rest_route=%2Fwp%2Fv2%2Fcomments&post=81996"}],"version-history":[{"count":0,"href":"https:\/\/arantv.az\/index.php?rest_route=\/wp\/v2\/posts\/81996\/revisions"}],"wp:featuredmedia":[{"embeddable":true,"href":"https:\/\/arantv.az\/index.php?rest_route=\/wp\/v2\/media\/81997"}],"wp:attachment":[{"href":"https:\/\/arantv.az\/index.php?rest_route=%2Fwp%2Fv2%2Fmedia&parent=81996"}],"wp:term":[{"taxonomy":"category","embeddable":true,"href":"https:\/\/arantv.az\/index.php?rest_route=%2Fwp%2Fv2%2Fcategories&post=81996"},{"taxonomy":"post_tag","embeddable":true,"href":"https:\/\/arantv.az\/index.php?rest_route=%2Fwp%2Fv2%2Ftags&post=81996"}],"curies":[{"name":"wp","href":"https:\/\/api.w.org\/{rel}","templated":true}]}}