{"id":82000,"date":"2019-09-27T16:37:27","date_gmt":"2019-09-27T13:37:27","guid":{"rendered":"http:\/\/arantv.az\/?p=82000"},"modified":"2019-09-27T16:37:27","modified_gmt":"2019-09-27T13:37:27","slug":"putinin-%c9%99trafinda-bel%c9%99-adamlar-barmaqla-sayilacaq-q%c9%99d%c9%99r-azdir-peskov","status":"publish","type":"post","link":"https:\/\/arantv.az\/?p=82000","title":{"rendered":"Putinin \u0259traf\u0131nda bel\u0259 adamlar barmaqla say\u0131lacaq q\u0259d\u0259r azd\u0131r &#8211; Peskov"},"content":{"rendered":"<p>&#8220;Rusiya Prezidenti Vladimir Putin siqaret \u00e7\u0259km\u0259yi xo\u015flam\u0131r v\u0259 sa\u011flam h\u0259yat t\u0259rzinin t\u0259r\u0259fdar\u0131d\u0131r&#8221;.<\/p>\n<p><strong>ARANTV.AZ<\/strong>\u00a0<a href=\"https:\/\/az.trend.az\/\" target=\"_blank\" rel=\"noopener\">Trend<\/a>-\u0259 istinad\u0259n x\u0259b\u0259r verir ki, bunu V.Putinin m\u0259tbuat katibi Dmitri Peskov deyib.<\/p>\n<p>O \u0259lav\u0259 edib ki, Putinin \u0259traf\u0131nda siqaret \u00e7\u0259k\u0259nl\u0259rin say\u0131 bir \u0259lin barmaqlar\u0131ndan da azd\u0131r:<\/p>\n<p>&#8220;Prezident he\u00e7 vaxt siqaret \u00e7\u0259km\u0259yi alq\u0131\u015flamay\u0131b, o, sa\u011flam h\u0259yat t\u0259rzinin t\u0259r\u0259fdar\u0131d\u0131r. Prezidentin bu v\u0259 ya dig\u0259r formada i\u015fini t\u0259min ed\u0259n \u0259m\u0259kda\u015flar, onun \u0259traf\u0131nda i\u015fl\u0259y\u0259nl\u0259rin dem\u0259k olar ki, he\u00e7 biri siqaret \u00e7\u0259kmir&#8221;.<\/p>\n","protected":false},"excerpt":{"rendered":"<p>&#8220;Rusiya Prezidenti Vladimir Putin siqaret \u00e7\u0259km\u0259yi xo\u015flam\u0131r v\u0259 sa\u011flam h\u0259yat t\u0259rzinin t\u0259r\u0259fdar\u0131d\u0131r&#8221;. ARANTV.AZ\u00a0Trend-\u0259 istinad\u0259n x\u0259b\u0259r verir ki, bunu V.Putinin m\u0259tbuat katibi Dmitri Peskov deyib. O \u0259lav\u0259 edib ki, Putinin \u0259traf\u0131nda siqaret \u00e7\u0259k\u0259nl\u0259rin say\u0131 bir \u0259lin barmaqlar\u0131ndan da azd\u0131r: &#8220;Prezident he\u00e7 vaxt siqaret \u00e7\u0259km\u0259yi alq\u0131\u015flamay\u0131b, o, sa\u011flam h\u0259yat t\u0259rzinin t\u0259r\u0259fdar\u0131d\u0131r. Prezidentin bu v\u0259 ya dig\u0259r formada i\u015fini t\u0259min ed\u0259n \u0259m\u0259kda\u015flar, onun \u0259traf\u0131nda i\u015fl\u0259y\u0259nl\u0259rin dem\u0259k olar ki, he\u00e7 biri siqaret \u00e7\u0259kmir&#8221;.<\/p>\n","protected":false},"author":2,"featured_media":82001,"comment_status":"closed","ping_status":"closed","sticky":false,"template":"","format":"standard","meta":{"om_disable_all_campaigns":false,"_monsterinsights_skip_tracking":false,"_monsterinsights_sitenote_active":false,"_monsterinsights_sitenote_note":"","_monsterinsights_sitenote_category":0},"categories":[7],"tags":[],"aioseo_notices":[],"gutentor_comment":0,"rttpg_featured_image_url":{"full":["https:\/\/arantv.az\/wp-content\/uploads\/2019\/09\/vladimir_putin00.jpg",482,361,false],"landscape":["https:\/\/arantv.az\/wp-content\/uploads\/2019\/09\/vladimir_putin00.jpg",482,361,false],"portraits":["https:\/\/arantv.az\/wp-content\/uploads\/2019\/09\/vladimir_putin00.jpg",482,361,false],"thumbnail":["https:\/\/arantv.az\/wp-content\/uploads\/2019\/09\/vladimir_putin00-150x150.jpg",150,150,true],"medium":["https:\/\/arantv.az\/wp-content\/uploads\/2019\/09\/vladimir_putin00-300x225.jpg",300,225,true],"large":["https:\/\/arantv.az\/wp-content\/uploads\/2019\/09\/vladimir_putin00.jpg",482,361,false],"1536x1536":["https:\/\/arantv.az\/wp-content\/uploads\/2019\/09\/vladimir_putin00.jpg",482,361,false],"2048x2048":["https:\/\/arantv.az\/wp-content\/uploads\/2019\/09\/vladimir_putin00.jpg",482,361,false],"post-thumbnail":["https:\/\/arantv.az\/wp-content\/uploads\/2019\/09\/vladimir_putin00-240x172.jpg",240,172,true],"advps-thumb-one":["https:\/\/arantv.az\/wp-content\/uploads\/2019\/09\/vladimir_putin00.jpg",482,361,false]},"rttpg_author":{"display_name":"V\u00fcsal Rafiqo\u011flu","author_link":"https:\/\/arantv.az\/?author=2"},"rttpg_comment":0,"rttpg_category":"<a href=\"https:\/\/arantv.az\/?cat=7\" rel=\"category\">D\u00fcnya<\/a>","rttpg_excerpt":"&#8220;Rusiya Prezidenti Vladimir Putin siqaret \u00e7\u0259km\u0259yi xo\u015flam\u0131r v\u0259 sa\u011flam h\u0259yat t\u0259rzinin t\u0259r\u0259fdar\u0131d\u0131r&#8221;. ARANTV.AZ\u00a0Trend-\u0259 istinad\u0259n x\u0259b\u0259r verir ki, bunu V.Putinin m\u0259tbuat katibi Dmitri Peskov deyib. O \u0259lav\u0259 edib ki, Putinin \u0259traf\u0131nda siqaret \u00e7\u0259k\u0259nl\u0259rin say\u0131 bir \u0259lin barmaqlar\u0131ndan da azd\u0131r: &#8220;Prezident he\u00e7 vaxt siqaret \u00e7\u0259km\u0259yi alq\u0131\u015flamay\u0131b, o, sa\u011flam h\u0259yat t\u0259rzinin t\u0259r\u0259fdar\u0131d\u0131r. Prezidentin bu v\u0259 ya dig\u0259r formada&hellip;","_links":{"self":[{"href":"https:\/\/arantv.az\/index.php?rest_route=\/wp\/v2\/posts\/82000"}],"collection":[{"href":"https:\/\/arantv.az\/index.php?rest_route=\/wp\/v2\/posts"}],"about":[{"href":"https:\/\/arantv.az\/index.php?rest_route=\/wp\/v2\/types\/post"}],"author":[{"embeddable":true,"href":"https:\/\/arantv.az\/index.php?rest_route=\/wp\/v2\/users\/2"}],"replies":[{"embeddable":true,"href":"https:\/\/arantv.az\/index.php?rest_route=%2Fwp%2Fv2%2Fcomments&post=82000"}],"version-history":[{"count":0,"href":"https:\/\/arantv.az\/index.php?rest_route=\/wp\/v2\/posts\/82000\/revisions"}],"wp:featuredmedia":[{"embeddable":true,"href":"https:\/\/arantv.az\/index.php?rest_route=\/wp\/v2\/media\/82001"}],"wp:attachment":[{"href":"https:\/\/arantv.az\/index.php?rest_route=%2Fwp%2Fv2%2Fmedia&parent=82000"}],"wp:term":[{"taxonomy":"category","embeddable":true,"href":"https:\/\/arantv.az\/index.php?rest_route=%2Fwp%2Fv2%2Fcategories&post=82000"},{"taxonomy":"post_tag","embeddable":true,"href":"https:\/\/arantv.az\/index.php?rest_route=%2Fwp%2Fv2%2Ftags&post=82000"}],"curies":[{"name":"wp","href":"https:\/\/api.w.org\/{rel}","templated":true}]}}