{"id":82013,"date":"2019-09-28T07:53:19","date_gmt":"2019-09-28T04:53:19","guid":{"rendered":"http:\/\/arantv.az\/?p=82013"},"modified":"2019-09-28T07:53:19","modified_gmt":"2019-09-28T04:53:19","slug":"leyla-%c9%99liyeva-s%c9%99rgid%c9%99-fotolar","status":"publish","type":"post","link":"https:\/\/arantv.az\/?p=82013","title":{"rendered":"Leyla \u018fliyeva s\u0259rgid\u0259 &#8211; Fotolar"},"content":{"rendered":"<div id=\"xeber_yazi\">\n<p><strong>Sentyabr\u0131n 27-d\u0259 M.F.Axundzad\u0259 ad\u0131na Az\u0259rbaycan Milli Kitabxanas\u0131nda \u201cN\u0259simi \u018flyazmalar\u0131 d\u00fcnya kitabxanalar\u0131nda\u201d adl\u0131 kitab s\u0259rgisinin a\u00e7\u0131l\u0131\u015f m\u0259rasimi olub.<\/strong><\/p>\n<div id=\"AdviadNativeVideo0\" class=\"AdviadNativeVideo\"><\/div>\n<p><strong>ARANTV.AZ<\/strong>\u00a0 x\u0259b\u0259r verir ki, \u201cM\u0259d\u0259ni s\u0259rv\u0259tl\u0259rimizin v\u0259t\u0259n\u0259 qay\u0131d\u0131\u015f\u0131\u201d layih\u0259si \u00e7\u0259r\u00e7iv\u0259sind\u0259 t\u0259\u015fkil olunan s\u0259rgi Bak\u0131 VI Beyn\u0259lxalq Kitab S\u0259rgi-Yarmarkas\u0131 \u00e7\u0259r\u00e7iv\u0259sind\u0259 realla\u015f\u0131b.<\/p>\n<p>S\u0259rginin a\u00e7\u0131l\u0131\u015f m\u0259rasimind\u0259 Heyd\u0259r \u018fliyev Fondunun vitse-prezidenti Leyla \u018fliyeva da i\u015ftirak edib.<\/p>\n<p>M\u0259d\u0259niyy\u0259t naziri \u018fb\u00fclf\u0259s Qarayev t\u0259dbird\u0259 \u00e7\u0131x\u0131\u015f ed\u0259r\u0259k s\u0259rgi haqq\u0131nda \u0259trafl\u0131 m\u0259lumat verib. Bildirib ki, s\u0259rgid\u0259 \u015e\u0259rqin b\u00f6y\u00fck m\u00fct\u0259f\u0259kkiri \u0130mad\u0259ddin N\u0259siminin yarad\u0131c\u0131l\u0131\u011f\u0131na h\u0259sr olunmu\u015f \u0259lyazmalar\u0131n sur\u0259tl\u0259ri yer al\u0131r. Bu kitablar d\u00fcnyan\u0131n m\u00fcxt\u0259lif apar\u0131c\u0131 kitabxanalar\u0131ndan \u0259ld\u0259 olunaraq Milli Kitabxanan\u0131n arsenal\u0131na daxil edilib. S\u0259rgi \u00f6lk\u0259mizd\u0259 VI d\u0259f\u0259 t\u0259\u015fkil edil\u0259n kitab s\u0259rgi-yarmarkas\u0131 \u00e7\u0259r\u00e7iv\u0259sind\u0259 a\u00e7\u0131l\u0131b. Bu g\u00fcn kitab v\u0259 kitabxana i\u015fin\u0259 \u00f6lk\u0259mizd\u0259 laz\u0131mi s\u0259viyy\u0259d\u0259 d\u00f6vl\u0259t t\u0259r\u0259find\u0259n diqq\u0259t g\u00f6st\u0259rilir. Az\u0259rbaycanda bel\u0259 s\u0259rgi-yarmarkalar\u0131n ke\u00e7irilm\u0259si art\u0131q \u0259n\u0259n\u0259 hal\u0131n\u0131 al\u0131b.<\/p>\n<p>Nazir vur\u011fulay\u0131b ki, \u0130mad\u0259ddin N\u0259siminin anadan olmas\u0131n\u0131n 650 illiyi Prezident \u0130lham \u018fliyevin m\u00fcvafiq S\u0259r\u0259ncam\u0131 il\u0259 \u00f6lk\u0259mizd\u0259 m\u00fcxt\u0259lif t\u0259dbirl\u0259rl\u0259 qeyd olunur. H\u0259m\u00e7inin d\u00f6vl\u0259t ba\u015f\u00e7\u0131s\u0131n\u0131n daha bir S\u0259r\u0259ncam\u0131 il\u0259 2019-cu il \u00f6lk\u0259mizd\u0259 \u201cN\u0259simi ili\u201d elan edilib. Prezidentin \u0130mad\u0259ddin N\u0259siminin yubileyinin ke\u00e7irilm\u0259si haqq\u0131nda S\u0259r\u0259ncam\u0131n\u0131n icras\u0131n\u0131 t\u0259min etm\u0259k m\u0259qs\u0259dil\u0259 M\u0259d\u0259niyy\u0259t Nazirliyinin \u0259mri il\u0259 t\u0259dbirl\u0259r plan\u0131 haz\u0131rlan\u0131b. G\u00f6rk\u0259mli \u015fairin 650 illik yubileyi \u00f6nc\u0259si, \u00f6t\u0259n il \u0259d\u0259bi-m\u0259d\u0259ni m\u00fchitd\u0259 geni\u015f rezonans do\u011furan \u0259h\u0259miyy\u0259tli bir layih\u0259 &#8211; Heyd\u0259r \u018fliyev Fondunun vitse-prezidenti Leyla \u018fliyevan\u0131n t\u0259\u015f\u0259bb\u00fcs\u00fc il\u0259 Az\u0259rbaycanda ilk d\u0259f\u0259 olaraq N\u0259simi \u2013 \u015feir, s\u0259n\u0259t v\u0259 m\u0259n\u0259viyyat festival\u0131 ke\u00e7irilib. Bir g\u00fcn sonra t\u0259\u015fkil edil\u0259c\u0259k n\u00f6vb\u0259ti eyniadl\u0131 festival yubiley ilinin \u0259n yaddaqalan t\u0259dbirl\u0259rind\u0259n olacaq. Buna g\u00f6r\u0259 d\u0259 \u201cN\u0259simi \u018flyazmalar\u0131 d\u00fcnya kitabxanalar\u0131nda\u201d s\u0259rgisi M\u0259d\u0259niyy\u0259t Nazirliyinin ikinci d\u0259f\u0259 ke\u00e7iril\u0259c\u0259k \u201cN\u0259simi &#8211; \u015feir, inc\u0259s\u0259n\u0259t v\u0259 m\u0259n\u0259viyyat\u201d beyn\u0259lxalq festival\u0131na h\u0259diyy\u0259sidir.<\/p>\n<p>Nazir Heyd\u0259r \u018fliyev Fondunun vitse-prezidenti Leyla \u018fliyevan\u0131n \u00f6lk\u0259nin \u0259n b\u00f6y\u00fck kitabxanas\u0131na g\u0259li\u015fini Fond t\u0259r\u0259find\u0259n kitaba, m\u00fctali\u0259y\u0259 v\u0259 oxu m\u0259d\u0259niyy\u0259tin\u0259 g\u00f6st\u0259ril\u0259n diqq\u0259tin g\u00f6st\u0259ricisi kimi qiym\u0259tl\u0259ndirib.<\/p>\n<p>Milli Kitabxanan\u0131n direktoru K\u0259rim Tahirov kitabxana bar\u0259d\u0259 m\u0259lumatlar\u0131n, \u00fc\u00e7 dild\u0259 \u00e7ap olunmu\u015f, ana haqq\u0131nda \u015feirl\u0259rin yer ald\u0131\u011f\u0131 kitablar\u0131 Leyla \u018fliyevaya t\u0259qdim edib.<\/p>\n<p>Sonra qonaqlar s\u0259rgi il\u0259 tan\u0131\u015f olublar.<\/p>\n<p>H\u0259m\u00e7inin Leyla \u018fliyevan\u0131n i\u015ftirak\u0131 il\u0259 Milli Kitabxanada beyn\u0259lxalq \u0259m\u0259kda\u015fl\u0131q zal\u0131n\u0131n da a\u00e7\u0131l\u0131\u015f\u0131 olub.<\/p>\n<p>A\u00e7\u0131l\u0131\u015fda 13 \u00f6lk\u0259nin Az\u0259rbaycandak\u0131 diplomatik n\u00fcmay\u0259nd\u0259l\u0259rinin v\u0259 kitabxanalar\u0131n r\u0259hb\u0259rl\u0259ri d\u0259 i\u015ftirak edibl\u0259r. M\u0259lumat verilib ki, bu zalda h\u0259min \u00f6lk\u0259l\u0259rin \u0259d\u0259biyyat gu\u015f\u0259l\u0259ri v\u0259 kitabxanalar\u0131 il\u0259 birba\u015fa internet \u0259laq\u0259si yaradaraq faydalanmaq m\u00fcmk\u00fcnd\u00fcr.<\/p>\n<p>Qonaqlar Milli Kitabxanan\u0131n oxu zallar\u0131 il\u0259 tan\u0131\u015f olublar.<\/p>\n<\/div>\n<div class=\"site-left-rub-bosluq_orta\"><\/div>\n<p><a href=\"https:\/\/axsam.az\/showpic_el100.jpg?yol=YstptjX9FMMQJJSHohonW7z7EVxRIgiDNSqQJspP%2BczbU1OSSAqOYb4Jk14oUheqiJ7Jl6oRCpcMFWZlyQJR9A%3D%3D\" target=\"_blank\" rel=\"noopener\"><img src=\"https:\/\/axsam.az\/showpic_el100.jpg?yol=YstptjX9FMMQJJSHohonW7z7EVxRIgiDNSqQJspP%2BczbU1OSSAqOYb4Jk14oUheqiJ7Jl6oRCpcMFWZlyQJR9A%3D%3D\" border=\"0\" \/><\/a><\/p>\n<div><\/div>\n<p><a href=\"https:\/\/axsam.az\/showpic_el100.jpg?yol=UWWqmmi3yY%2BETvJDv7Y%2Ba9GiL4O0ZYFfEdJ2ul%2B5HS2E2mjTnymMVFmQAGnvKOWT8qKLFwBirdI1BwQ8US1RIA%3D%3D\" target=\"_blank\" rel=\"noopener\"><img src=\"https:\/\/axsam.az\/showpic_el100.jpg?yol=UWWqmmi3yY%2BETvJDv7Y%2Ba9GiL4O0ZYFfEdJ2ul%2B5HS2E2mjTnymMVFmQAGnvKOWT8qKLFwBirdI1BwQ8US1RIA%3D%3D\" border=\"0\" \/><\/a><\/p>\n<div><\/div>\n<p><a href=\"https:\/\/axsam.az\/showpic_el100.jpg?yol=ovYUqweJcTMURGYAWgOOd010sQxAfSLaByAaAkeA1RzITh82JjUl%2FIjdFWx7HGffSiEmNqJb5%2F7m8ADwGAhNmQ%3D%3D\" target=\"_blank\" rel=\"noopener\"><img src=\"https:\/\/axsam.az\/showpic_el100.jpg?yol=ovYUqweJcTMURGYAWgOOd010sQxAfSLaByAaAkeA1RzITh82JjUl%2FIjdFWx7HGffSiEmNqJb5%2F7m8ADwGAhNmQ%3D%3D\" border=\"0\" \/><\/a><\/p>\n<div><\/div>\n<p><a href=\"https:\/\/axsam.az\/showpic_el100.jpg?yol=mtJaJb9A72vujUkTEMkjnewxbiSR7Tsamwm0kU4vMJknYON3sGHlukgIkrzkhweAEgggn7HYnylyZe2nUjd6%2FQ%3D%3D\" target=\"_blank\" rel=\"noopener\"><img src=\"https:\/\/axsam.az\/showpic_el100.jpg?yol=mtJaJb9A72vujUkTEMkjnewxbiSR7Tsamwm0kU4vMJknYON3sGHlukgIkrzkhweAEgggn7HYnylyZe2nUjd6%2FQ%3D%3D\" border=\"0\" \/><\/a><\/p>\n<div><\/div>\n<p><a href=\"https:\/\/axsam.az\/showpic_el100.jpg?yol=rk%2F615oPBsaOdhlEmHZT%2BvCwHZsnr3ovrkEsrvFAvNmu4jqzN3A%2BO%2Bx75FgDmb2Oy%2B7H%2FPHodDeYv%2BP1CiSdMg%3D%3D\" target=\"_blank\" rel=\"noopener\"><img src=\"https:\/\/axsam.az\/showpic_el100.jpg?yol=rk%2F615oPBsaOdhlEmHZT%2BvCwHZsnr3ovrkEsrvFAvNmu4jqzN3A%2BO%2Bx75FgDmb2Oy%2B7H%2FPHodDeYv%2BP1CiSdMg%3D%3D\" border=\"0\" \/><\/a><\/p>\n<div><\/div>\n<p><a href=\"https:\/\/axsam.az\/showpic_el100.jpg?yol=erMZIbPHpmSTCY5%2B45NzFlJtTRDlFh4M6cXYTAbguMgbCwdJWGbRnT3AgspiVdl%2BjxLPH3vbStvF5GQ%2FlVAmNA%3D%3D\" target=\"_blank\" rel=\"noopener\"><img src=\"https:\/\/axsam.az\/showpic_el100.jpg?yol=erMZIbPHpmSTCY5%2B45NzFlJtTRDlFh4M6cXYTAbguMgbCwdJWGbRnT3AgspiVdl%2BjxLPH3vbStvF5GQ%2FlVAmNA%3D%3D\" border=\"0\" \/><\/a><\/p>\n<div><\/div>\n<p><a href=\"https:\/\/axsam.az\/showpic_el100.jpg?yol=PBzWiojNzyRr8CsjxwX%2F%2BgxhN8F4emYrs94bRfQzJjyqE%2FHlyF6%2BHE%2Fe3MBu%2BgPm4fiKVzJ7%2B0Nim7tDfcrxVA%3D%3D\" target=\"_blank\" rel=\"noopener\"><img src=\"https:\/\/axsam.az\/showpic_el100.jpg?yol=PBzWiojNzyRr8CsjxwX%2F%2BgxhN8F4emYrs94bRfQzJjyqE%2FHlyF6%2BHE%2Fe3MBu%2BgPm4fiKVzJ7%2B0Nim7tDfcrxVA%3D%3D\" border=\"0\" \/><\/a><\/p>\n<div><\/div>\n<p><a href=\"https:\/\/axsam.az\/showpic_el100.jpg?yol=boCg%2BPOjyoV%2FpmDK2%2FWm3XpWw7H%2B4cLelEnbhSlmdq81Z1tK%2Fiaxz%2FjfV4dekMDYjohJmGYPBgxU%2F3JOcCiZfQ%3D%3D\" target=\"_blank\" rel=\"noopener\"><img src=\"https:\/\/axsam.az\/showpic_el100.jpg?yol=boCg%2BPOjyoV%2FpmDK2%2FWm3XpWw7H%2B4cLelEnbhSlmdq81Z1tK%2Fiaxz%2FjfV4dekMDYjohJmGYPBgxU%2F3JOcCiZfQ%3D%3D\" border=\"0\" \/><\/a><\/p>\n","protected":false},"excerpt":{"rendered":"<p>Sentyabr\u0131n 27-d\u0259 M.F.Axundzad\u0259 ad\u0131na Az\u0259rbaycan Milli Kitabxanas\u0131nda \u201cN\u0259simi \u018flyazmalar\u0131 d\u00fcnya kitabxanalar\u0131nda\u201d adl\u0131 kitab s\u0259rgisinin a\u00e7\u0131l\u0131\u015f m\u0259rasimi olub. ARANTV.AZ\u00a0 x\u0259b\u0259r verir ki, \u201cM\u0259d\u0259ni s\u0259rv\u0259tl\u0259rimizin v\u0259t\u0259n\u0259 qay\u0131d\u0131\u015f\u0131\u201d layih\u0259si \u00e7\u0259r\u00e7iv\u0259sind\u0259 t\u0259\u015fkil olunan s\u0259rgi Bak\u0131 VI Beyn\u0259lxalq Kitab S\u0259rgi-Yarmarkas\u0131 \u00e7\u0259r\u00e7iv\u0259sind\u0259 realla\u015f\u0131b. S\u0259rginin a\u00e7\u0131l\u0131\u015f m\u0259rasimind\u0259 Heyd\u0259r \u018fliyev Fondunun vitse-prezidenti Leyla \u018fliyeva da i\u015ftirak edib. M\u0259d\u0259niyy\u0259t naziri \u018fb\u00fclf\u0259s Qarayev t\u0259dbird\u0259 \u00e7\u0131x\u0131\u015f ed\u0259r\u0259k s\u0259rgi haqq\u0131nda \u0259trafl\u0131 m\u0259lumat verib. Bildirib ki, s\u0259rgid\u0259 \u015e\u0259rqin b\u00f6y\u00fck m\u00fct\u0259f\u0259kkiri \u0130mad\u0259ddin N\u0259siminin yarad\u0131c\u0131l\u0131\u011f\u0131na h\u0259sr olunmu\u015f \u0259lyazmalar\u0131n sur\u0259tl\u0259ri yer al\u0131r. Bu kitablar d\u00fcnyan\u0131n m\u00fcxt\u0259lif apar\u0131c\u0131 kitabxanalar\u0131ndan \u0259ld\u0259 olunaraq Milli Kitabxanan\u0131n arsenal\u0131na daxil edilib. S\u0259rgi&hellip;<\/p>\n","protected":false},"author":2,"featured_media":82014,"comment_status":"closed","ping_status":"closed","sticky":false,"template":"","format":"standard","meta":{"om_disable_all_campaigns":false,"_monsterinsights_skip_tracking":false,"_monsterinsights_sitenote_active":false,"_monsterinsights_sitenote_note":"","_monsterinsights_sitenote_category":0},"categories":[4],"tags":[],"aioseo_notices":[],"gutentor_comment":0,"rttpg_featured_image_url":{"full":["https:\/\/arantv.az\/wp-content\/uploads\/2019\/09\/184794_y6c36mo9e1.jpg",1000,664,false],"landscape":["https:\/\/arantv.az\/wp-content\/uploads\/2019\/09\/184794_y6c36mo9e1.jpg",1000,664,false],"portraits":["https:\/\/arantv.az\/wp-content\/uploads\/2019\/09\/184794_y6c36mo9e1.jpg",1000,664,false],"thumbnail":["https:\/\/arantv.az\/wp-content\/uploads\/2019\/09\/184794_y6c36mo9e1-150x150.jpg",150,150,true],"medium":["https:\/\/arantv.az\/wp-content\/uploads\/2019\/09\/184794_y6c36mo9e1-300x199.jpg",300,199,true],"large":["https:\/\/arantv.az\/wp-content\/uploads\/2019\/09\/184794_y6c36mo9e1.jpg",640,425,false],"1536x1536":["https:\/\/arantv.az\/wp-content\/uploads\/2019\/09\/184794_y6c36mo9e1.jpg",1000,664,false],"2048x2048":["https:\/\/arantv.az\/wp-content\/uploads\/2019\/09\/184794_y6c36mo9e1.jpg",1000,664,false],"post-thumbnail":["https:\/\/arantv.az\/wp-content\/uploads\/2019\/09\/184794_y6c36mo9e1-240x172.jpg",240,172,true],"advps-thumb-one":["https:\/\/arantv.az\/wp-content\/uploads\/2019\/09\/184794_y6c36mo9e1-1000x620.jpg",1000,620,true]},"rttpg_author":{"display_name":"V\u00fcsal Rafiqo\u011flu","author_link":"https:\/\/arantv.az\/?author=2"},"rttpg_comment":0,"rttpg_category":"<a href=\"https:\/\/arantv.az\/?cat=4\" rel=\"category\">Siyas\u0259t<\/a>","rttpg_excerpt":"Sentyabr\u0131n 27-d\u0259 M.F.Axundzad\u0259 ad\u0131na Az\u0259rbaycan Milli Kitabxanas\u0131nda \u201cN\u0259simi \u018flyazmalar\u0131 d\u00fcnya kitabxanalar\u0131nda\u201d adl\u0131 kitab s\u0259rgisinin a\u00e7\u0131l\u0131\u015f m\u0259rasimi olub. ARANTV.AZ\u00a0 x\u0259b\u0259r verir ki, \u201cM\u0259d\u0259ni s\u0259rv\u0259tl\u0259rimizin v\u0259t\u0259n\u0259 qay\u0131d\u0131\u015f\u0131\u201d layih\u0259si \u00e7\u0259r\u00e7iv\u0259sind\u0259 t\u0259\u015fkil olunan s\u0259rgi Bak\u0131 VI Beyn\u0259lxalq Kitab S\u0259rgi-Yarmarkas\u0131 \u00e7\u0259r\u00e7iv\u0259sind\u0259 realla\u015f\u0131b. S\u0259rginin a\u00e7\u0131l\u0131\u015f m\u0259rasimind\u0259 Heyd\u0259r \u018fliyev Fondunun vitse-prezidenti Leyla \u018fliyeva da i\u015ftirak edib. M\u0259d\u0259niyy\u0259t naziri \u018fb\u00fclf\u0259s Qarayev t\u0259dbird\u0259 \u00e7\u0131x\u0131\u015f&hellip;","_links":{"self":[{"href":"https:\/\/arantv.az\/index.php?rest_route=\/wp\/v2\/posts\/82013"}],"collection":[{"href":"https:\/\/arantv.az\/index.php?rest_route=\/wp\/v2\/posts"}],"about":[{"href":"https:\/\/arantv.az\/index.php?rest_route=\/wp\/v2\/types\/post"}],"author":[{"embeddable":true,"href":"https:\/\/arantv.az\/index.php?rest_route=\/wp\/v2\/users\/2"}],"replies":[{"embeddable":true,"href":"https:\/\/arantv.az\/index.php?rest_route=%2Fwp%2Fv2%2Fcomments&post=82013"}],"version-history":[{"count":0,"href":"https:\/\/arantv.az\/index.php?rest_route=\/wp\/v2\/posts\/82013\/revisions"}],"wp:featuredmedia":[{"embeddable":true,"href":"https:\/\/arantv.az\/index.php?rest_route=\/wp\/v2\/media\/82014"}],"wp:attachment":[{"href":"https:\/\/arantv.az\/index.php?rest_route=%2Fwp%2Fv2%2Fmedia&parent=82013"}],"wp:term":[{"taxonomy":"category","embeddable":true,"href":"https:\/\/arantv.az\/index.php?rest_route=%2Fwp%2Fv2%2Fcategories&post=82013"},{"taxonomy":"post_tag","embeddable":true,"href":"https:\/\/arantv.az\/index.php?rest_route=%2Fwp%2Fv2%2Ftags&post=82013"}],"curies":[{"name":"wp","href":"https:\/\/api.w.org\/{rel}","templated":true}]}}