{"id":820200,"date":"2025-08-11T17:37:31","date_gmt":"2025-08-11T13:37:31","guid":{"rendered":"https:\/\/arantv.az\/?p=820200"},"modified":"2025-08-11T17:37:31","modified_gmt":"2025-08-11T13:37:31","slug":"t%c9%99cili-itkin-dusmus-s%c9%99xsl%c9%99rl%c9%99-bagli-gorul%c9%99c%c9%99k-t%c9%99dbirl%c9%99r","status":"publish","type":"post","link":"https:\/\/arantv.az\/?p=820200","title":{"rendered":"T\u018fC\u0130L\u0130! \u0130tkin d\u00fc\u015fm\u00fc\u015f \u015f\u0259xsl\u0259rl\u0259 ba\u011fl\u0131 g\u00f6r\u00fcl\u0259c\u0259k t\u0259dbirl\u0259r&#8230;"},"content":{"rendered":"<p><strong>Az\u0259rbaycan v\u0259 Erm\u0259nistan onlar\u0131n h\u0259r ikisinin d\u0259 c\u0259lb olundu\u011fu h\u0259rbi m\u00fcnaqi\u015f\u0259d\u0259 ba\u015f vermis itkin d\u00fc\u015fm\u00fc\u015f \u015f\u0259xsl\u0259r v\u0259 m\u0259cburi yoxa\u00e7\u0131xma il\u0259 ba\u011fl\u0131 hallar\u0131n h\u0259lli \u00fc\u00e7\u00fcn birba\u015fa v\u0259 ya m\u00fcvafiq oldu\u011fu t\u0259qdird\u0259, aidiyy\u0259ti beyn\u0259lxalq t\u0259\u015fkilatlarla \u0259m\u0259kda\u015fl\u0131q vasit\u0259sil\u0259, h\u0259min \u015f\u0259xsl\u0259r haqq\u0131nda b\u00fct\u00fcn m\u00f6vcud m\u0259lumatlar\u0131n m\u00fcbadil\u0259si d\u0259 daxil olmaqla, t\u0259dbirl\u0259r g\u00f6r\u0259c\u0259kl\u0259r.<\/strong><\/p>\n<p>Bu, \u201cAz\u0259rbaycan Respublikas\u0131 v\u0259 Erm\u0259nistan Respublikas\u0131 aras\u0131nda s\u00fclh\u00fcn v\u0259 d\u00f6vl\u0259tl\u0259raras\u0131 m\u00fcnasib\u0259tl\u0259rin t\u0259sis edilm\u0259si haqq\u0131nda Sazi\u015f\u201din paraflanm\u0131\u015f m\u0259tnind\u0259 \u0259ksini tap\u0131b.<\/p>\n<p>Qeyd edilib ki, t\u0259r\u0259fl\u0259r bu \u00e7\u0259r\u00e7iv\u0259d\u0259, s\u00f6z\u00fcged\u0259n \u015f\u0259xsl\u0259rin taleyin\u0259 ayd\u0131nl\u0131q g\u0259tirilm\u0259sinin, o c\u00fcml\u0259d\u0259n, m\u00fcvafiq oldu\u011fu t\u0259qdird\u0259, onlar\u0131n qal\u0131qlar\u0131n\u0131n axtar\u0131lmas\u0131 v\u0259 geri qaytar\u0131lmas\u0131n\u0131n, z\u0259ruri istintaq t\u0259dbirl\u0259ri yolu il\u0259 h\u0259min \u015f\u0259xsl\u0259r\u0259 m\u00fcnasib\u0259td\u0259 \u0259dal\u0259tin t\u0259min edilm\u0259sinin bar\u0131\u015f\u0131q v\u0259 etimad\u0131n qurulmas\u0131 vasit\u0259si kimi \u0259h\u0259miyy\u0259tini q\u0259bul edirl\u0259r. Bununla \u0259laq\u0259li m\u00fcvafiq modall\u0131qlar m\u00fczakir\u0259 edil\u0259c\u0259k v\u0259 ayr\u0131ca sazi\u015fd\u0259 t\u0259f\u0259rr\u00fcatl\u0131 \u015f\u0259kild\u0259 raz\u0131la\u015fd\u0131r\u0131lacaq.<\/p>\n","protected":false},"excerpt":{"rendered":"<p>Az\u0259rbaycan v\u0259 Erm\u0259nistan onlar\u0131n h\u0259r ikisinin d\u0259 c\u0259lb olundu\u011fu h\u0259rbi m\u00fcnaqi\u015f\u0259d\u0259 ba\u015f vermis itkin d\u00fc\u015fm\u00fc\u015f \u015f\u0259xsl\u0259r v\u0259 m\u0259cburi yoxa\u00e7\u0131xma il\u0259 ba\u011fl\u0131 hallar\u0131n h\u0259lli \u00fc\u00e7\u00fcn birba\u015fa v\u0259 ya m\u00fcvafiq oldu\u011fu t\u0259qdird\u0259, aidiyy\u0259ti beyn\u0259lxalq t\u0259\u015fkilatlarla \u0259m\u0259kda\u015fl\u0131q vasit\u0259sil\u0259, h\u0259min \u015f\u0259xsl\u0259r haqq\u0131nda b\u00fct\u00fcn m\u00f6vcud m\u0259lumatlar\u0131n m\u00fcbadil\u0259si d\u0259 daxil olmaqla, t\u0259dbirl\u0259r g\u00f6r\u0259c\u0259kl\u0259r. Bu, \u201cAz\u0259rbaycan Respublikas\u0131 v\u0259 Erm\u0259nistan Respublikas\u0131 aras\u0131nda s\u00fclh\u00fcn v\u0259 d\u00f6vl\u0259tl\u0259raras\u0131 m\u00fcnasib\u0259tl\u0259rin t\u0259sis edilm\u0259si haqq\u0131nda Sazi\u015f\u201din paraflanm\u0131\u015f m\u0259tnind\u0259 \u0259ksini tap\u0131b. Qeyd edilib ki, t\u0259r\u0259fl\u0259r bu \u00e7\u0259r\u00e7iv\u0259d\u0259, s\u00f6z\u00fcged\u0259n \u015f\u0259xsl\u0259rin taleyin\u0259 ayd\u0131nl\u0131q g\u0259tirilm\u0259sinin, o c\u00fcml\u0259d\u0259n, m\u00fcvafiq oldu\u011fu t\u0259qdird\u0259, onlar\u0131n qal\u0131qlar\u0131n\u0131n axtar\u0131lmas\u0131 v\u0259 geri qaytar\u0131lmas\u0131n\u0131n, z\u0259ruri istintaq&hellip;<\/p>\n","protected":false},"author":2,"featured_media":820201,"comment_status":"closed","ping_status":"closed","sticky":false,"template":"","format":"standard","meta":{"om_disable_all_campaigns":false,"_monsterinsights_skip_tracking":false,"_monsterinsights_sitenote_active":false,"_monsterinsights_sitenote_note":"","_monsterinsights_sitenote_category":0},"categories":[19],"tags":[],"aioseo_notices":[],"gutentor_comment":0,"rttpg_featured_image_url":{"full":["https:\/\/arantv.az\/wp-content\/uploads\/2025\/08\/abf852362a57f83f158b01e290c2e73b.jpg",850,500,false],"landscape":["https:\/\/arantv.az\/wp-content\/uploads\/2025\/08\/abf852362a57f83f158b01e290c2e73b.jpg",850,500,false],"portraits":["https:\/\/arantv.az\/wp-content\/uploads\/2025\/08\/abf852362a57f83f158b01e290c2e73b.jpg",850,500,false],"thumbnail":["https:\/\/arantv.az\/wp-content\/uploads\/2025\/08\/abf852362a57f83f158b01e290c2e73b-500x280.jpg",500,280,true],"medium":["https:\/\/arantv.az\/wp-content\/uploads\/2025\/08\/abf852362a57f83f158b01e290c2e73b-621x365.jpg",621,365,true],"large":["https:\/\/arantv.az\/wp-content\/uploads\/2025\/08\/abf852362a57f83f158b01e290c2e73b-840x494.jpg",640,376,true],"1536x1536":["https:\/\/arantv.az\/wp-content\/uploads\/2025\/08\/abf852362a57f83f158b01e290c2e73b.jpg",850,500,false],"2048x2048":["https:\/\/arantv.az\/wp-content\/uploads\/2025\/08\/abf852362a57f83f158b01e290c2e73b.jpg",850,500,false],"post-thumbnail":["https:\/\/arantv.az\/wp-content\/uploads\/2025\/08\/abf852362a57f83f158b01e290c2e73b-240x172.jpg",240,172,true],"advps-thumb-one":["https:\/\/arantv.az\/wp-content\/uploads\/2025\/08\/abf852362a57f83f158b01e290c2e73b.jpg",850,500,false]},"rttpg_author":{"display_name":"V\u00fcsal Rafiqo\u011flu","author_link":"https:\/\/arantv.az\/?author=2"},"rttpg_comment":0,"rttpg_category":"<a href=\"https:\/\/arantv.az\/?cat=19\" rel=\"category\">G\u00fcnd\u0259m<\/a>","rttpg_excerpt":"Az\u0259rbaycan v\u0259 Erm\u0259nistan onlar\u0131n h\u0259r ikisinin d\u0259 c\u0259lb olundu\u011fu h\u0259rbi m\u00fcnaqi\u015f\u0259d\u0259 ba\u015f vermis itkin d\u00fc\u015fm\u00fc\u015f \u015f\u0259xsl\u0259r v\u0259 m\u0259cburi yoxa\u00e7\u0131xma il\u0259 ba\u011fl\u0131 hallar\u0131n h\u0259lli \u00fc\u00e7\u00fcn birba\u015fa v\u0259 ya m\u00fcvafiq oldu\u011fu t\u0259qdird\u0259, aidiyy\u0259ti beyn\u0259lxalq t\u0259\u015fkilatlarla \u0259m\u0259kda\u015fl\u0131q vasit\u0259sil\u0259, h\u0259min \u015f\u0259xsl\u0259r haqq\u0131nda b\u00fct\u00fcn m\u00f6vcud m\u0259lumatlar\u0131n m\u00fcbadil\u0259si d\u0259 daxil olmaqla, t\u0259dbirl\u0259r g\u00f6r\u0259c\u0259kl\u0259r. Bu, \u201cAz\u0259rbaycan Respublikas\u0131 v\u0259 Erm\u0259nistan Respublikas\u0131 aras\u0131nda s\u00fclh\u00fcn&hellip;","_links":{"self":[{"href":"https:\/\/arantv.az\/index.php?rest_route=\/wp\/v2\/posts\/820200"}],"collection":[{"href":"https:\/\/arantv.az\/index.php?rest_route=\/wp\/v2\/posts"}],"about":[{"href":"https:\/\/arantv.az\/index.php?rest_route=\/wp\/v2\/types\/post"}],"author":[{"embeddable":true,"href":"https:\/\/arantv.az\/index.php?rest_route=\/wp\/v2\/users\/2"}],"replies":[{"embeddable":true,"href":"https:\/\/arantv.az\/index.php?rest_route=%2Fwp%2Fv2%2Fcomments&post=820200"}],"version-history":[{"count":1,"href":"https:\/\/arantv.az\/index.php?rest_route=\/wp\/v2\/posts\/820200\/revisions"}],"predecessor-version":[{"id":820202,"href":"https:\/\/arantv.az\/index.php?rest_route=\/wp\/v2\/posts\/820200\/revisions\/820202"}],"wp:featuredmedia":[{"embeddable":true,"href":"https:\/\/arantv.az\/index.php?rest_route=\/wp\/v2\/media\/820201"}],"wp:attachment":[{"href":"https:\/\/arantv.az\/index.php?rest_route=%2Fwp%2Fv2%2Fmedia&parent=820200"}],"wp:term":[{"taxonomy":"category","embeddable":true,"href":"https:\/\/arantv.az\/index.php?rest_route=%2Fwp%2Fv2%2Fcategories&post=820200"},{"taxonomy":"post_tag","embeddable":true,"href":"https:\/\/arantv.az\/index.php?rest_route=%2Fwp%2Fv2%2Ftags&post=820200"}],"curies":[{"name":"wp","href":"https:\/\/api.w.org\/{rel}","templated":true}]}}