{"id":82026,"date":"2019-09-28T08:10:00","date_gmt":"2019-09-28T05:10:00","guid":{"rendered":"http:\/\/arantv.az\/?p=82026"},"modified":"2019-09-28T08:10:00","modified_gmt":"2019-09-28T05:10:00","slug":"dovl%c9%99t-bascisi-meksikaya-s%c9%99fir-t%c9%99yin-etdi","status":"publish","type":"post","link":"https:\/\/arantv.az\/?p=82026","title":{"rendered":"D\u00f6vl\u0259t ba\u015f\u00e7\u0131s\u0131 Meksikaya s\u0259fir t\u0259yin etdi"},"content":{"rendered":"<p>Az\u0259rbaycan Respublikas\u0131 Prezidenti \u0130lham \u018fliyev \u00f6lk\u0259mizin Meksika Birl\u0259\u015fmi\u015f Statlar\u0131na s\u0259firini\u00a0<a href=\"https:\/\/azertag.az\/xeber\/MATalibovun_Azerbaycan_Respublikasinin_Meksika_Birlesmis_Statlarinda_fovqelade_ve_selahiyyetli_sefiri_teyin_edilmesi_haqqinda__Azerbaycan_Respublikasi_Prezidentinin_Serencami-1335727\" target=\"_blank\" rel=\"noopener\">t\u0259yin edib<\/a>.<\/p>\n<p>D\u00f6vl\u0259t ba\u015f\u00e7\u0131s\u0131n\u0131n s\u0259r\u0259ncam\u0131 il\u0259 M\u0259mm\u0259d Afiq o\u011flu Tal\u0131bov Meksikada Az\u0259rbaycan Respublikas\u0131n\u0131n f\u00f6vq\u0259lad\u0259 v\u0259 s\u0259lahiyy\u0259tli s\u0259firi t\u0259yin olunub.<\/p>\n","protected":false},"excerpt":{"rendered":"<p>Az\u0259rbaycan Respublikas\u0131 Prezidenti \u0130lham \u018fliyev \u00f6lk\u0259mizin Meksika Birl\u0259\u015fmi\u015f Statlar\u0131na s\u0259firini\u00a0t\u0259yin edib. D\u00f6vl\u0259t ba\u015f\u00e7\u0131s\u0131n\u0131n s\u0259r\u0259ncam\u0131 il\u0259 M\u0259mm\u0259d Afiq o\u011flu Tal\u0131bov Meksikada Az\u0259rbaycan Respublikas\u0131n\u0131n f\u00f6vq\u0259lad\u0259 v\u0259 s\u0259lahiyy\u0259tli s\u0259firi t\u0259yin olunub.<\/p>\n","protected":false},"author":2,"featured_media":82027,"comment_status":"closed","ping_status":"closed","sticky":false,"template":"","format":"standard","meta":{"om_disable_all_campaigns":false,"_monsterinsights_skip_tracking":false,"_monsterinsights_sitenote_active":false,"_monsterinsights_sitenote_note":"","_monsterinsights_sitenote_category":0},"categories":[4],"tags":[],"aioseo_notices":[],"gutentor_comment":0,"rttpg_featured_image_url":{"full":["https:\/\/arantv.az\/wp-content\/uploads\/2019\/09\/ilham_aliyev_160412_albom_9_main.jpg",620,465,false],"landscape":["https:\/\/arantv.az\/wp-content\/uploads\/2019\/09\/ilham_aliyev_160412_albom_9_main.jpg",620,465,false],"portraits":["https:\/\/arantv.az\/wp-content\/uploads\/2019\/09\/ilham_aliyev_160412_albom_9_main.jpg",620,465,false],"thumbnail":["https:\/\/arantv.az\/wp-content\/uploads\/2019\/09\/ilham_aliyev_160412_albom_9_main-150x150.jpg",150,150,true],"medium":["https:\/\/arantv.az\/wp-content\/uploads\/2019\/09\/ilham_aliyev_160412_albom_9_main-300x225.jpg",300,225,true],"large":["https:\/\/arantv.az\/wp-content\/uploads\/2019\/09\/ilham_aliyev_160412_albom_9_main.jpg",620,465,false],"1536x1536":["https:\/\/arantv.az\/wp-content\/uploads\/2019\/09\/ilham_aliyev_160412_albom_9_main.jpg",620,465,false],"2048x2048":["https:\/\/arantv.az\/wp-content\/uploads\/2019\/09\/ilham_aliyev_160412_albom_9_main.jpg",620,465,false],"post-thumbnail":["https:\/\/arantv.az\/wp-content\/uploads\/2019\/09\/ilham_aliyev_160412_albom_9_main-240x172.jpg",240,172,true],"advps-thumb-one":["https:\/\/arantv.az\/wp-content\/uploads\/2019\/09\/ilham_aliyev_160412_albom_9_main.jpg",620,465,false]},"rttpg_author":{"display_name":"V\u00fcsal Rafiqo\u011flu","author_link":"https:\/\/arantv.az\/?author=2"},"rttpg_comment":0,"rttpg_category":"<a href=\"https:\/\/arantv.az\/?cat=4\" rel=\"category\">Siyas\u0259t<\/a>","rttpg_excerpt":"Az\u0259rbaycan Respublikas\u0131 Prezidenti \u0130lham \u018fliyev \u00f6lk\u0259mizin Meksika Birl\u0259\u015fmi\u015f Statlar\u0131na s\u0259firini\u00a0t\u0259yin edib. D\u00f6vl\u0259t ba\u015f\u00e7\u0131s\u0131n\u0131n s\u0259r\u0259ncam\u0131 il\u0259 M\u0259mm\u0259d Afiq o\u011flu Tal\u0131bov Meksikada Az\u0259rbaycan Respublikas\u0131n\u0131n f\u00f6vq\u0259lad\u0259 v\u0259 s\u0259lahiyy\u0259tli s\u0259firi t\u0259yin olunub.","_links":{"self":[{"href":"https:\/\/arantv.az\/index.php?rest_route=\/wp\/v2\/posts\/82026"}],"collection":[{"href":"https:\/\/arantv.az\/index.php?rest_route=\/wp\/v2\/posts"}],"about":[{"href":"https:\/\/arantv.az\/index.php?rest_route=\/wp\/v2\/types\/post"}],"author":[{"embeddable":true,"href":"https:\/\/arantv.az\/index.php?rest_route=\/wp\/v2\/users\/2"}],"replies":[{"embeddable":true,"href":"https:\/\/arantv.az\/index.php?rest_route=%2Fwp%2Fv2%2Fcomments&post=82026"}],"version-history":[{"count":0,"href":"https:\/\/arantv.az\/index.php?rest_route=\/wp\/v2\/posts\/82026\/revisions"}],"wp:featuredmedia":[{"embeddable":true,"href":"https:\/\/arantv.az\/index.php?rest_route=\/wp\/v2\/media\/82027"}],"wp:attachment":[{"href":"https:\/\/arantv.az\/index.php?rest_route=%2Fwp%2Fv2%2Fmedia&parent=82026"}],"wp:term":[{"taxonomy":"category","embeddable":true,"href":"https:\/\/arantv.az\/index.php?rest_route=%2Fwp%2Fv2%2Fcategories&post=82026"},{"taxonomy":"post_tag","embeddable":true,"href":"https:\/\/arantv.az\/index.php?rest_route=%2Fwp%2Fv2%2Ftags&post=82026"}],"curies":[{"name":"wp","href":"https:\/\/api.w.org\/{rel}","templated":true}]}}