{"id":820311,"date":"2025-08-11T20:20:12","date_gmt":"2025-08-11T16:20:12","guid":{"rendered":"https:\/\/arantv.az\/?p=820311"},"modified":"2025-08-11T20:20:12","modified_gmt":"2025-08-11T16:20:12","slug":"prezident-ilham-%c9%99liyev-q%c9%99t%c9%99r-%c9%99mirin%c9%99-z%c9%99ng-edib","status":"publish","type":"post","link":"https:\/\/arantv.az\/?p=820311","title":{"rendered":"Prezident \u0130lham \u018fliyev Q\u0259t\u0259r \u018fmirin\u0259 z\u0259ng edib"},"content":{"rendered":"<p><strong>Avqustun 11-d\u0259 Az\u0259rbaycan Respublikas\u0131n\u0131n Prezidenti \u0130lham \u018fliyev Q\u0259t\u0259r D\u00f6vl\u0259tinin \u018fmiri \u015eeyx T\u0259mim bin H\u0259m\u0259d \u018fl Taniy\u0259 z\u0259ng edib.<\/strong><\/p>\n<p><strong>ARANTV.AZ <\/strong>\u00a0x\u0259b\u0259r verir ki, bu bar\u0259d\u0259 Az\u0259rbaycan Prezidentinin M\u0259tbuat Xidm\u0259ti m\u0259lumat yay\u0131b.<\/p>\n<p>Telefon s\u00f6hb\u0259ti zaman\u0131 bir m\u00fcdd\u0259t \u0259vv\u0259l Az\u0259rbaycan, T\u00fcrkiy\u0259, Q\u0259t\u0259r v\u0259 Suriyan\u0131n birg\u0259 \u0259m\u0259kda\u015fl\u0131\u011f\u0131 n\u0259tic\u0259sind\u0259 Az\u0259rbaycan qaz\u0131n\u0131n Suriyaya \u00e7atd\u0131r\u0131lmas\u0131 layih\u0259sinin \u00f6n\u0259mi vur\u011fulan\u0131b, bunun h\u0259yata ke\u00e7irilm\u0259sind\u0259 Q\u0259t\u0259rin maliyy\u0259 d\u0259st\u0259yi x\u00fcsusil\u0259 qeyd edilib.<\/p>\n<p>Prezident \u0130lham \u018fliyevin AB\u015e-a s\u0259f\u0259ri \u00e7\u0259r\u00e7iv\u0259sind\u0259 Az\u0259rbaycan il\u0259 Erm\u0259nistan aras\u0131nda s\u00fclh v\u0259 d\u00f6vl\u0259tl\u0259raras\u0131 m\u00fcnasib\u0259tl\u0259rin qurulmas\u0131 haqq\u0131nda Sazi\u015fin paraflanmas\u0131n\u0131n v\u0259 dig\u0259r s\u0259n\u0259dl\u0259rin regionda davaml\u0131 s\u00fclh\u00fcn, sabitliyin t\u0259min olunmas\u0131 bax\u0131m\u0131ndan \u0259h\u0259miyy\u0259tin\u0259 toxunulub.<\/p>\n<p>Bu nailiyy\u0259tl\u0259rin \u0259ld\u0259 edilm\u0259sind\u0259 Amerika Birl\u0259\u015fmi\u015f \u015etatlar\u0131n\u0131n Prezidenti Donald Tramp\u0131n rolu qeyd edilib. Prezident \u0130lham \u018fliyev Az\u0259rbaycan\u0131n \u0259sas hiss\u0259si il\u0259 onun Nax\u00e7\u0131van regionu aras\u0131nda mane\u0259siz n\u0259qliyyat ba\u011flant\u0131s\u0131 \u00fczr\u0259 \u0259ld\u0259 olunmu\u015f raz\u0131la\u015fman\u0131n Orta D\u0259hlizin y\u00fcka\u015f\u0131rma qabiliyy\u0259tin\u0259 g\u0259l\u0259c\u0259kd\u0259 m\u00fcsb\u0259t t\u0259sir g\u00f6st\u0259r\u0259c\u0259yini d\u0259 vur\u011fulay\u0131b.<\/p>\n<p>D\u00f6vl\u0259t ba\u015f\u00e7\u0131s\u0131 Az\u0259rbaycanla Erm\u0259nistan aras\u0131nda normalla\u015fma prosesin\u0259 verdiyi d\u0259st\u0259y\u0259 g\u00f6r\u0259 Q\u0259t\u0259r \u018fmirin\u0259 t\u0259\u015f\u0259kk\u00fcr\u00fcn\u00fc bildirib.<\/p>\n<p>\u015eeyx T\u0259mim bin H\u0259m\u0259d \u018fl Tani s\u00fclh g\u00fcnd\u0259liyinin ir\u0259li apar\u0131lmas\u0131nda g\u00f6st\u0259rdiyi liderlik v\u0259 \u0259ld\u0259 olunmu\u015f tarixi n\u0259tic\u0259l\u0259r il\u0259 ba\u011fl\u0131 Prezident \u0130lham \u018fliyev\u0259 t\u0259brikl\u0259rini \u00e7atd\u0131r\u0131b.<\/p>\n<p>Az\u0259rbaycan Prezidenti Q\u0259t\u0259r \u018fmirini \u00f6lk\u0259miz\u0259 s\u0259f\u0259r\u0259 d\u0259v\u0259t edib. D\u0259v\u0259t m\u0259mnunluqla q\u0259bul olunub.<\/p>\n","protected":false},"excerpt":{"rendered":"<p>Avqustun 11-d\u0259 Az\u0259rbaycan Respublikas\u0131n\u0131n Prezidenti \u0130lham \u018fliyev Q\u0259t\u0259r D\u00f6vl\u0259tinin \u018fmiri \u015eeyx T\u0259mim bin H\u0259m\u0259d \u018fl Taniy\u0259 z\u0259ng edib. ARANTV.AZ \u00a0x\u0259b\u0259r verir ki, bu bar\u0259d\u0259 Az\u0259rbaycan Prezidentinin M\u0259tbuat Xidm\u0259ti m\u0259lumat yay\u0131b. Telefon s\u00f6hb\u0259ti zaman\u0131 bir m\u00fcdd\u0259t \u0259vv\u0259l Az\u0259rbaycan, T\u00fcrkiy\u0259, Q\u0259t\u0259r v\u0259 Suriyan\u0131n birg\u0259 \u0259m\u0259kda\u015fl\u0131\u011f\u0131 n\u0259tic\u0259sind\u0259 Az\u0259rbaycan qaz\u0131n\u0131n Suriyaya \u00e7atd\u0131r\u0131lmas\u0131 layih\u0259sinin \u00f6n\u0259mi vur\u011fulan\u0131b, bunun h\u0259yata ke\u00e7irilm\u0259sind\u0259 Q\u0259t\u0259rin maliyy\u0259 d\u0259st\u0259yi x\u00fcsusil\u0259 qeyd edilib. Prezident \u0130lham \u018fliyevin AB\u015e-a s\u0259f\u0259ri \u00e7\u0259r\u00e7iv\u0259sind\u0259 Az\u0259rbaycan il\u0259 Erm\u0259nistan aras\u0131nda s\u00fclh v\u0259 d\u00f6vl\u0259tl\u0259raras\u0131 m\u00fcnasib\u0259tl\u0259rin qurulmas\u0131 haqq\u0131nda Sazi\u015fin paraflanmas\u0131n\u0131n v\u0259 dig\u0259r s\u0259n\u0259dl\u0259rin regionda davaml\u0131 s\u00fclh\u00fcn, sabitliyin t\u0259min olunmas\u0131 bax\u0131m\u0131ndan \u0259h\u0259miyy\u0259tin\u0259 toxunulub.&hellip;<\/p>\n","protected":false},"author":2,"featured_media":820312,"comment_status":"closed","ping_status":"closed","sticky":false,"template":"","format":"standard","meta":{"om_disable_all_campaigns":false,"_monsterinsights_skip_tracking":false,"_monsterinsights_sitenote_active":false,"_monsterinsights_sitenote_note":"","_monsterinsights_sitenote_category":0},"categories":[4],"tags":[],"aioseo_notices":[],"gutentor_comment":0,"rttpg_featured_image_url":{"full":["https:\/\/arantv.az\/wp-content\/uploads\/2025\/08\/478f2db3199eca3fd80b521614985f2e.jpg",850,500,false],"landscape":["https:\/\/arantv.az\/wp-content\/uploads\/2025\/08\/478f2db3199eca3fd80b521614985f2e.jpg",850,500,false],"portraits":["https:\/\/arantv.az\/wp-content\/uploads\/2025\/08\/478f2db3199eca3fd80b521614985f2e.jpg",850,500,false],"thumbnail":["https:\/\/arantv.az\/wp-content\/uploads\/2025\/08\/478f2db3199eca3fd80b521614985f2e-500x280.jpg",500,280,true],"medium":["https:\/\/arantv.az\/wp-content\/uploads\/2025\/08\/478f2db3199eca3fd80b521614985f2e-621x365.jpg",621,365,true],"large":["https:\/\/arantv.az\/wp-content\/uploads\/2025\/08\/478f2db3199eca3fd80b521614985f2e-840x494.jpg",640,376,true],"1536x1536":["https:\/\/arantv.az\/wp-content\/uploads\/2025\/08\/478f2db3199eca3fd80b521614985f2e.jpg",850,500,false],"2048x2048":["https:\/\/arantv.az\/wp-content\/uploads\/2025\/08\/478f2db3199eca3fd80b521614985f2e.jpg",850,500,false],"post-thumbnail":["https:\/\/arantv.az\/wp-content\/uploads\/2025\/08\/478f2db3199eca3fd80b521614985f2e-240x172.jpg",240,172,true],"advps-thumb-one":["https:\/\/arantv.az\/wp-content\/uploads\/2025\/08\/478f2db3199eca3fd80b521614985f2e.jpg",850,500,false]},"rttpg_author":{"display_name":"V\u00fcsal Rafiqo\u011flu","author_link":"https:\/\/arantv.az\/?author=2"},"rttpg_comment":0,"rttpg_category":"<a href=\"https:\/\/arantv.az\/?cat=4\" rel=\"category\">Siyas\u0259t<\/a>","rttpg_excerpt":"Avqustun 11-d\u0259 Az\u0259rbaycan Respublikas\u0131n\u0131n Prezidenti \u0130lham \u018fliyev Q\u0259t\u0259r D\u00f6vl\u0259tinin \u018fmiri \u015eeyx T\u0259mim bin H\u0259m\u0259d \u018fl Taniy\u0259 z\u0259ng edib. ARANTV.AZ \u00a0x\u0259b\u0259r verir ki, bu bar\u0259d\u0259 Az\u0259rbaycan Prezidentinin M\u0259tbuat Xidm\u0259ti m\u0259lumat yay\u0131b. Telefon s\u00f6hb\u0259ti zaman\u0131 bir m\u00fcdd\u0259t \u0259vv\u0259l Az\u0259rbaycan, T\u00fcrkiy\u0259, Q\u0259t\u0259r v\u0259 Suriyan\u0131n birg\u0259 \u0259m\u0259kda\u015fl\u0131\u011f\u0131 n\u0259tic\u0259sind\u0259 Az\u0259rbaycan qaz\u0131n\u0131n Suriyaya \u00e7atd\u0131r\u0131lmas\u0131 layih\u0259sinin \u00f6n\u0259mi vur\u011fulan\u0131b, bunun h\u0259yata ke\u00e7irilm\u0259sind\u0259 Q\u0259t\u0259rin&hellip;","_links":{"self":[{"href":"https:\/\/arantv.az\/index.php?rest_route=\/wp\/v2\/posts\/820311"}],"collection":[{"href":"https:\/\/arantv.az\/index.php?rest_route=\/wp\/v2\/posts"}],"about":[{"href":"https:\/\/arantv.az\/index.php?rest_route=\/wp\/v2\/types\/post"}],"author":[{"embeddable":true,"href":"https:\/\/arantv.az\/index.php?rest_route=\/wp\/v2\/users\/2"}],"replies":[{"embeddable":true,"href":"https:\/\/arantv.az\/index.php?rest_route=%2Fwp%2Fv2%2Fcomments&post=820311"}],"version-history":[{"count":1,"href":"https:\/\/arantv.az\/index.php?rest_route=\/wp\/v2\/posts\/820311\/revisions"}],"predecessor-version":[{"id":820313,"href":"https:\/\/arantv.az\/index.php?rest_route=\/wp\/v2\/posts\/820311\/revisions\/820313"}],"wp:featuredmedia":[{"embeddable":true,"href":"https:\/\/arantv.az\/index.php?rest_route=\/wp\/v2\/media\/820312"}],"wp:attachment":[{"href":"https:\/\/arantv.az\/index.php?rest_route=%2Fwp%2Fv2%2Fmedia&parent=820311"}],"wp:term":[{"taxonomy":"category","embeddable":true,"href":"https:\/\/arantv.az\/index.php?rest_route=%2Fwp%2Fv2%2Fcategories&post=820311"},{"taxonomy":"post_tag","embeddable":true,"href":"https:\/\/arantv.az\/index.php?rest_route=%2Fwp%2Fv2%2Ftags&post=820311"}],"curies":[{"name":"wp","href":"https:\/\/api.w.org\/{rel}","templated":true}]}}