{"id":820314,"date":"2025-08-11T20:23:16","date_gmt":"2025-08-11T16:23:16","guid":{"rendered":"https:\/\/arantv.az\/?p=820314"},"modified":"2025-08-11T20:23:16","modified_gmt":"2025-08-11T16:23:16","slug":"liderlik-f%c9%99ls%c9%99f%c9%99sinin-numayisi-t%c9%99hlil","status":"publish","type":"post","link":"https:\/\/arantv.az\/?p=820314","title":{"rendered":"Liderlik f\u0259ls\u0259f\u0259sinin n\u00fcmayi\u015fi &#8211; T\u018fHL\u0130L"},"content":{"rendered":"<p><em><strong>Prezident \u0130lham \u018fliyevin simas\u0131nda z\u0259nginl\u0259\u015f\u0259n qalibiyy\u0259t formulu Va\u015finqtonda da t\u0259sdiql\u0259ndi<\/strong><\/em><\/p>\n<p>Prezident \u0130lham \u018fliyevin Amerika Birl\u0259\u015fmi\u015f \u015etatlar\u0131na (AB\u015e) i\u015fg\u00fczar s\u0259f\u0259ri tarixi anlar\u0131 il\u0259 yadda qald\u0131. Avqustun 8-d\u0259 Va\u015finqtonda Az\u0259rbaycan Prezidenti \u0130lham \u018fliyevin, Erm\u0259nistan\u0131n ba\u015f naziri Nikol Pa\u015finyan\u0131n v\u0259 AB\u015e Prezidenti Donald Tramp\u0131n i\u015ftirak\u0131 il\u0259 ke\u00e7iril\u0259n g\u00f6r\u00fc\u015f, imzalanan Birg\u0259 B\u0259yannam\u0259 t\u0259kc\u0259 C\u0259nubi Qafqazda sabitliyin t\u0259minat\u0131 bax\u0131m\u0131ndan deyil, b\u00fct\u00fcnl\u00fckd\u0259 m\u00fcasir d\u00fcnyam\u0131z\u0131n siyasi masas\u0131nda h\u0259llini g\u00f6zl\u0259y\u0259n bir \u00e7ox m\u0259s\u0259l\u0259l\u0259rin \u00abQordi d\u00fcy\u00fcn\u00fc\u00bbn\u00fcn a\u00e7\u0131lmas\u0131 prosesinin ba\u015flan\u011f\u0131c\u0131, d\u00f6n\u00fc\u015f n\u00f6qt\u0259si kimi d\u0259y\u0259rl\u0259ndirildi. B\u00fct\u00fcn d\u00fcnya icimaiyy\u0259ti bir h\u0259qiq\u0259tin \u015fahidi oldu: S\u00fclh prosesinin siyasi irad\u0259 il\u0259 t\u0259min olunmas\u0131 \u0259n optimal variantd\u0131r. BMT Nizamnam\u0259sinin 51-ci madd\u0259sind\u0259 t\u0259sbit olunmu\u015f \u00f6z\u00fcn\u00fcm\u00fcdafi\u0259 h\u00fcququna \u0259sas\u0259n \u0259razi b\u00fct\u00f6vl\u00fcy\u00fcn\u00fc, suverenliyini tam t\u0259min ed\u0259n Az\u0259rbaycan regional t\u0259hl\u00fck\u0259sizlik t\u0259r\u0259fdar\u0131 oldu\u011funu t\u0259sdiql\u0259di. H\u0259rbi, siyasi, informasiya c\u0259bh\u0259l\u0259rind\u0259 diplomatik gedi\u015fl\u0259rin, d\u00f6vl\u0259t\u00e7ilik t\u0259cr\u00fcb\u0259sinin, \u00fczaqg\u00f6r\u0259nliyin u\u011furlu n\u0259tic\u0259si olan \u00abAz\u0259rbaycan Respublikas\u0131 v\u0259 Erm\u0259nistan Respublikas\u0131 aras\u0131nda s\u00fclh\u00fcn v\u0259 d\u00f6vl\u0259tl\u0259raras\u0131 m\u00fcnasib\u0259tl\u0259rin t\u0259sis olunmas\u0131 haqq\u0131nda Sazi\u015f\u00bbin paraflanmas\u0131 s\u00fclh raz\u0131la\u015fmas\u0131n\u0131n imzalanmas\u0131na etibarl\u0131, h\u00fcquqi ke\u00e7id oldu. Va\u015finqton g\u00f6r\u00fc\u015fl\u0259rind\u0259 yaddaqalan v\u0259 beyn\u0259lxalq al\u0259md\u0259 nadir rast g\u0259lin\u0259n, vasit\u0259\u00e7ilik platformas\u0131 olsa da , ill\u0259rd\u0259n b\u0259ri s\u0259m\u0259r\u0259siz f\u0259aliyy\u0259ti il\u0259 Qaraba\u011f m\u00fcnaqi\u015f\u0259sini daha da m\u00fcr\u0259kk\u0259bl\u0259\u015fdir\u0259n Minsk qrupunun t\u0259r\u0259fl\u0259rin birg\u0259 raz\u0131l\u0131\u011f\u0131 il\u0259 l\u0259\u011fv olunmas\u0131 s\u00fclh\u0259 do\u011fru at\u0131lan add\u0131m idi. B\u0259yannam\u0259d\u0259 Nax\u00e7\u0131vanla Az\u0259rbaycan\u0131n \u0259sas hiss\u0259si aras\u0131nda mane\u0259siz \u0259laq\u0259nin yarad\u0131lmas\u0131, \u00f6lk\u0259mizin tranzit suverenliyinin tan\u0131nmas\u0131, eyni zamanda, Erm\u0259nistan\u0131n beyn\u0259lxalq ticar\u0259t \u015f\u0259b\u0259k\u0259sin\u0259 \u00e7\u0131x\u0131\u015f\u0131n\u0131 t\u0259min ed\u0259c\u0259k b\u0259ndl\u0259rin yer almas\u0131 raz\u0131l\u0131qla qar\u015f\u0131land\u0131. Bu bax\u0131mdan \u00abBeyn\u0259lxalq S\u00fclh v\u0259 Rifah namin\u0259 Tramp Mar\u015frutu\u00bb\u201d (TRIPP) layih\u0259si beyn\u0259lxalq iqtisadi h\u00fcquq qazanmaqla BMT Dayan\u0131ql\u0131 \u0130nki\u015faf M\u0259qs\u0259dl\u0259rin\u0259 uy\u011fundur. S\u0259rh\u0259dl\u0259rin toxunulmazl\u0131\u011f\u0131 il\u0259 BMT Nizamnam\u0259sin\u0259 v\u0259 1991-ci il Almat\u0131 B\u0259yannam\u0259sin\u0259 istinad olunan h\u0259qiq\u0259tl\u0259r bu s\u0259n\u0259dd\u0259 t\u0259sdiql\u0259nir.<\/p>\n<p><img src=\"https:\/\/ikisahil.az\/upload\/\/2025\/08\/11\/\/-cdcb2f5c175492399840552637310482227.jpg\" alt=\"\" \/><\/p>\n<p>Erm\u0259nistan\u0131n girovuna \u00e7evril\u0259n Baydenin yar\u0131tmaz komandas\u0131ndan f\u0259rqli olaraq Tramp Administrasiyas\u0131 t\u0259r\u0259find\u0259n \u00abAzadl\u0131\u011fa D\u0259st\u0259k Akt\u0131\u00bbna \u0259lav\u0259 olunan 907-ci d\u00fcz\u0259li\u015fin icras\u0131n\u0131n dayand\u0131r\u0131lmas\u0131 Prezident \u0130lham \u018fliyevin daha bir diplomatik q\u0259l\u0259b\u0259si idi. Va\u015finqtonda imzalanan Birg\u0259 B\u0259yannam\u0259 C\u0259nubi Qafqaz\u0131n g\u0259l\u0259c\u0259k taleyinin m\u00fcsb\u0259t notlar \u00fcz\u0259rind\u0259 davam\u0131n\u0131 t\u0259sdiql\u0259y\u0259n Siyasi Yol X\u0259rit\u0259sidir.<\/p>\n<p>Prezident \u0130lham \u018fliyevin AB\u015e s\u0259f\u0259rind\u0259 n\u00fcmayi\u015f etdirdiyi siyasi uzaqg\u00f6r\u0259nlik, d\u00f6vl\u0259t\u00e7ilik irad\u0259si v\u0259 diplomatik m\u0259har\u0259ti, sad\u0259c\u0259 olaraq, m\u00fcasir d\u00f6vr\u00fcn liderlik f\u0259ls\u0259f\u0259sinin n\u00fcmayi\u015fi deyil, d\u0259rin strateji t\u0259f\u0259kk\u00fcr\u00fcn, ill\u0259rd\u0259n b\u0259ri \u00f6lk\u0259miz\u0259 qar\u015f\u0131 apar\u0131lan t\u0259xribatlar\u0131n iflas\u0131, h\u0259qiq\u0259tin yalanlar \u00fcz\u0259rind\u0259 Q\u0259l\u0259b\u0259si idi.Va\u015finqtonda imzalanan B\u0259yannam\u0259d\u0259 Az\u0259rbaycan\u0131n milli maraqlar\u0131 tam \u015f\u0259kild\u0259 n\u0259z\u0259r\u0259 al\u0131nd\u0131, \u0259razi b\u00fct\u00f6vl\u00fcy\u00fc v\u0259 suveren h\u00fcquqlar\u0131 birm\u0259nal\u0131 \u015f\u0259kild\u0259 t\u0259sdiql\u0259ndi. Bu, Az\u0259rbaycan Prezidentinin beyn\u0259lxalq al\u0259md\u0259 qazand\u0131\u011f\u0131 etimad\u0131n, diplomatik u\u011furlar\u0131n\u0131n daha bir t\u0259sdiqi idi.<\/p>\n<p>AB\u015e Prezidenti Donald Tramp\u0131n, d\u00f6vl\u0259t ba\u015f\u00e7\u0131m\u0131z \u0130lham \u018fliyevin v\u0259 Erm\u0259nistan\u0131n ba\u015f naziri Nikol Pa\u015finyan\u0131n A\u011f Evd\u0259 m\u0259tbuata birg\u0259 b\u0259yanatlar\u0131n\u0131n beyn\u0259lxalq al\u0259md\u0259 , xarici K\u0130V-l\u0259rd\u0259 geni\u015f i\u015f\u0131qland\u0131r\u0131lmas\u0131 \u00f6lk\u0259miz\u0259 diqq\u0259ti daha da art\u0131r\u0131r.<\/p>\n<p>Donald Tramp\u0131n Erm\u0259nistan il\u0259 Az\u0259rbaycan aras\u0131nda kommersiya v\u0259 s\u0259yah\u0259t \u0259laq\u0259l\u0259rinin qurulmas\u0131nda, diplomatik m\u00fcnasib\u0259tl\u0259rin yeni m\u0259rh\u0259l\u0259 \u00fczr\u0259 davam\u0131nda Az\u0259rbaycan\u0131n s\u0259yl\u0259rini y\u00fcks\u0259k d\u0259y\u0259rl\u0259ndirm\u0259si Birg\u0259 B\u0259yannam\u0259d\u0259 TRIPP, y\u0259ni, \u00abTramp\u0131n Beyn\u0259lxalq S\u00fclh v\u0259 Rifah Mar\u015frutu\u201d\u00bbnun \u0259ksini tapmas\u0131, x\u00fcsusi tranzit \u0259razi vasit\u0259sil\u0259 Az\u0259rbaycanla Erm\u0259nistan\u0131n suverenliyin\u0259 q\u0259ti \u015f\u0259kild\u0259 h\u00f6rm\u0259t olunmas\u0131 \u00e7\u0259r\u00e7iv\u0259sind\u0259 Nax\u00e7\u0131van b\u00f6lg\u0259sin\u0259 tam \u00e7\u0131x\u0131\u015f \u0259ld\u0259 edilm\u0259si bilavasit\u0259 Prezident \u0130lham \u018fliyevin ill\u0259rd\u0259n b\u0259ri g\u00f6st\u0259rdiyi q\u0259tiyy\u0259tin n\u0259tic\u0259sidir. \u00abBiz, h\u0259m\u00e7inin m\u00fcdafi\u0259 sah\u0259sind\u0259 Az\u0259rbaycan il\u0259 Amerika Birl\u0259\u015fmi\u015f \u015etatlar\u0131 aras\u0131nda \u0259m\u0259kda\u015fl\u0131\u011fa olan m\u0259hdudiyy\u0259ti aradan qald\u0131r\u0131r\u0131q. Bu, h\u0259m Sizin v\u0259 h\u0259m d\u0259 m\u0259nim \u00fc\u00e7\u00fcn \u0259h\u0259miyy\u0259tli m\u0259s\u0259l\u0259dir. Bir Prezident olaraq m\u0259nim \u0259n b\u00f6y\u00fck ist\u0259yim d\u00fcnyada s\u00fclh\u00fcn v\u0259 sabitliyin b\u0259rq\u0259rar edilm\u0259sidir\u00bb s\u00f6yl\u0259y\u0259n AB\u015e Prezidentinin A\u011f Evin r\u0259mzi a\u00e7ar\u0131n\u0131n d\u00fcnya siyas\u0259tind\u0259 q\u0259tiyy\u0259ti , s\u00fclh\u0259 v\u0259 humanizm\u0259 verdiyi d\u0259st\u0259yi il\u0259 f\u0259rql\u0259n\u0259n d\u00f6rd\u00fcnc\u00fc tan\u0131nm\u0131\u015f, d\u00fcnya siyas\u0259tind\u0259 z\u0259ngin t\u0259cr\u00fcb\u0259si il\u0259 \u00f6z\u00fcn\u00fc t\u0259sdiql\u0259mi\u015f \u015f\u0259xs kimi a\u0259z\u0259rbaycanl\u0131 h\u0259mkar\u0131 \u0130lham \u018fliyev\u0259 t\u0259qdim etm\u0259si AB\u015e-Az\u0259rbaycan \u0259laq\u0259l\u0259rin\u0259 veril\u0259n d\u0259y\u0259r, d\u00f6vl\u0259t ba\u015f\u00e7\u0131m\u0131za \u015f\u0259xsi h\u00f6rm\u0259t v\u0259 etimad\u0131n ifad\u0259si idi. Az\u0259rbaycan il\u0259 AB\u015e aras\u0131nda ikit\u0259r\u0259fli, d\u00f6vl\u0259tl\u0259raras\u0131 m\u00fcnasib\u0259tl\u0259rin geni\u015fl\u0259nm\u0259sind\u0259 yeni m\u0259rh\u0259l\u0259 olan , bir ne\u00e7\u0259 ay \u0259rzind\u0259 Strateji T\u0259r\u0259fda\u015fl\u0131q Xartiyas\u0131n\u0131n haz\u0131rlanmas\u0131 il\u0259 ba\u011fl\u0131 t\u0259\u015f\u0259bb\u00fcs\u00fc Az\u0259rbaycan \u00fc\u00e7\u00fcn tarixi nailiyy\u0259t adland\u0131ran Prezident \u0130lham \u018fliyevin vur\u011fulad\u0131\u011f\u0131 kimi, bu add\u0131m \u00f6lk\u0259miz \u00fc\u00e7\u00fcn inki\u015faf yolunda iqtisadiyyat\u0131n \u015fax\u0259l\u0259ndirilm\u0259si, g\u0259l\u0259c\u0259y\u0259 b\u00f6y\u00fck nikbinlikl\u0259 baxmaq \u00fc\u00e7\u00fcn yeni imkanlar yarad\u0131r. 33 il Az\u0259rbaycana qar\u015f\u0131 t\u0259tbiq olunan \u0259dal\u0259tsiz 907-ci d\u00fcz\u0259li\u015fin aradan qald\u0131r\u0131lmas\u0131 da Prezident \u0130lham \u018fliyevin beyn\u0259lxalq s\u00fclh\u00fcn t\u0259minat\u0131na, xeyirxahl\u0131q t\u0259\u015f\u0259bb\u00fcsl\u0259rin\u0259 veril\u0259n d\u0259y\u0259r idi.<\/p>\n<p><img src=\"https:\/\/ikisahil.az\/upload\/\/2025\/08\/11\/\/-10540569175492402257432899510282598.jpg\" alt=\"\" \/><\/p>\n<p>\u00abBiz\u0259 qar\u015f\u0131 t\u0259tbiq edilmi\u015f bu m\u0259hdudiyy\u0259t 33 ild\u0259n sonra bu g\u00fcn aradan qald\u0131r\u0131ld\u0131. H\u0259qiq\u0259t\u0259n bu g\u00fcn Az\u0259rbaycan xalq\u0131n\u0131n yadda\u015f\u0131na h\u0259m q\u00fcrur, h\u0259m d\u0259 Prezident Trampa minn\u0259tdarl\u0131q hissi il\u0259 h\u0259kk olunacaq. Onun h\u0259m Az\u0259rbaycana olan m\u00fcnasib\u0259ti v\u0259 t\u0259kc\u0259 bizim regionumuz deyil, &#8211; bu g\u00fcn m\u0259n bunu fikir m\u00fcbadil\u0259mizd\u0259 qeyd etdim, &#8211; c\u0259mi bir ne\u00e7\u0259 ay \u0259rzind\u0259 Prezident Tramp Afrikada, Asiyada v\u0259 n\u0259hay\u0259t, C\u0259nubi Qafqazda 30 il \u0259rzind\u0259 \u0259ld\u0259 oluna bilinm\u0259y\u0259ni t\u0259min etdi\u00bb s\u00f6zl\u0259ri il\u0259 qar\u015f\u0131dak\u0131 sabitlik d\u00f6vr\u00fcnd\u0259 daha b\u00f6y\u00fck layih\u0259l\u0259rin realla\u015faca\u011f\u0131n\u0131 \u0259minlikl\u0259 s\u00f6yl\u0259y\u0259n Prezident \u0130lham \u018fliyevin vur\u011fulad\u0131\u011f\u0131 kimi, t\u0259hl\u00fck\u0259sizlik \u00fc\u00e7\u00fcn etimad m\u00fchiti formala\u015fd\u0131racaq AB\u015e g\u00f6r\u00fc\u015f\u00fc tarix\u0259 \u0259min-amanl\u0131q s\u0259hif\u0259si kimi yaz\u0131lacaq. Prezident Donald Tramp\u0131n c\u0259nab \u0130lham \u018fliyev haqq\u0131nda s\u00f6yl\u0259diyi \u00abBu o dem\u0259kdir ki, Siz g\u00fccl\u00fc v\u0259 a\u011f\u0131ll\u0131 insans\u0131n\u0131z, regionunuz d\u00fcnyan\u0131n g\u00f6z\u0259l b\u00f6lg\u0259sidir. Bu i\u015fd\u0259 i\u015ftirak etm\u0259k m\u0259nim \u00fc\u00e7\u00fcn b\u00f6y\u00fck \u015f\u0259r\u0259fdir\u00bb s\u00f6zl\u0259ri C\u0259nubi Qafqazda sabitliyin b\u0259rpas\u0131 namin\u0259 yorulmadan \u00e7al\u0131\u015fan d\u00f6vl\u0259t ba\u015f\u00e7\u0131m\u0131z\u0131n f\u0259aliyytin\u0259 veril\u0259n d\u0259y\u0259r idi. Az\u0259rbaycan Respublikas\u0131 il\u0259 Amerika Birl\u0259\u015fmi\u015f \u015etatlar\u0131 aras\u0131nda Strateji T\u0259r\u0259fda\u015fl\u0131q Xartiyas\u0131n\u0131n haz\u0131rlanmas\u0131 m\u0259qs\u0259dil\u0259 Strateji \u0130\u015f\u00e7i Qrupunun yarad\u0131lmas\u0131 haqq\u0131nda Az\u0259rbaycan Respublikas\u0131 H\u00f6kum\u0259ti v\u0259 Amerika Birl\u0259\u015fmi\u015f \u015etatlar\u0131 H\u00f6kum\u0259ti aras\u0131nda Anla\u015fma Memorandumunu imzalanmas\u0131 iki d\u00f6vl\u0259t ba\u015f\u00e7\u0131s\u0131n\u0131n beyn\u0259lxalq s\u00fclh\u0259 verdikl\u0259ri \u0259n layiqli t\u00f6hf\u0259 oldu.<\/p>\n<p>Prezident \u0130lham \u018fliyevin Va\u015finqtonda Az\u0259rbaycan\u0131n media n\u00fcmay\u0259nd\u0259l\u0259rin\u0259 m\u00fcsahib\u0259si lider q\u0259tiyy\u0259tinin daha bir n\u00fcmun\u0259si kimi d\u00fcnyan\u0131n \u0259n tan\u0131n\u0131m\u0131\u015f d\u00f6vl\u0259t ba\u015f\u00e7\u0131lar\u0131, siyas\u0259t\u00e7il\u0259r t\u0259r\u0259find\u0259n d\u0259st\u0259kl\u0259ndi, xarici K\u0130V-l\u0259rin \u0259sas informasiyas\u0131 kimi yay\u0131mland\u0131.<\/p>\n<p>Va\u015finqtona i\u015fg\u00fczar s\u0259f\u0259rini Amerika-Az\u0259rbaycan m\u00fcnasib\u0259tl\u0259rind\u0259 \u0259m\u0259kda\u015fl\u0131q v\u0259 strateji t\u0259r\u0259fda\u015fl\u0131q s\u0259hif\u0259si adland\u0131ran Prezident \u0130lham \u018fliyev yeni salnam\u0259nin m\u00fc\u0259llif v\u0259 t\u0259\u015f\u0259bb\u00fcskar\u0131 oldu\u011funu d\u00f6vl\u0259t ba\u015f\u00e7\u0131s\u0131 kimi 22 illik t\u0259cr\u00fcb\u0259si, m\u0259ntiqli a\u00e7\u0131qlamas\u0131 il\u0259 t\u0259sdiql\u0259di.<\/p>\n<p>Az\u0259rbaycanla AB\u015e aras\u0131nda energetika, n\u0259qliyyat, ba\u011flant\u0131lar, tranzit, t\u0259hl\u00fck\u0259sizlik, s\u00fcni intellekt, m\u00fcdafi\u0259 s\u0259nayesi v\u0259 m\u00fcdafi\u0259 sah\u0259l\u0259rind\u0259 \u0259m\u0259kda\u015fl\u0131\u011f\u0131 v\u0259 dig\u0259r m\u0259s\u0259l\u0259l\u0259ri \u0259hat\u0259 ed\u0259c\u0259k qar\u015f\u0131l\u0131ql\u0131 s\u0259rmay\u0259 qoyulu\u015funun s\u00fcr\u0259tl\u0259ndirilm\u0259si il\u0259 ba\u011fl\u0131 \u0259ld\u0259 olunan raz\u0131l\u0131qlar iki \u00f6lk\u0259nin beyn\u0259lxalq al\u0259md\u0259 maraqlar\u0131n\u0131n eynil\u0259\u015fdirilm\u0259sin\u0259 d\u0259 t\u0259sir g\u00f6st\u0259r\u0259c\u0259k. Donald Tramp\u0131 m\u00fcharib\u0259l\u0259r\u0259 ba\u015flamayan yegan\u0259 Amerika Prezidenti adland\u0131ran c\u0259nab \u0130lham \u018fliyevin d\u00fcnyada, b\u00f6lg\u0259d\u0259 s\u00fclh\u00fcn t\u0259minat\u0131, qar\u015f\u0131l\u0131ql\u0131 \u0259m\u0259kda\u015fl\u0131q \u00fc\u00e7\u00fcn \u00e7a\u011f\u0131r\u0131\u015flar\u0131n\u0131n h\u0259r biri humanizm prinsipl\u0259rin\u0259 sadiqlik n\u00fcmun\u0259sidir. Tramp\u0131n Afrikada, Asiyada v\u0259 C\u0259nubi Qafqazda s\u00fclh\u00fcn \u0259ld\u0259 olunmas\u0131 namin\u0259 g\u00f6st\u0259rdiyi s\u0259yl\u0259ri Qo\u015fulmama H\u0259r\u0259kat\u0131na s\u0259drliyi m\u00fcdd\u0259tind\u0259 u\u011furla yerin\u0259 yetir\u0259n Prezident \u0130lham \u018fliyev 907-ci \u0259lav\u0259nin l\u0259\u011fvi il\u0259 ba\u011fl\u0131 q\u0259rar\u0131 qar\u015f\u0131l\u0131ql\u0131 \u0259m\u0259kda\u015fl\u0131q \u00fc\u00e7\u00fcn \u00f6n\u0259mli add\u0131m adland\u0131rd\u0131: \u00abT\u0259bii ki, bu g\u00fcn Az\u0259rbaycan\u0131n xarici yard\u0131ma ehtiyac\u0131 yoxdur, \u00f6lk\u0259miz xarici yard\u0131mdan as\u0131l\u0131 deyil. \u0130qtisadiyyat\u0131m\u0131z sabitdir, xarici borcumuz \u00dcDM-in yeddi faizind\u0259n d\u0259 azd\u0131r. \u00d6z\u00fcm\u00fcz donor \u00f6lk\u0259y\u0259 \u00e7evrilmi\u015fik. Bel\u0259likl\u0259, bu g\u00fcn 907-ci d\u00fcz\u0259li\u015f \u0259sas\u0259n siyasi v\u0259 r\u0259mzi m\u0259na da\u015f\u0131y\u0131r. Bu, art\u0131q \u0259dal\u0259tsizliyin art\u0131q aradan qalxd\u0131\u011f\u0131n\u0131 g\u00f6st\u0259rir. Bel\u0259likl\u0259, bu, Prezidentin ad\u0131ndan \u00e7ox m\u00fch\u00fcm siyasi jest idi. Eyni zamanda, bu g\u00fcn onun ofisind\u0259 bu s\u0259n\u0259dl\u0259 b\u0259rab\u0259r, Strateji T\u0259r\u0259fda\u015fl\u0131q haqq\u0131nda Xartiyan\u0131n haz\u0131rlanmas\u0131 \u00fc\u00e7\u00fcn Strateji \u0130\u015f\u00e7i Qrupunun yarad\u0131lmas\u0131 haqq\u0131nda s\u0259n\u0259di d\u0259 imzalad\u0131q. Bu iki m\u00fch\u00fcm hadis\u0259 bu g\u00fcn ba\u015f verib. Buna g\u00f6r\u0259 d\u0259 m\u0259n avqustun 8-ni d\u00f6vl\u0259tl\u0259raras\u0131 m\u00fcnasib\u0259tl\u0259rimizd\u0259 tarixi g\u00fcn hesab edir\u0259m v\u0259 bu da b\u00fct\u00fcn regiona \u00e7ox m\u00fcsb\u0259t t\u0259sir g\u00f6st\u0259r\u0259c\u0259k.\u00bb<\/p>\n<p>Qaraba\u011f m\u00fcnaqi\u015f\u0259si h\u0259rbi-siyasi yollarla \u00f6z h\u0259llini tapm\u0131\u015fd\u0131r. S\u00fclh m\u00fcqavil\u0259sinin beyn\u0259lxalq h\u00fcquqa \u0259saslanan \u015f\u0259rtl\u0259rinin m\u00fc\u0259llifi v\u0259 t\u0259\u015f\u0259bb\u00fcskar\u0131 Az\u0259rbaycand\u0131r. Avropa \u0130ttifaq\u0131 \u015euras\u0131 Prezidentinin t\u0259\u015f\u0259bb\u00fcs\u00fc il\u0259 Br\u00fcssel g\u00f6r\u00fc\u015fl\u0259ri ke\u00e7irils\u0259 d\u0259 fundamental m\u0259s\u0259l\u0259 il\u0259 ba\u011fl\u0131 xarici m\u00fcdaxil\u0259l\u0259r t\u0259r\u0259fl\u0259r aras\u0131nda s\u00fclh sazi\u015finin imzalanmas\u0131na imkan ermirdi. Yaln\u0131z 2023-c\u00fc ilin antiterror \u0259m\u0259liyyat\u0131ndan sonra Erm\u0259nistan art\u0131q reall\u0131qlarla bar\u0131\u015fmal\u0131 oldu. \u00abHesab edir\u0259m ki, bu, C\u0259nubi Qafqaz \u00fc\u00e7\u00fcn \u00e7ox \u00f6n\u0259mli tarixi m\u0259s\u0259l\u0259dir. \u018fmin\u0259m ki, bu g\u00fcn A\u011f Evd\u0259 paraflanan s\u00fclh sazi\u015fi art\u0131q b\u00f6lg\u0259y\u0259 s\u00fclh g\u0259tirib\u00bb s\u00f6yl\u0259y\u0259n Prezident \u0130lham \u018fliyevin vur\u011fulad\u0131\u011f\u0131 kimi, s\u00fclh sa\u015finin imzalanmas\u0131 Erm\u0259nistan \u00fc\u00e7\u00fcn ev tap\u015f\u0131r\u0131\u011f\u0131d\u0131r.<\/p>\n<p>Erm\u0259nistan\u0131n konstitusiyas\u0131nda Az\u0259rbaycana qar\u015f\u0131 \u0259razi iddias\u0131n\u0131n d\u0259yi\u015film\u0259si il\u0259 C\u0259nubi Qafqaz b\u00f6lg\u0259sind\u0259 dayan\u0131ql\u0131 s\u00fclh\u0259 nail olunacaq. Prezident \u0130lham \u018fliyevin \u00abM\u0259n bu g\u00fcn m\u0259tbuat konfrans\u0131nda da qeyd etdim, biz d\u00fcnyan\u0131n bir n\u00f6mr\u0259li paytaxt\u0131nda, d\u00fcnyan\u0131n bir n\u00f6mr\u0259li ofisind\u0259, d\u00fcnyan\u0131n \u0259n q\u00fcdr\u0259tli Prezidentinin i\u015ftirak\u0131 il\u0259 bunu etdik. \u018flb\u0259tt\u0259, h\u0259r k\u0259s ba\u015fa d\u00fc\u015f\u00fcr ki, bunun n\u0259 q\u0259d\u0259r b\u00f6y\u00fck \u0259h\u0259miyy\u0259ti var, h\u0259m \u00f6lk\u0259miz \u00fc\u00e7\u00fcn, h\u0259m b\u00f6lg\u0259 \u00fc\u00e7\u00fcn, h\u0259m geni\u015f co\u011frafiya \u00fc\u00e7\u00fcn. Biz haqq-\u0259dal\u0259ti m\u00fcharib\u0259 yolu il\u0259 b\u0259rpa etdik. \u0130ndi is\u0259 buna siyasi m\u00fcst\u0259vid\u0259 d\u0259 n\u00f6qt\u0259ni qoyduq\u00bb s\u00f6zl\u0259ri xarici havadaralara A\u011f Evd\u0259n ciddi v\u0259 q\u0259ti mesajd\u0131r. Va\u015finqton g\u00f6r\u00fc\u015f\u00fcnd\u0259 Erm\u0259nistan c\u0259miyy\u0259tind\u0259 v\u0259 hakim dair\u0259l\u0259rind\u0259, havadarlar\u0131nda guya Az\u0259rbaycan\u0131n Erm\u0259nistan\u0131n daxili i\u015fl\u0259rin\u0259 qar\u0131\u015fmaq isterikas\u0131na da son qoyuldu. S\u00fclh sazi\u015finin paraflanmas\u0131 v\u0259 Minsk qrupunun l\u0259\u011fvi il\u0259 ba\u011fl\u0131 birinci mane\u0259 aradan qald\u0131rd\u0131. Az\u0259rbaycanla ba\u011fl\u0131 q\u0259r\u0259zli \u015fayi\u0259l\u0259r\u0259, x\u00fcsusil\u0259 Az\u0259rbaycan\u0131n \u0259sas hiss\u0259si il\u0259 Nax\u00e7\u0131van aras\u0131nda quru \u0259laq\u0259si il\u0259 ba\u011fl\u0131 t\u0259xribatlar\u0131n \u0259sass\u0131z oldu\u011fu t\u0259sdiql\u0259ndi. Prezident Tramp\u0131n \u015fahidliyi il\u0259 Erm\u0259nistan\u0131n ba\u015f nazirinin \u015f\u0259xs\u0259n imzalad\u0131\u011f\u0131 Birg\u0259 B\u0259yannam\u0259d\u0259 Az\u0259rbaycan\u0131n \u0259sas hiss\u0259sind\u0259n Nax\u00e7\u0131van Muxtar Respublikas\u0131na mane\u0259siz ke\u00e7idl\u0259 ba\u011fl\u0131 Az\u0259rbaycan\u0131n m\u00f6vqeyi d\u0259st\u0259kl\u0259ndi. \u00abEyni zamanda, biz Nax\u00e7\u0131van Muxtar Respublikas\u0131nda d\u0259mir yolunun b\u0259rpas\u0131na ba\u015flay\u0131r\u0131q. Dem\u0259li, biz\u0259 bu 40 kilometrlik d\u0259mir yolu laz\u0131md\u0131r ki, Az\u0259rbaycan\u0131n iki hiss\u0259sini birl\u0259\u015fdir\u0259 bil\u0259k. Bu, t\u0259kc\u0259 d\u0259mir yolu il\u0259 bitmir. Biz elektrik \u00f6t\u00fcr\u00fcc\u00fc x\u0259tl\u0259ri, fiber-optik x\u0259tl\u0259r, potensial olaraq Az\u0259rbaycan\u0131n v\u0259 X\u0259z\u0259rin dig\u0259r tay\u0131ndan qon\u015fular\u0131m\u0131z\u0131n enerji resurslar\u0131n\u0131 da\u015f\u0131ya bil\u0259c\u0259k enerji infrastrukturlar\u0131 haqq\u0131nda d\u00fc\u015f\u00fcn\u00fcr\u00fck\u00bb s\u00f6zl\u0259ri il\u0259 Bayden Administrasiyas\u0131n\u0131n m\u00fc\u0259llif oldu\u011fu anti-Az\u0259rbaycan t\u0259xribatlara qar\u015f\u0131 daha k\u0259skin m\u00fcbari\u0259 apar\u0131laca\u011f\u0131n\u0131 q\u0259tiyy\u0259tl\u0259 bildir\u0259n Prezident \u0130lham \u018fliyevin vur\u011fulad\u0131\u011f\u0131 kimi, Va\u015finqton g\u00f6r\u00fc\u015f\u00fc USAID v\u0259 Menendez, Peloni, Pelosi, \u015eermann, Marki, Kristofer Smit v\u0259 Adam \u015eiff kimil\u0259r\u0259 \u0259sl demokratiya v\u0259 birlik z\u0259rb\u0259si oldu. S\u00fclh sazi\u015finin imzalanmas\u0131 il\u0259 Az\u0259rbaycanla r\u0259smi \u0130r\u0259van aras\u0131nda b\u00fct\u00fcn sah\u0259l\u0259r \u00fczr\u0259 \u0259laq\u0259l\u0259r yaranacaq, Erm\u0259nistan tranzit n\u0259qliyyat \u00f6lk\u0259sin\u0259 \u00e7evril\u0259c\u0259k.<\/p>\n<p>AB\u015e-la Az\u0259rbaycan aras\u0131nda imzalanan Anla\u015fma Memorandumunda enerji \u0259m\u0259kda\u015fl\u0131\u011f\u0131na x\u00fcsusi diqq\u0259t yetirilib. Neft, qaz, potensial b\u0259rpaolunan enerji m\u0259nb\u0259l\u0259ri hesab\u0131na bu g\u00fcn Az\u0259rbaycan NATO-nun 10 \u00fczv\u00fcn\u00fc, AB\u015e-\u0131n 10 m\u00fctt\u0259fiqini t\u0259bii qazla t\u0259chiz edir. \u00d6lk\u0259mizin boru k\u0259m\u0259ri 14 \u00f6lk\u0259ni \u0259hat\u0259 edir. Bu yax\u0131nlarda Suriyaya t\u0259bii qaz t\u0259dar\u00fck\u00fc il\u0259 Az\u0259rbaycan art\u0131q Yax\u0131n \u015e\u0259rq regionuna daxil olub. Bu g\u00fcn co\u011frafiyas\u0131 Avropan\u0131, el\u0259c\u0259 d\u0259 Yax\u0131n \u015e\u0259rqi \u0259hat\u0259 ed\u0259n Az\u0259rbaycan\u0131n enerji diplomatiyas\u0131n\u0131n yeni istiqam\u0259tl\u0259r \u00fczr\u0259 geni\u015fl\u0259nm\u0259si \u00f6lk\u0259mizin \u00abEnerji g\u00fcnd\u0259liyi\u00bbnin t\u0259rkib hiss\u0259sidir.<\/p>\n<p>Va\u015finqtona s\u0259f\u0259ri, ke\u00e7iril\u0259n g\u00f6r\u00fc\u015fl\u0259rd\u0259, apar\u0131lan dan\u0131\u015f\u0131qlarda m\u0259ntiqli a\u00e7\u0131qlamalar\u0131, lider c\u0259sar\u0259ti il\u0259 C\u0259nubi Qafqazda davaml\u0131 s\u00fclh\u00fcn t\u0259min olunmas\u0131nda q\u0259tiyy\u0259t g\u00f6st\u0259r\u0259n Prezident \u0130lham \u018fliyev regionumuzu yenid\u0259n h\u0259rbi poliqona \u00e7evrilm\u0259k t\u0259hl\u00fck\u0259sind\u0259n xilas etdi. S\u00fclh dan\u0131\u015f\u0131qlar\u0131 \u00fc\u00e7\u00fcn m\u00fcnbit \u015f\u0259rait yartmaqla g\u0259ncl\u0259rimizi \u015f\u0259hid olmaqdan, \u015f\u0259h\u0259r v\u0259 k\u0259ndl\u0259ri da\u011f\u0131lmaqdan qorudu. Regionumuzu yeni m\u00fcharib\u0259l\u0259r\u0259 s\u00fcr\u00fckl\u0259y\u0259n q\u0259r\u0259zli q\u00fcvv\u0259l\u0259r\u0259 bird\u0259f\u0259lik \u00abDurun!\u00bb dedi. 44 g\u00fcnl\u00fck V\u0259t\u0259n m\u00fcharib\u0259sind\u0259 Z\u0259f\u0259ri il\u0259 beyn\u0259lxalq ictimaiyy\u0259ti heyr\u0259tl\u0259ndir\u0259n Prezident \u0130lham \u018fliyev s\u00fclh g\u00fcnd\u0259liyin\u0259 d\u0259 inaml\u0131 yol a\u00e7d\u0131. Az\u0259rbaycan\u0131n Qlobal C\u0259nubda siyasi, iqtisadi \u0259laq\u0259l\u0259rd\u0259 apar\u0131c\u0131 rolu v\u0259 xidm\u0259tl\u0259ri t\u0259sdiql\u0259ndi. D\u0259f\u0259l\u0259rl\u0259 qeyd olundu\u011fu kimi, bu g\u00fcn M\u0259rk\u0259zi Asiya regionu, C\u0259nubi Qafqaz, ondan \u015e\u0259rqd\u0259 v\u0259 Q\u0259rbd\u0259 yerl\u0259\u015f\u0259n \u00f6lk\u0259l\u0259r sabit d\u00f6vl\u0259tl\u0259rdir. X\u00fcsusil\u0259 d\u0259 Qaraba\u011f m\u00fcnaqi\u015f\u0259si ba\u015fa \u00e7atandan sonra sabitlik, t\u0259hl\u00fck\u0259sizlik v\u0259 inki\u015faf \u00fc\u00e7\u00fcn perspektivl\u0259r daha ayd\u0131n v\u0259 geni\u015fdir. Y\u0259ni, bu, ba\u011fl\u0131l\u0131q layih\u0259l\u0259rinin t\u0259\u015fviqi bax\u0131m\u0131ndan m\u00fch\u00fcm amildir. \u0130kinci amil qon\u015fularla xo\u015f m\u00fcnasib\u0259tl\u0259rdir. Bu olmad\u0131\u011f\u0131 t\u0259qdird\u0259 \u00f6lk\u0259 tranzit \u00f6lk\u0259 ola bilm\u0259z. \u00abQon\u015fular\u0131m\u0131zla deyil, qon\u015fular\u0131m\u0131z\u0131n qon\u015fular\u0131 il\u0259 d\u0259 yax\u015f\u0131 m\u00fcnasib\u0259tl\u0259r\u0259 malik olmaq\u00bb prinsipi s\u00fclh \u00fc\u00e7\u00fcn ba\u015fl\u0131ca h\u0259d\u0259fdir. Bu sah\u0259d\u0259 d\u0259 \u00f6lk\u0259mizin f\u0259al, sevik diplomatik f\u0259aliyy\u0259ti \u00f6z\u00fcn\u00fc do\u011fruldur. Prezident \u0130lham \u018fliyevin \u00abBiz son 10 il \u0259rzind\u0259 etimad qurma\u011fa \u00e7al\u0131\u015fm\u0131\u015f\u0131q. Biz n\u00fcmayi\u015f etdirm\u0259y\u0259 \u00e7al\u0131\u015fm\u0131\u015f\u0131q ki, \u00f6lk\u0259miz etibarl\u0131 t\u0259r\u0259fda\u015fd\u0131r v\u0259 s\u00f6z\u00fcm\u00fcz\u00fcn imzam\u0131z q\u0259d\u0259r d\u0259y\u0259ri var. Bu, bu g\u00fcn\u0259 q\u0259d\u0259r d\u0259 m\u0259hz bel\u0259 olmu\u015fdur\u00bb s\u00f6zl\u0259ri Va\u015finqton s\u0259f\u0259rinin \u00fcmumi ah\u0259ngini tam \u0259ks etdirir.<\/p>\n<p><em><strong>Xuraman \u0130smay\u0131lq\u0131z\u0131, &#8220;\u0130ki sahil&#8221;<\/strong><\/em><\/p>\n","protected":false},"excerpt":{"rendered":"<p>Prezident \u0130lham \u018fliyevin simas\u0131nda z\u0259nginl\u0259\u015f\u0259n qalibiyy\u0259t formulu Va\u015finqtonda da t\u0259sdiql\u0259ndi Prezident \u0130lham \u018fliyevin Amerika Birl\u0259\u015fmi\u015f \u015etatlar\u0131na (AB\u015e) i\u015fg\u00fczar s\u0259f\u0259ri tarixi anlar\u0131 il\u0259 yadda qald\u0131. Avqustun 8-d\u0259 Va\u015finqtonda Az\u0259rbaycan Prezidenti \u0130lham \u018fliyevin, Erm\u0259nistan\u0131n ba\u015f naziri Nikol Pa\u015finyan\u0131n v\u0259 AB\u015e Prezidenti Donald Tramp\u0131n i\u015ftirak\u0131 il\u0259 ke\u00e7iril\u0259n g\u00f6r\u00fc\u015f, imzalanan Birg\u0259 B\u0259yannam\u0259 t\u0259kc\u0259 C\u0259nubi Qafqazda sabitliyin t\u0259minat\u0131 bax\u0131m\u0131ndan deyil, b\u00fct\u00fcnl\u00fckd\u0259 m\u00fcasir d\u00fcnyam\u0131z\u0131n siyasi masas\u0131nda h\u0259llini g\u00f6zl\u0259y\u0259n bir \u00e7ox m\u0259s\u0259l\u0259l\u0259rin \u00abQordi d\u00fcy\u00fcn\u00fc\u00bbn\u00fcn a\u00e7\u0131lmas\u0131 prosesinin ba\u015flan\u011f\u0131c\u0131, d\u00f6n\u00fc\u015f n\u00f6qt\u0259si kimi d\u0259y\u0259rl\u0259ndirildi. B\u00fct\u00fcn d\u00fcnya icimaiyy\u0259ti bir h\u0259qiq\u0259tin \u015fahidi oldu: S\u00fclh prosesinin siyasi irad\u0259 il\u0259 t\u0259min olunmas\u0131 \u0259n optimal&hellip;<\/p>\n","protected":false},"author":2,"featured_media":820315,"comment_status":"closed","ping_status":"closed","sticky":false,"template":"","format":"standard","meta":{"om_disable_all_campaigns":false,"_monsterinsights_skip_tracking":false,"_monsterinsights_sitenote_active":false,"_monsterinsights_sitenote_note":"","_monsterinsights_sitenote_category":0},"categories":[19],"tags":[],"aioseo_notices":[],"gutentor_comment":0,"rttpg_featured_image_url":{"full":["https:\/\/arantv.az\/wp-content\/uploads\/2025\/08\/6d584275175492397834934577410502520.jpg",975,540,false],"landscape":["https:\/\/arantv.az\/wp-content\/uploads\/2025\/08\/6d584275175492397834934577410502520.jpg",975,540,false],"portraits":["https:\/\/arantv.az\/wp-content\/uploads\/2025\/08\/6d584275175492397834934577410502520.jpg",975,540,false],"thumbnail":["https:\/\/arantv.az\/wp-content\/uploads\/2025\/08\/6d584275175492397834934577410502520-500x280.jpg",500,280,true],"medium":["https:\/\/arantv.az\/wp-content\/uploads\/2025\/08\/6d584275175492397834934577410502520-660x365.jpg",660,365,true],"large":["https:\/\/arantv.az\/wp-content\/uploads\/2025\/08\/6d584275175492397834934577410502520-840x465.jpg",640,354,true],"1536x1536":["https:\/\/arantv.az\/wp-content\/uploads\/2025\/08\/6d584275175492397834934577410502520.jpg",975,540,false],"2048x2048":["https:\/\/arantv.az\/wp-content\/uploads\/2025\/08\/6d584275175492397834934577410502520.jpg",975,540,false],"post-thumbnail":["https:\/\/arantv.az\/wp-content\/uploads\/2025\/08\/6d584275175492397834934577410502520-240x172.jpg",240,172,true],"advps-thumb-one":["https:\/\/arantv.az\/wp-content\/uploads\/2025\/08\/6d584275175492397834934577410502520.jpg",975,540,false]},"rttpg_author":{"display_name":"V\u00fcsal Rafiqo\u011flu","author_link":"https:\/\/arantv.az\/?author=2"},"rttpg_comment":0,"rttpg_category":"<a href=\"https:\/\/arantv.az\/?cat=19\" rel=\"category\">G\u00fcnd\u0259m<\/a>","rttpg_excerpt":"Prezident \u0130lham \u018fliyevin simas\u0131nda z\u0259nginl\u0259\u015f\u0259n qalibiyy\u0259t formulu Va\u015finqtonda da t\u0259sdiql\u0259ndi Prezident \u0130lham \u018fliyevin Amerika Birl\u0259\u015fmi\u015f \u015etatlar\u0131na (AB\u015e) i\u015fg\u00fczar s\u0259f\u0259ri tarixi anlar\u0131 il\u0259 yadda qald\u0131. Avqustun 8-d\u0259 Va\u015finqtonda Az\u0259rbaycan Prezidenti \u0130lham \u018fliyevin, Erm\u0259nistan\u0131n ba\u015f naziri Nikol Pa\u015finyan\u0131n v\u0259 AB\u015e Prezidenti Donald Tramp\u0131n i\u015ftirak\u0131 il\u0259 ke\u00e7iril\u0259n g\u00f6r\u00fc\u015f, imzalanan Birg\u0259 B\u0259yannam\u0259 t\u0259kc\u0259 C\u0259nubi Qafqazda sabitliyin t\u0259minat\u0131 bax\u0131m\u0131ndan deyil,&hellip;","_links":{"self":[{"href":"https:\/\/arantv.az\/index.php?rest_route=\/wp\/v2\/posts\/820314"}],"collection":[{"href":"https:\/\/arantv.az\/index.php?rest_route=\/wp\/v2\/posts"}],"about":[{"href":"https:\/\/arantv.az\/index.php?rest_route=\/wp\/v2\/types\/post"}],"author":[{"embeddable":true,"href":"https:\/\/arantv.az\/index.php?rest_route=\/wp\/v2\/users\/2"}],"replies":[{"embeddable":true,"href":"https:\/\/arantv.az\/index.php?rest_route=%2Fwp%2Fv2%2Fcomments&post=820314"}],"version-history":[{"count":2,"href":"https:\/\/arantv.az\/index.php?rest_route=\/wp\/v2\/posts\/820314\/revisions"}],"predecessor-version":[{"id":820317,"href":"https:\/\/arantv.az\/index.php?rest_route=\/wp\/v2\/posts\/820314\/revisions\/820317"}],"wp:featuredmedia":[{"embeddable":true,"href":"https:\/\/arantv.az\/index.php?rest_route=\/wp\/v2\/media\/820315"}],"wp:attachment":[{"href":"https:\/\/arantv.az\/index.php?rest_route=%2Fwp%2Fv2%2Fmedia&parent=820314"}],"wp:term":[{"taxonomy":"category","embeddable":true,"href":"https:\/\/arantv.az\/index.php?rest_route=%2Fwp%2Fv2%2Fcategories&post=820314"},{"taxonomy":"post_tag","embeddable":true,"href":"https:\/\/arantv.az\/index.php?rest_route=%2Fwp%2Fv2%2Ftags&post=820314"}],"curies":[{"name":"wp","href":"https:\/\/api.w.org\/{rel}","templated":true}]}}