{"id":820318,"date":"2025-08-11T20:24:08","date_gmt":"2025-08-11T16:24:08","guid":{"rendered":"https:\/\/arantv.az\/?p=820318"},"modified":"2025-08-11T20:24:08","modified_gmt":"2025-08-11T16:24:08","slug":"erm%c9%99nistan-n%c9%99-q%c9%99d%c9%99r-tez-addimlar-atsa","status":"publish","type":"post","link":"https:\/\/arantv.az\/?p=820318","title":{"rendered":"Erm\u0259nistan n\u0259 q\u0259d\u0259r tez add\u0131mlar atsa&#8230;"},"content":{"rendered":"<p><em><strong>Avqustun 8-d\u0259 Va\u015finqtonda ke\u00e7iril\u0259n g\u00f6r\u00fc\u015f C\u0259nubi Qafqazda uzunm\u00fcdd\u0259tli s\u00fclh\u00fcn t\u0259minat\u0131 \u00fc\u00e7\u00fcn m\u00fch\u00fcm d\u00f6n\u00fc\u015f n\u00f6qt\u0259si oldu. Prezident \u0130lham \u018fliyev, Erm\u0259nistan ba\u015f naziri Nikol Pa\u015finyan v\u0259 AB\u015e Prezidenti Donald Tramp\u0131n i\u015ftirak\u0131 il\u0259 imzalanan Birg\u0259 B\u0259yannam\u0259 C\u0259nubi Qafqazda onillikl\u0259rdir davam ed\u0259n g\u0259rginliyin h\u0259llin\u0259 y\u00f6n\u0259lmi\u015f \u0259n ciddi siyasi s\u0259n\u0259dl\u0259rd\u0259n biri kimi tarix\u0259 d\u00fc\u015fd\u00fc. Bu t\u0259\u015f\u0259bb\u00fcs regionda s\u00fclh prosesinin formal b\u0259yanatlardan real siyasi g\u00fcnd\u0259liy\u0259 \u00e7evrilm\u0259si bax\u0131m\u0131ndan strateji d\u00f6n\u00fc\u015f n\u00f6qt\u0259si hesab oluna bil\u0259r. Va\u015finqton g\u00f6r\u00fc\u015f\u00fc ill\u0259rl\u0259 davam ed\u0259n qar\u015f\u0131durmalar\u0131n fonunda yeni siyasi reall\u0131\u011f\u0131n formala\u015fd\u0131\u011f\u0131n\u0131 g\u00f6st\u0259rir. Burada s\u00f6hb\u0259t yaln\u0131z iki \u00f6lk\u0259 aras\u0131nda m\u00fcnasib\u0259tl\u0259rin normalla\u015fmas\u0131ndan getmir, imzalanan s\u0259n\u0259d h\u0259m d\u0259 C\u0259nubi Qafqaz\u0131n geosiyasi x\u0259rit\u0259sind\u0259 t\u0259hl\u00fck\u0259sizlik v\u0259 \u0259m\u0259kda\u015fl\u0131q m\u0259rk\u0259zli yeni bir sistemin \u0259sas\u0131n\u0131 qoyur. AB\u015e-\u0131n vasit\u0259\u00e7ilik missiyas\u0131 v\u0259 proses\u0259 birba\u015fa siyasi d\u0259st\u0259k verm\u0259si s\u0259n\u0259din beyn\u0259lxalq legitimliyini art\u0131r\u0131r, region \u00f6lk\u0259l\u0259rinin bundan sonrak\u0131 add\u0131mlar\u0131na t\u0259sir imkanlar\u0131n\u0131 geni\u015fl\u0259ndirir.<\/strong><\/em><\/p>\n<p>Birg\u0259 B\u0259yannam\u0259nin \u0259h\u0259miyy\u0259ti h\u0259m d\u0259 ondan ibar\u0259tdir ki, bu s\u0259n\u0259d siyasi irad\u0259nin ifad\u0259sind\u0259n daha \u00e7ox praktiki add\u0131mlar \u00fc\u00e7\u00fcn yol x\u0259rit\u0259si rolunu oynaya bil\u0259r. Qar\u015f\u0131l\u0131ql\u0131 etimad\u0131n b\u0259rpas\u0131, kommunikasiya x\u0259tl\u0259rinin a\u00e7\u0131lmas\u0131, iqtisadi \u0259m\u0259kda\u015fl\u0131q imkanlar\u0131n\u0131n geni\u015fl\u0259ndirilm\u0259si kimi m\u00fcdd\u0259alar uzunm\u00fcdd\u0259tli sabitlik \u00fc\u00e7\u00fcn konkret baza yarad\u0131r. Bu is\u0259 o dem\u0259kdir ki, \u0259g\u0259r t\u0259r\u0259fl\u0259r \u00f6hd\u0259likl\u0259rin\u0259 sadiq qalsalar, region t\u0259kc\u0259 t\u0259hl\u00fck\u0259sizlik bax\u0131m\u0131ndan deyil, iqtisadi inteqrasiya v\u0259 sosial inki\u015faf sah\u0259l\u0259rind\u0259 d\u0259 yeni m\u0259rh\u0259l\u0259y\u0259 q\u0259d\u0259m qoya bil\u0259r.<\/p>\n<p>Bu kontekstd\u0259 Prezident \u0130lham \u018fliyevin Sammitd\u0259n sonra ke\u00e7iril\u0259n m\u0259tbuat konfrans\u0131nda verdiyi b\u0259yanat strateji x\u0259b\u0259rdarl\u0131q kimi qiym\u0259tl\u0259ndiril\u0259 bil\u0259r. D\u00f6vl\u0259t ba\u015f\u00e7\u0131s\u0131 Erm\u0259nistan\u0131n \u00fcz\u0259rin\u0259 g\u00f6t\u00fcrd\u00fcy\u00fc \u00f6hd\u0259likl\u0259ri yubanmadan icra etm\u0259sinin vacibliyini x\u00fcsusi vur\u011fulad\u0131. O, a\u00e7\u0131q \u015f\u0259kild\u0259 bildirdi ki, bu \u00f6hd\u0259likl\u0259rin yerin\u0259 yetirilm\u0259m\u0259si ilk n\u00f6vb\u0259d\u0259 AB\u015e-a, x\u00fcsusil\u0259 d\u0259 Prezident Donald Trampa qar\u015f\u0131 a\u00e7\u0131q h\u00f6rm\u0259tsizlik kimi qiym\u0259tl\u0259ndiril\u0259c\u0259k. Bu, diplomatik dill\u0259 deyil, birba\u015fa mesaj format\u0131nda s\u0259sl\u0259ndi, y\u0259ni Erm\u0259nistan \u00fc\u00e7\u00fcn \u201cgeri d\u00f6n\u00fc\u015f\u201d imkan\u0131 yoxdur, yegan\u0259 yol ir\u0259li, s\u00fclh istiqam\u0259tind\u0259 add\u0131mlamaqd\u0131r. M\u0259s\u0259l\u0259 t\u0259kc\u0259 protokol etikas\u0131 il\u0259 m\u0259hdudla\u015fm\u0131r. AB\u015e-\u0131n prosesd\u0259ki m\u00f6vqeyi v\u0259 t\u0259sir mexanizml\u0259ri Erm\u0259nistan\u0131n \u0259vv\u0259ll\u0259r tez-tez istifad\u0259 etdiyi \u201cvaxt qazanmaq\u201d siyas\u0259tini faktiki olaraq ba\u011flay\u0131r. Va\u015finqton art\u0131q yaln\u0131z vasit\u0259\u00e7i deyil, h\u0259m d\u0259 t\u0259minat\u00e7\u0131 rolundad\u0131r. Bu is\u0259 o dem\u0259kdir ki, Erm\u0259nistan\u0131n g\u00f6t\u00fcrd\u00fcy\u00fc h\u0259r bir \u00f6hd\u0259lik AB\u015e-\u0131n n\u00fcfuzu il\u0259 bilavasit\u0259 ba\u011fl\u0131d\u0131r. Bel\u0259 \u015f\u0259raitd\u0259 \u00f6hd\u0259likl\u0259rin icras\u0131n\u0131 yubadacaq h\u0259r hans\u0131 add\u0131m Erm\u0259nistan\u0131n beyn\u0259lxalq imicin\u0259 ciddi z\u0259rb\u0259 vurmaqla yana\u015f\u0131, Va\u015finqtonla m\u00fcnasib\u0259tl\u0259rd\u0259 d\u0259 g\u0259rginlik yaradacaq.<\/p>\n<p>Erm\u0259nistan\u0131n \u00fcz\u0259rin\u0259 d\u00fc\u015f\u0259n \u0259sas v\u0259zif\u0259l\u0259rd\u0259n biri konstitusiyada k\u00f6kl\u00fc d\u0259yi\u015fiklikl\u0259rin h\u0259yata ke\u00e7irilm\u0259sidir. Bu proses n\u00f6vb\u0259ti parlament se\u00e7kil\u0259rind\u0259n sonra, ya onlar\u0131n paralel, ya da m\u00fcmk\u00fcn n\u00f6vb\u0259d\u0259nk\u0259nar se\u00e7kil\u0259rl\u0259 birg\u0259 ba\u015f tuta bil\u0259r. H\u0259tta qanunvericilik bax\u0131m\u0131ndan referendum vasit\u0259sil\u0259 bu d\u0259yi\u015fiklikl\u0259rin s\u00fcr\u0259tl\u0259 t\u0259sdiql\u0259nm\u0259si d\u0259 m\u00fcmk\u00fcnd\u00fcr. Y\u0259ni, h\u00fcquqi mane\u0259l\u0259r m\u00f6vcud deyil, \u0259sas m\u0259s\u0259l\u0259 siyasi irad\u0259nin m\u00f6vcudlu\u011fudur. \u018fg\u0259r irad\u0259 varsa, bu proses \u00e7ox q\u0131sa m\u00fcdd\u0259t \u0259rzind\u0259 icra edil\u0259 bil\u0259r. Vaxt\u0131n uzad\u0131lmas\u0131 is\u0259 Erm\u0259nistan \u00fc\u00e7\u00fcn ciddi riskl\u0259r yarad\u0131r. AB\u015e kimi strateji z\u0259man\u0259t\u00e7inin g\u00f6z\u00fcnd\u0259 \u00f6hd\u0259likl\u0259rin t\u0259xir\u0259 sal\u0131nmas\u0131 beyn\u0259lxalq etimad\u0131n z\u0259ifl\u0259m\u0259sin\u0259 g\u0259tirib \u00e7\u0131xara bil\u0259r ki, bu da \u0130r\u0259van\u0131n xarici t\u0259r\u0259fda\u015flarla m\u00fcnasib\u0259tl\u0259rin\u0259 m\u0259nfi t\u0259sir g\u00f6st\u0259r\u0259r. Daxild\u0259 is\u0259 revan\u015fist q\u00fcvv\u0259l\u0259rin aktivl\u0259\u015fm\u0259si v\u0259 siyasi g\u0259rginliyin artmas\u0131 \u00f6lk\u0259d\u0259 sabitliyi t\u0259hdid edir, Pa\u015finyana qar\u015f\u0131 t\u0259zyiql\u0259r g\u00fccl\u0259nir ki, bu da siyasi m\u00fcbariz\u0259ni k\u0259skinl\u0259\u015fdirir. Bununla yana\u015f\u0131, regionda formala\u015fan yeni status-kvo Erm\u0259nistan\u0131n manevr imkanlar\u0131n\u0131 xeyli m\u0259hdudla\u015fd\u0131r\u0131r; gecikm\u0259 h\u0259r ke\u00e7\u0259n g\u00fcn \u0130r\u0259van\u0131n strateji m\u00f6vqeyini z\u0259ifl\u0259dir v\u0259 uzunm\u00fcdd\u0259tli perspektivd\u0259 \u00f6lk\u0259nin dayan\u0131ql\u0131l\u0131\u011f\u0131na m\u0259nfi t\u0259sir g\u00f6st\u0259rir. Buna g\u00f6r\u0259 d\u0259 Erm\u0259nistan \u00fc\u00e7\u00fcn \u0259n m\u0259qs\u0259d\u0259uy\u011fun v\u0259 z\u0259ruri yol, siyasi irad\u0259 n\u00fcmayi\u015f etdir\u0259r\u0259k \u00f6hd\u0259likl\u0259ri vaxt\u0131nda v\u0259 tam \u015f\u0259kild\u0259 icra etm\u0259kdir. Bu h\u0259m daxili sabitliyin qorunmas\u0131, h\u0259m d\u0259 beyn\u0259lxalq m\u00fcnasib\u0259tl\u0259rd\u0259 etibar\u0131n b\u0259rpas\u0131 bax\u0131m\u0131ndan h\u0259yati \u0259h\u0259miyy\u0259t da\u015f\u0131y\u0131r.<\/p>\n<p>Milli M\u0259clisin deputat\u0131 Az\u0259r Allahver\u0259nov m\u00f6vzu il\u0259 ba\u011fl\u0131 \u201c\u0130ki sahil\u201d\u0259 a\u00e7\u0131qlamas\u0131nda bildirdi ki, Prezident \u0130lham \u018fliyev Va\u015finqton Samitind\u0259n sonra ke\u00e7iril\u0259n m\u0259tbuat konfrans\u0131nda Erm\u0259nistan\u0131n \u00fcz\u0259rin\u0259 g\u00f6t\u00fcrd\u00fcy\u00fc \u00f6hd\u0259likl\u0259ri gecikdirm\u0259m\u0259sinin vacibliyini x\u00fcsusi vur\u011fulay\u0131b. D\u00f6vl\u0259t ba\u015f\u00e7\u0131s\u0131 qeyd edib ki, bu \u00f6hd\u0259likl\u0259rin yerin\u0259 yetirilm\u0259m\u0259si ilk n\u00f6vb\u0259d\u0259 AB\u015e-a, x\u00fcsusil\u0259 d\u0259 Prezident Donald Trampa qar\u015f\u0131 h\u00f6rm\u0259tsizlik kimi qiym\u0259tl\u0259ndiril\u0259 bil\u0259r. Bu, h\u0259m d\u0259 Erm\u0259nistan\u0131n m\u0259suliyy\u0259tini art\u0131ran m\u00fch\u00fcm siyasi mesajd\u0131r: \u201cPrezidentin \u00e7\u0131x\u0131\u015f\u0131nda iki \u0259sas kontekst \u00f6n plana \u00e7\u0131x\u0131b. Birincisi, Az\u0259rbaycan\u0131n he\u00e7 bir m\u0259s\u0259l\u0259d\u0259n \u00e7\u0259kinm\u0259diyi, \u0259ks halda, h\u0259min s\u0259n\u0259dl\u0259r\u0259 imza atmayaca\u011f\u0131 fikridir. Bu, h\u0259m Erm\u0259nistan\u0131n \u00fcz\u0259rin\u0259 d\u00fc\u015f\u0259n \u00f6hd\u0259likl\u0259ri icra etm\u0259si \u00fc\u00e7\u00fcn ciddi t\u0259zyiq amili, h\u0259m d\u0259 AB\u015e-\u0131n prosesd\u0259 beyn\u0259lxalq z\u0259man\u0259t\u00e7i kimi birba\u015fa i\u015ftirak\u0131 bax\u0131m\u0131ndan \u0259h\u0259miyy\u0259tlidir. Bu v\u0259ziyy\u0259t Erm\u0259nistan\u0131n ba\u015f naziri Nikol Pa\u015finyana \u0259lav\u0259 manevr imkanlar\u0131 yarad\u0131r, eyni zamanda, onu xarici m\u00fcdaxil\u0259l\u0259rd\u0259n yay\u0131nma\u011fa v\u0259 \u00f6hd\u0259likl\u0259ri icra etm\u0259y\u0259 s\u00f6vq edir.<\/p>\n<p>\u0130kinci m\u00fch\u00fcm m\u0259qam odur ki, Erm\u0259nistan bu \u00f6hd\u0259likl\u0259ri yerin\u0259 yetirm\u0259zs\u0259, bu, Donald Trampa qar\u015f\u0131 a\u00e7\u0131q h\u00f6rm\u0259tsizlik kimi q\u0259bul oluna bil\u0259r. Prezident \u0130lham \u018fliyevin vur\u011fulad\u0131\u011f\u0131 kimi, burada geri add\u0131m imkan\u0131 yoxdur; yaln\u0131z ir\u0259liy\u0259, s\u00fclh istiqam\u0259tind\u0259 add\u0131mlamaq v\u0259 g\u00f6t\u00fcr\u00fclm\u00fc\u015f \u00f6hd\u0259likl\u0259ri icra etm\u0259k alternativsizdir. Erm\u0259nistan konstitusiyas\u0131na d\u0259yi\u015fiklik edilm\u0259si m\u0259s\u0259l\u0259sini d\u0259 \u00f6z \u00fcz\u0259rin\u0259 \u00f6hd\u0259lik kimi g\u00f6t\u00fcr\u00fcb. Bu d\u0259yi\u015fiklikl\u0259r parlament se\u00e7kil\u0259rind\u0259n sonra, h\u0259min se\u00e7kil\u0259rl\u0259 paralel v\u0259 ya n\u00f6vb\u0259d\u0259nk\u0259nar se\u00e7kil\u0259r elan olunmaqla h\u0259yata ke\u00e7iril\u0259 bil\u0259r. Bundan sonra 2\u20133 ay \u0259rzind\u0259 v\u0259 ya eyni vaxtda konstitusiya d\u0259yi\u015fikliyi il\u0259 ba\u011fl\u0131 referendumun ke\u00e7irilm\u0259si d\u0259 m\u00fcmk\u00fcnd\u00fcr. Erm\u0259nistan qanunvericiliyi imkan verdiyi halda bu variantlardan biri realla\u015fmal\u0131d\u0131r v\u0259 ist\u0259nil\u0259n halda r\u0259smi \u0130r\u0259van bu \u00f6hd\u0259liyi icra etm\u0259lidir\u201d.<\/p>\n<p>Deputat xat\u0131rlatd\u0131 ki, 44 g\u00fcnl\u00fck V\u0259t\u0259n m\u00fcharib\u0259sind\u0259n sonra imzalanm\u0131\u015f \u00fc\u00e7t\u0259r\u0259fli B\u0259yanat \u00e7\u0259r\u00e7iv\u0259sind\u0259 d\u0259 Erm\u0259nistan bir s\u0131ra \u00f6hd\u0259likl\u0259rini icra etm\u0259kd\u0259n yay\u0131n\u0131rd\u0131: \u201cO d\u00f6vrd\u0259 Erm\u0259nistan r\u0259hb\u0259rliyi b\u0259yanat\u0131n m\u00fcdd\u0259alar\u0131n\u0131 pozmaqla beyn\u0259lxalq ictimaiyy\u0259ti \u00e7a\u015fd\u0131rma\u011fa, manipulyasiya etm\u0259y\u0259 \u00e7al\u0131\u015f\u0131rd\u0131. Lakin Az\u0259rbaycan\u0131n 23 saat davam ed\u0259n lokal antiterror t\u0259dbirl\u0259ri n\u0259tic\u0259sind\u0259 separat\u00e7\u0131l\u0131\u011fa son qoyuldu, Erm\u0259nistan\u0131n silahl\u0131 q\u00fcvv\u0259l\u0259ri tam \u015f\u0259kild\u0259 \u0259razimizd\u0259n \u00e7\u0131xar\u0131ld\u0131 v\u0259 \u00f6lk\u0259mizin suverenliyi b\u0259rpa edildi. Bu faktlar Erm\u0259nistan\u0131n \u00f6hd\u0259likl\u0259ri yerin\u0259 yetirm\u0259y\u0259 m\u0259cbur edilm\u0259sind\u0259 h\u0259lledici rol oynad\u0131.<\/p>\n<p>Haz\u0131rda h\u0259m Az\u0259rbaycan, h\u0259m d\u0259 beyn\u0259lxalq z\u0259man\u0259t\u00e7i kimi \u00e7\u0131x\u0131\u015f ed\u0259n AB\u015e-\u0131n \u0259lind\u0259 kifay\u0259t q\u0259d\u0259r t\u0259sirli mexanizml\u0259r m\u00f6vcuddur. Bu vasit\u0259l\u0259r siyasi, diplomatik v\u0259 yum\u015faq g\u00fcc elementl\u0259ri il\u0259 Erm\u0259nistan\u0131 \u00f6hd\u0259likl\u0259ri icra etm\u0259y\u0259 m\u0259cbur ed\u0259 bil\u0259r. Erm\u0259nistanda daxili siyasi m\u00fcbariz\u0259 k\u0259skinl\u0259\u015fir, Nikol Pa\u015finyana qar\u015f\u0131 t\u0259zyiql\u0259r art\u0131r. Bu kontekstd\u0259 Donald Tramp\u0131n erm\u0259ni c\u0259miyy\u0259tin\u0259 v\u0259 diasporuna t\u0259sir imkanlar\u0131, h\u0259m\u00e7inin erm\u0259ni kils\u0259si v\u0259 revan\u015fist q\u00fcvv\u0259l\u0259r\u0259 qar\u015f\u0131 s\u0259rt m\u00f6vqeyi Pa\u015finyana \u0259lav\u0259 siyasi d\u0259st\u0259k ver\u0259 bil\u0259r. Bu, onun \u00f6hd\u0259likl\u0259ri daha asan v\u0259 r\u0259van \u015f\u0259kild\u0259 yerin\u0259 yetirm\u0259sin\u0259 \u015f\u0259rait yarada bil\u0259r\u201d.<\/p>\n<p>Az\u0259r Allahver\u0259nov qeyd etdi ki, hadis\u0259l\u0259rin inki\u015faf\u0131 m\u00fcxt\u0259lif ssenaril\u0259r \u00fczr\u0259 m\u00fcmk\u00fcnd\u00fcr, lakin ist\u0259nil\u0259n halda ortada konkret s\u00fclh prosesi var: \u201cAz\u0259rbaycan t\u0259r\u0259find\u0259n haz\u0131rlanm\u0131\u015f, 17 madd\u0259d\u0259n ibar\u0259t v\u0259 art\u0131q paraflanm\u0131\u015f s\u00fclh s\u0259n\u0259di m\u00f6vcuddur. \u00d6lk\u0259mizin yaratd\u0131\u011f\u0131 yeni geosiyasi reall\u0131q C\u0259nubi Qafqazda dayan\u0131ql\u0131 s\u00fclh\u00fcn v\u0259 t\u0259hl\u00fck\u0259sizliyin t\u0259minin\u0259 xidm\u0259t edir. Bu reall\u0131q AB\u015e Prezidenti t\u0259r\u0259find\u0259n d\u0259 y\u00fcks\u0259k qiym\u0259tl\u0259ndirilir v\u0259 d\u0259f\u0259l\u0259rl\u0259 vur\u011fulan\u0131r. A\u011f Evin simvolik a\u00e7arlar\u0131n\u0131n Az\u0259rbaycana t\u0259qdim edilm\u0259si kimi hadis\u0259l\u0259r d\u0259 Va\u015finqtonun \u00f6lk\u0259miz\u0259 m\u00fcnasib\u0259tinin g\u00f6st\u0259ricisidir.<\/p>\n<p>B\u00fct\u00fcn bunlara baxmayaraq, Erm\u0259nistan daxilind\u0259 \u00f6hd\u0259likl\u0259rin icras\u0131n\u0131 gecikdirm\u0259y\u0259 c\u0259hdl\u0259r ola bil\u0259r. Lakin Az\u0259rbaycan\u0131n formala\u015fd\u0131rd\u0131\u011f\u0131 yeni status-kvo, beyn\u0259lxalq z\u0259man\u0259t mexanizml\u0259ri v\u0259 AB\u015e-\u0131n prosesd\u0259ki rolu Erm\u0259nistan\u0131n bundan yay\u0131nmaq imkanlar\u0131n\u0131 minimuma endirir. \u018fks halda, beyn\u0259lxalq h\u00fcquqi v\u0259 siyasi t\u0259zyiq mexanizml\u0259ri i\u015f\u0259 d\u00fc\u015f\u0259 bil\u0259r. Bu s\u0259b\u0259bd\u0259n m\u00f6vcud \u015f\u0259raitd\u0259 Pa\u015finyan\u0131n \u00f6hd\u0259likl\u0259ri yerin\u0259 yetirm\u0259m\u0259k bar\u0259d\u0259 d\u00fc\u015f\u00fcnm\u0259si real g\u00f6r\u00fcnm\u00fcr\u201d.<\/p>\n<p><em><strong>Nigar Orucova, \u201c\u0130ki sahil\u201d<\/strong><\/em><\/p>\n","protected":false},"excerpt":{"rendered":"<p>Avqustun 8-d\u0259 Va\u015finqtonda ke\u00e7iril\u0259n g\u00f6r\u00fc\u015f C\u0259nubi Qafqazda uzunm\u00fcdd\u0259tli s\u00fclh\u00fcn t\u0259minat\u0131 \u00fc\u00e7\u00fcn m\u00fch\u00fcm d\u00f6n\u00fc\u015f n\u00f6qt\u0259si oldu. Prezident \u0130lham \u018fliyev, Erm\u0259nistan ba\u015f naziri Nikol Pa\u015finyan v\u0259 AB\u015e Prezidenti Donald Tramp\u0131n i\u015ftirak\u0131 il\u0259 imzalanan Birg\u0259 B\u0259yannam\u0259 C\u0259nubi Qafqazda onillikl\u0259rdir davam ed\u0259n g\u0259rginliyin h\u0259llin\u0259 y\u00f6n\u0259lmi\u015f \u0259n ciddi siyasi s\u0259n\u0259dl\u0259rd\u0259n biri kimi tarix\u0259 d\u00fc\u015fd\u00fc. Bu t\u0259\u015f\u0259bb\u00fcs regionda s\u00fclh prosesinin formal b\u0259yanatlardan real siyasi g\u00fcnd\u0259liy\u0259 \u00e7evrilm\u0259si bax\u0131m\u0131ndan strateji d\u00f6n\u00fc\u015f n\u00f6qt\u0259si hesab oluna bil\u0259r. Va\u015finqton g\u00f6r\u00fc\u015f\u00fc ill\u0259rl\u0259 davam ed\u0259n qar\u015f\u0131durmalar\u0131n fonunda yeni siyasi reall\u0131\u011f\u0131n formala\u015fd\u0131\u011f\u0131n\u0131 g\u00f6st\u0259rir. Burada s\u00f6hb\u0259t yaln\u0131z iki \u00f6lk\u0259 aras\u0131nda m\u00fcnasib\u0259tl\u0259rin normalla\u015fmas\u0131ndan getmir, imzalanan s\u0259n\u0259d&hellip;<\/p>\n","protected":false},"author":2,"featured_media":820319,"comment_status":"closed","ping_status":"closed","sticky":false,"template":"","format":"standard","meta":{"om_disable_all_campaigns":false,"_monsterinsights_skip_tracking":false,"_monsterinsights_sitenote_active":false,"_monsterinsights_sitenote_note":"","_monsterinsights_sitenote_category":0},"categories":[19],"tags":[],"aioseo_notices":[],"gutentor_comment":0,"rttpg_featured_image_url":{"full":["https:\/\/arantv.az\/wp-content\/uploads\/2025\/08\/87f7ee4f172131532948211585510665362.jpg",975,540,false],"landscape":["https:\/\/arantv.az\/wp-content\/uploads\/2025\/08\/87f7ee4f172131532948211585510665362.jpg",975,540,false],"portraits":["https:\/\/arantv.az\/wp-content\/uploads\/2025\/08\/87f7ee4f172131532948211585510665362.jpg",975,540,false],"thumbnail":["https:\/\/arantv.az\/wp-content\/uploads\/2025\/08\/87f7ee4f172131532948211585510665362-500x280.jpg",500,280,true],"medium":["https:\/\/arantv.az\/wp-content\/uploads\/2025\/08\/87f7ee4f172131532948211585510665362-660x365.jpg",660,365,true],"large":["https:\/\/arantv.az\/wp-content\/uploads\/2025\/08\/87f7ee4f172131532948211585510665362-840x465.jpg",640,354,true],"1536x1536":["https:\/\/arantv.az\/wp-content\/uploads\/2025\/08\/87f7ee4f172131532948211585510665362.jpg",975,540,false],"2048x2048":["https:\/\/arantv.az\/wp-content\/uploads\/2025\/08\/87f7ee4f172131532948211585510665362.jpg",975,540,false],"post-thumbnail":["https:\/\/arantv.az\/wp-content\/uploads\/2025\/08\/87f7ee4f172131532948211585510665362-240x172.jpg",240,172,true],"advps-thumb-one":["https:\/\/arantv.az\/wp-content\/uploads\/2025\/08\/87f7ee4f172131532948211585510665362.jpg",975,540,false]},"rttpg_author":{"display_name":"V\u00fcsal Rafiqo\u011flu","author_link":"https:\/\/arantv.az\/?author=2"},"rttpg_comment":0,"rttpg_category":"<a href=\"https:\/\/arantv.az\/?cat=19\" rel=\"category\">G\u00fcnd\u0259m<\/a>","rttpg_excerpt":"Avqustun 8-d\u0259 Va\u015finqtonda ke\u00e7iril\u0259n g\u00f6r\u00fc\u015f C\u0259nubi Qafqazda uzunm\u00fcdd\u0259tli s\u00fclh\u00fcn t\u0259minat\u0131 \u00fc\u00e7\u00fcn m\u00fch\u00fcm d\u00f6n\u00fc\u015f n\u00f6qt\u0259si oldu. Prezident \u0130lham \u018fliyev, Erm\u0259nistan ba\u015f naziri Nikol Pa\u015finyan v\u0259 AB\u015e Prezidenti Donald Tramp\u0131n i\u015ftirak\u0131 il\u0259 imzalanan Birg\u0259 B\u0259yannam\u0259 C\u0259nubi Qafqazda onillikl\u0259rdir davam ed\u0259n g\u0259rginliyin h\u0259llin\u0259 y\u00f6n\u0259lmi\u015f \u0259n ciddi siyasi s\u0259n\u0259dl\u0259rd\u0259n biri kimi tarix\u0259 d\u00fc\u015fd\u00fc. Bu t\u0259\u015f\u0259bb\u00fcs regionda s\u00fclh prosesinin formal&hellip;","_links":{"self":[{"href":"https:\/\/arantv.az\/index.php?rest_route=\/wp\/v2\/posts\/820318"}],"collection":[{"href":"https:\/\/arantv.az\/index.php?rest_route=\/wp\/v2\/posts"}],"about":[{"href":"https:\/\/arantv.az\/index.php?rest_route=\/wp\/v2\/types\/post"}],"author":[{"embeddable":true,"href":"https:\/\/arantv.az\/index.php?rest_route=\/wp\/v2\/users\/2"}],"replies":[{"embeddable":true,"href":"https:\/\/arantv.az\/index.php?rest_route=%2Fwp%2Fv2%2Fcomments&post=820318"}],"version-history":[{"count":1,"href":"https:\/\/arantv.az\/index.php?rest_route=\/wp\/v2\/posts\/820318\/revisions"}],"predecessor-version":[{"id":820320,"href":"https:\/\/arantv.az\/index.php?rest_route=\/wp\/v2\/posts\/820318\/revisions\/820320"}],"wp:featuredmedia":[{"embeddable":true,"href":"https:\/\/arantv.az\/index.php?rest_route=\/wp\/v2\/media\/820319"}],"wp:attachment":[{"href":"https:\/\/arantv.az\/index.php?rest_route=%2Fwp%2Fv2%2Fmedia&parent=820318"}],"wp:term":[{"taxonomy":"category","embeddable":true,"href":"https:\/\/arantv.az\/index.php?rest_route=%2Fwp%2Fv2%2Fcategories&post=820318"},{"taxonomy":"post_tag","embeddable":true,"href":"https:\/\/arantv.az\/index.php?rest_route=%2Fwp%2Fv2%2Ftags&post=820318"}],"curies":[{"name":"wp","href":"https:\/\/api.w.org\/{rel}","templated":true}]}}