{"id":820349,"date":"2025-08-12T07:52:34","date_gmt":"2025-08-12T03:52:34","guid":{"rendered":"https:\/\/arantv.az\/?p=820349"},"modified":"2025-08-12T07:52:34","modified_gmt":"2025-08-12T03:52:34","slug":"erm%c9%99nistan-v%c9%99-iran-xin-bascilari-vasinqtondaki-danisiqlarin-n%c9%99tic%c9%99l%c9%99rini-muzakir%c9%99-edib","status":"publish","type":"post","link":"https:\/\/arantv.az\/?p=820349","title":{"rendered":"Erm\u0259nistan v\u0259 \u0130ran X\u0130N ba\u015f\u00e7\u0131lar\u0131 Va\u015finqtondak\u0131 dan\u0131\u015f\u0131qlar\u0131n n\u0259tic\u0259l\u0259rini m\u00fczakir\u0259 edib"},"content":{"rendered":"<p>Erm\u0259nistan xarici i\u015fl\u0259r naziri Ararat Mirzoyan iranl\u0131 h\u0259mkar\u0131 Abbas \u018fraq\u00e7i il\u0259 telefon dan\u0131\u015f\u0131\u011f\u0131 apar\u0131b.<\/p>\n<p>\u201cReport\u201d Erm\u0259nistan K\u0130V-\u0259 istinad\u0259n x\u0259b\u0259r verir ki, s\u00f6hb\u0259t zaman\u0131 Mirzoyan Az\u0259rbaycan v\u0259 AB\u015e liderl\u0259ri il\u0259 avqustun 8-d\u0259 Va\u015finqtonda ke\u00e7iril\u0259n g\u00f6r\u00fc\u015fl\u0259rin n\u0259tic\u0259l\u0259rin\u0259, o c\u00fcml\u0259d\u0259n regional n\u0259qliyyat kommunikasiyalar\u0131n\u0131n blokdan \u00e7\u0131xmas\u0131 v\u0259 inki\u015faf\u0131 \u00fczr\u0259 \u0259ld\u0259 olunmu\u015f raz\u0131la\u015fmalara, h\u0259m\u00e7inin g\u0259l\u0259c\u0259k birg\u0259 add\u0131mlara toxunub.<\/p>\n<p>O vur\u011fulay\u0131b ki, Bak\u0131 v\u0259 \u0130r\u0259van\u0131n Birg\u0259 B\u0259yannam\u0259si infrastrukturlar\u0131n istismar\u0131n\u0131n, o c\u00fcml\u0259d\u0259n Erm\u0259nistanda AB\u015e-nin i\u015ftirak\u0131 il\u0259 tikil\u0259c\u0259k infrastrukturun istismar\u0131n\u0131n d\u00f6vl\u0259tl\u0259rin \u0259razi b\u00fct\u00f6vl\u00fcy\u00fc, suverenliyi v\u0259 yurisdiksiyas\u0131 n\u0259z\u0259r\u0259 al\u0131nmaqla h\u0259yata ke\u00e7iril\u0259c\u0259yini t\u0259sdiq edir.<\/p>\n<p>T\u0259r\u0259fl\u0259r h\u0259m\u00e7inin Erm\u0259nistan v\u0259 \u0130ran aras\u0131nda qar\u015f\u0131dan g\u0259l\u0259n y\u00fcks\u0259k s\u0259viyy\u0259li m\u0259sl\u0259h\u0259tl\u0259\u015fm\u0259l\u0259r\u0259 v\u0259 t\u0259maslara haz\u0131rl\u0131qla ba\u011fl\u0131 fikir m\u00fcbadil\u0259si apar\u0131blar.<\/p>\n","protected":false},"excerpt":{"rendered":"<p>Erm\u0259nistan xarici i\u015fl\u0259r naziri Ararat Mirzoyan iranl\u0131 h\u0259mkar\u0131 Abbas \u018fraq\u00e7i il\u0259 telefon dan\u0131\u015f\u0131\u011f\u0131 apar\u0131b. \u201cReport\u201d Erm\u0259nistan K\u0130V-\u0259 istinad\u0259n x\u0259b\u0259r verir ki, s\u00f6hb\u0259t zaman\u0131 Mirzoyan Az\u0259rbaycan v\u0259 AB\u015e liderl\u0259ri il\u0259 avqustun 8-d\u0259 Va\u015finqtonda ke\u00e7iril\u0259n g\u00f6r\u00fc\u015fl\u0259rin n\u0259tic\u0259l\u0259rin\u0259, o c\u00fcml\u0259d\u0259n regional n\u0259qliyyat kommunikasiyalar\u0131n\u0131n blokdan \u00e7\u0131xmas\u0131 v\u0259 inki\u015faf\u0131 \u00fczr\u0259 \u0259ld\u0259 olunmu\u015f raz\u0131la\u015fmalara, h\u0259m\u00e7inin g\u0259l\u0259c\u0259k birg\u0259 add\u0131mlara toxunub. O vur\u011fulay\u0131b ki, Bak\u0131 v\u0259 \u0130r\u0259van\u0131n Birg\u0259 B\u0259yannam\u0259si infrastrukturlar\u0131n istismar\u0131n\u0131n, o c\u00fcml\u0259d\u0259n Erm\u0259nistanda AB\u015e-nin i\u015ftirak\u0131 il\u0259 tikil\u0259c\u0259k infrastrukturun istismar\u0131n\u0131n d\u00f6vl\u0259tl\u0259rin \u0259razi b\u00fct\u00f6vl\u00fcy\u00fc, suverenliyi v\u0259 yurisdiksiyas\u0131 n\u0259z\u0259r\u0259 al\u0131nmaqla h\u0259yata ke\u00e7iril\u0259c\u0259yini t\u0259sdiq edir. T\u0259r\u0259fl\u0259r h\u0259m\u00e7inin Erm\u0259nistan v\u0259 \u0130ran aras\u0131nda&hellip;<\/p>\n","protected":false},"author":2,"featured_media":820351,"comment_status":"closed","ping_status":"closed","sticky":false,"template":"","format":"standard","meta":{"om_disable_all_campaigns":false,"_monsterinsights_skip_tracking":false,"_monsterinsights_sitenote_active":false,"_monsterinsights_sitenote_note":"","_monsterinsights_sitenote_category":0},"categories":[7],"tags":[],"aioseo_notices":[],"gutentor_comment":0,"rttpg_featured_image_url":{"full":["https:\/\/arantv.az\/wp-content\/uploads\/2025\/08\/0a321e40c672ab1b9cd77e99871cd390-1.jpg",850,500,false],"landscape":["https:\/\/arantv.az\/wp-content\/uploads\/2025\/08\/0a321e40c672ab1b9cd77e99871cd390-1.jpg",850,500,false],"portraits":["https:\/\/arantv.az\/wp-content\/uploads\/2025\/08\/0a321e40c672ab1b9cd77e99871cd390-1.jpg",850,500,false],"thumbnail":["https:\/\/arantv.az\/wp-content\/uploads\/2025\/08\/0a321e40c672ab1b9cd77e99871cd390-1-500x280.jpg",500,280,true],"medium":["https:\/\/arantv.az\/wp-content\/uploads\/2025\/08\/0a321e40c672ab1b9cd77e99871cd390-1-621x365.jpg",621,365,true],"large":["https:\/\/arantv.az\/wp-content\/uploads\/2025\/08\/0a321e40c672ab1b9cd77e99871cd390-1-840x494.jpg",640,376,true],"1536x1536":["https:\/\/arantv.az\/wp-content\/uploads\/2025\/08\/0a321e40c672ab1b9cd77e99871cd390-1.jpg",850,500,false],"2048x2048":["https:\/\/arantv.az\/wp-content\/uploads\/2025\/08\/0a321e40c672ab1b9cd77e99871cd390-1.jpg",850,500,false],"post-thumbnail":["https:\/\/arantv.az\/wp-content\/uploads\/2025\/08\/0a321e40c672ab1b9cd77e99871cd390-1-240x172.jpg",240,172,true],"advps-thumb-one":["https:\/\/arantv.az\/wp-content\/uploads\/2025\/08\/0a321e40c672ab1b9cd77e99871cd390-1.jpg",850,500,false]},"rttpg_author":{"display_name":"V\u00fcsal Rafiqo\u011flu","author_link":"https:\/\/arantv.az\/?author=2"},"rttpg_comment":0,"rttpg_category":"<a href=\"https:\/\/arantv.az\/?cat=7\" rel=\"category\">D\u00fcnya<\/a>","rttpg_excerpt":"Erm\u0259nistan xarici i\u015fl\u0259r naziri Ararat Mirzoyan iranl\u0131 h\u0259mkar\u0131 Abbas \u018fraq\u00e7i il\u0259 telefon dan\u0131\u015f\u0131\u011f\u0131 apar\u0131b. \u201cReport\u201d Erm\u0259nistan K\u0130V-\u0259 istinad\u0259n x\u0259b\u0259r verir ki, s\u00f6hb\u0259t zaman\u0131 Mirzoyan Az\u0259rbaycan v\u0259 AB\u015e liderl\u0259ri il\u0259 avqustun 8-d\u0259 Va\u015finqtonda ke\u00e7iril\u0259n g\u00f6r\u00fc\u015fl\u0259rin n\u0259tic\u0259l\u0259rin\u0259, o c\u00fcml\u0259d\u0259n regional n\u0259qliyyat kommunikasiyalar\u0131n\u0131n blokdan \u00e7\u0131xmas\u0131 v\u0259 inki\u015faf\u0131 \u00fczr\u0259 \u0259ld\u0259 olunmu\u015f raz\u0131la\u015fmalara, h\u0259m\u00e7inin g\u0259l\u0259c\u0259k birg\u0259 add\u0131mlara toxunub. O vur\u011fulay\u0131b&hellip;","_links":{"self":[{"href":"https:\/\/arantv.az\/index.php?rest_route=\/wp\/v2\/posts\/820349"}],"collection":[{"href":"https:\/\/arantv.az\/index.php?rest_route=\/wp\/v2\/posts"}],"about":[{"href":"https:\/\/arantv.az\/index.php?rest_route=\/wp\/v2\/types\/post"}],"author":[{"embeddable":true,"href":"https:\/\/arantv.az\/index.php?rest_route=\/wp\/v2\/users\/2"}],"replies":[{"embeddable":true,"href":"https:\/\/arantv.az\/index.php?rest_route=%2Fwp%2Fv2%2Fcomments&post=820349"}],"version-history":[{"count":1,"href":"https:\/\/arantv.az\/index.php?rest_route=\/wp\/v2\/posts\/820349\/revisions"}],"predecessor-version":[{"id":820352,"href":"https:\/\/arantv.az\/index.php?rest_route=\/wp\/v2\/posts\/820349\/revisions\/820352"}],"wp:featuredmedia":[{"embeddable":true,"href":"https:\/\/arantv.az\/index.php?rest_route=\/wp\/v2\/media\/820351"}],"wp:attachment":[{"href":"https:\/\/arantv.az\/index.php?rest_route=%2Fwp%2Fv2%2Fmedia&parent=820349"}],"wp:term":[{"taxonomy":"category","embeddable":true,"href":"https:\/\/arantv.az\/index.php?rest_route=%2Fwp%2Fv2%2Fcategories&post=820349"},{"taxonomy":"post_tag","embeddable":true,"href":"https:\/\/arantv.az\/index.php?rest_route=%2Fwp%2Fv2%2Ftags&post=820349"}],"curies":[{"name":"wp","href":"https:\/\/api.w.org\/{rel}","templated":true}]}}