{"id":820353,"date":"2025-08-12T07:54:11","date_gmt":"2025-08-12T03:54:11","guid":{"rendered":"https:\/\/arantv.az\/?p=820353"},"modified":"2025-08-12T07:54:11","modified_gmt":"2025-08-12T03:54:11","slug":"avropa-ittifaqinin-erm%c9%99nistandaki-musahid%c9%99-missiyasi-artiq-getm%c9%99yin-zamanidir","status":"publish","type":"post","link":"https:\/\/arantv.az\/?p=820353","title":{"rendered":"Avropa \u0130ttifaq\u0131n\u0131n Erm\u0259nistandak\u0131 m\u00fc\u015fahid\u0259 missiyas\u0131: Art\u0131q getm\u0259yin zaman\u0131d\u0131r"},"content":{"rendered":"<p>Avropa \u0130ttifaq\u0131n\u0131n (A\u0130) Erm\u0259nistandak\u0131 m\u00fc\u015fahid\u0259 missiyas\u0131n\u0131n (EUMA) birt\u0259r\u0259fl\u0131 f\u0259aliyy\u0259ti Az\u0259rbaycan ictimaiyy\u0259ti v\u0259 r\u0259smi dair\u0259l\u0259rinin\u00a0 ciddi naraz\u0131l\u0131\u011f\u0131na s\u0259b\u0259b olub. Bu missiya s\u00fclh\u0259 real t\u00f6hf\u0259 verm\u0259k \u0259v\u0259zin\u0259, regionda etimad m\u00fchitini z\u0259d\u0259l\u0259y\u0259n, birt\u0259r\u0259fli m\u00f6vqe n\u00fcmayi\u015f etdir\u0259n vasit\u0259y\u0259 \u00e7evrilib. Halbuki s\u00fclh prosesin\u0259 h\u0259qiqi v\u0259 konstruktiv d\u0259st\u0259k g\u00f6st\u0259rm\u0259k ist\u0259y\u0259n h\u0259r bir beyn\u0259lxalq aktor regionun daxili dinamizmini, real t\u0259hl\u00fck\u0259sizlik ehtiyaclar\u0131n\u0131 v\u0259 i\u015ftirak\u00e7\u0131 \u00f6lk\u0259l\u0259rin suveren q\u0259rarlar\u0131n\u0131 n\u0259z\u0259r\u0259 almal\u0131d\u0131r. Xarici m\u00fcdaxil\u0259l\u0259rin deyil, daxili siyasi irad\u0259nin \u00f6n planda oldu\u011fu yeni m\u0259rh\u0259l\u0259d\u0259 bu c\u00fcr missiyalara ehtiyac qalm\u0131r. Regionun g\u0259l\u0259c\u0259yi art\u0131q buradak\u0131 \u00f6lk\u0259l\u0259rin \u00f6z \u0259ll\u0259rind\u0259dir v\u0259 dayan\u0131ql\u0131 s\u00fclh d\u0259 m\u0259hz yerli t\u0259\u015f\u0259bb\u00fcsl\u0259r \u00fcz\u0259rind\u0259 qurulmal\u0131d\u0131r. Bu kontekstd\u0259 Avropa \u0130ttifaq\u0131n\u0131n Erm\u0259nistandak\u0131 m\u00fc\u015fahid\u0259 missiyas\u0131 art\u0131q \u00f6z aktuall\u0131\u011f\u0131n\u0131 itirib. Missiyan\u0131n f\u0259aliyy\u0259ti n\u0259 region \u00f6lk\u0259l\u0259rinin maraqlar\u0131na cavab verir, n\u0259 d\u0259 s\u00fclh prosesin\u0259 t\u00f6hf\u0259 verir. \u018fksin\u0259, onun m\u00f6vcudlu\u011fu b\u0259zi hallarda g\u0259rginliyi art\u0131r\u0131r, qar\u015f\u0131l\u0131ql\u0131 etimada \u0259saslanan dialoqa k\u00f6lg\u0259 sal\u0131r. X\u00fcsusil\u0259 d\u0259 Va\u015finqtonda\u00a0 AB\u015e Prezidenti Donald\u00a0 Tramp\u0131n i\u015ftirak\u0131 il\u0259 imzalanm\u0131\u015f Birg\u0259 B\u0259yannam\u0259 fonunda regionda tamamil\u0259 yeni diplomatik m\u00fchit formala\u015f\u0131r. Bu reall\u0131qlar daxilind\u0259 A\u0130-nin birt\u0259r\u0259fli v\u0259 siyasi maraqlarla y\u00f6n\u0259ldil\u0259n missiyas\u0131 n\u0259inki g\u0259r\u0259ksiz, h\u0259tta proses\u0259 mane olan faktora \u00e7evrilib. Bu s\u0259b\u0259bd\u0259n missiyan\u0131n mandat\u0131n\u0131n uzad\u0131lmas\u0131 v\u0259 geni\u015fl\u0259ndirilm\u0259si s\u00fclh\u0259 deyil, siyasi t\u0259sir imkanlar\u0131n\u0131n qorunmas\u0131na xidm\u0259t edir. Halbuki bu m\u0259rh\u0259l\u0259d\u0259 s\u00fclh yaln\u0131z region d\u00f6vl\u0259tl\u0259rinin irad\u0259si v\u0259 qar\u015f\u0131l\u0131ql\u0131 \u0259m\u0259kda\u015fl\u0131q prinsipl\u0259ri il\u0259 m\u00fcmk\u00fcnd\u00fcr.<\/p>\n<p>H\u0259r zaman Az\u0259rbaycan r\u0259smil\u0259ri v\u0259 yerli media bu missiyan\u0131n s\u00fclh prosesin\u0259 t\u00f6hf\u0259 verm\u0259k \u0259v\u0259zin\u0259 b\u00f6lg\u0259d\u0259 g\u0259rginliyi art\u0131rd\u0131\u011f\u0131n\u0131 v\u0259 Az\u0259rbaycan\u0131n maraqlar\u0131na zidd h\u0259r\u0259k\u0259t etdiyini bildirirl\u0259r. Prezident \u0130lham \u018fliyev A\u0130 missiyas\u0131n\u0131n m\u00fcdd\u0259tinin uzad\u0131lmas\u0131n\u0131n v\u0259 t\u0259rkibinin geni\u015fl\u0259ndirilm\u0259sinin Az\u0259rbaycan\u0131n raz\u0131l\u0131\u011f\u0131 olmadan h\u0259yata ke\u00e7irildiyini qeyd ed\u0259r\u0259k, bu add\u0131m\u0131n etimad\u0131 sars\u0131td\u0131\u011f\u0131n\u0131 vur\u011fulay\u0131b. O, missiyan\u0131n f\u0259aliyy\u0259tini &#8220;binokl diplomatiyas\u0131&#8221; adland\u0131raraq, onlar\u0131n davran\u0131\u015f\u0131n\u0131n siyasi m\u0259d\u0259niyy\u0259t standartlar\u0131na uy\u011fun olmad\u0131\u011f\u0131n\u0131 bildirib.<\/p>\n<p>Az\u0259rbaycan Xarici \u0130\u015fl\u0259r Nazirliyi d\u0259 A\u0130-nin Erm\u0259nistandak\u0131 missiyas\u0131n\u0131n f\u0259aliyy\u0259tin\u0259 etiraz ed\u0259r\u0259k, missiyan\u0131n ilkin raz\u0131la\u015fd\u0131r\u0131lm\u0131\u015f iki ayl\u0131q m\u00fcdd\u0259td\u0259n sonra Az\u0259rbaycan\u0131n raz\u0131l\u0131\u011f\u0131 olmadan \u0259h\u0259miyy\u0259tli d\u0259r\u0259c\u0259d\u0259 uzad\u0131ld\u0131\u011f\u0131n\u0131 v\u0259 daha \u00e7ox m\u00fc\u015fahid\u0259\u00e7i il\u0259 geni\u015fl\u0259ndirildiyini b\u0259yan edib. G\u00f6r\u00fcnd\u00fcy\u00fc kimi, A\u0130-nin Erm\u0259nistandak\u0131 m\u00fc\u015fahid\u0259 missiyas\u0131 \u0259slind\u0259 k\u0259\u015ffiyyat xarakteri da\u015f\u0131y\u0131r v\u0259 Az\u0259rbaycan\u0131n raz\u0131l\u0131\u011f\u0131 olmadan f\u0259aliyy\u0259t g\u00f6st\u0259rir.\u00a0 Bu \u00fczd\u0259niraq missiya\u00a0 f\u0259aliyy\u0259ti d\u00f6vr\u00fcnd\u0259\u00a0 s\u00fclh prosesin\u0259 ancaq z\u0259rb\u0259 vurmaqla m\u0259\u015f\u011ful olub. B\u00f6lg\u0259d\u0259 s\u00fclh v\u0259 sabitliyin t\u0259minin\u0259 deyil, \u0259ksin\u0259, g\u0259rginliyin art\u0131r\u0131lmas\u0131na xidm\u0259t edib.<\/p>\n<p>N\u0259tic\u0259 etibaril\u0259, Az\u0259rbaycan A\u0130-nin Erm\u0259nistandak\u0131 m\u00fc\u015fahid\u0259 missiyas\u0131n\u0131n f\u0259aliyy\u0259tini s\u00fclh prosesin\u0259 mane\u0259 kimi qiym\u0259tl\u0259ndirir v\u0259 bu missiyan\u0131n f\u0259aliyy\u0259tin\u0259 son qoyulmas\u0131n\u0131n z\u0259ruriliyini vur\u011fulay\u0131r.<\/p>\n<p>Avropa \u0130ttifaq\u0131 n\u0259 q\u0259d\u0259r \u00e7al\u0131\u015fsa da b\u00f6lg\u0259d\u0259 formala\u015fm\u0131\u015f reall\u0131qlar\u0131 d\u0259yi\u015f\u0259 bilm\u0259y\u0259c\u0259k. \u00c7\u00fcnki geosiyasi prosesl\u0259r onlar\u0131n ist\u0259diyi istiqam\u0259td\u0259 inki\u015faf etmir. Bu regionda art\u0131q yeni balanslar, yeni m\u00fcnasib\u0259tl\u0259r v\u0259 yeni g\u00fcc m\u0259rk\u0259zl\u0259ri yaran\u0131r.<\/p>\n<p>Avropa \u0130ttifaq\u0131n\u0131n Erm\u0259nistandak\u0131 m\u00fc\u015fahid\u0259 missiyas\u0131 \u0259slind\u0259 Fransa Prezidenti Emmanuel Makronun t\u0259\u015f\u0259bb\u00fcs\u00fc il\u0259 h\u0259yata ke\u00e7iril\u0259n siyasi layih\u0259 idi. Bu missiyan\u0131n \u0259sas m\u0259qs\u0259di A\u0130 v\u0259 \u00fcmumilikd\u0259 Q\u0259rbin Erm\u0259nistanda h\u0259rbi v\u0259 siyasi m\u00f6vcudlu\u011funu g\u00fccl\u0259ndirm\u0259k, b\u00f6lg\u0259d\u0259 k\u0259\u015ffiyyat f\u0259aliyy\u0259tl\u0259ri aparmaq v\u0259 Az\u0259rbaycan-Erm\u0259nistan m\u00fcnasib\u0259tl\u0259rini g\u0259rgin saxlamaqdan ibar\u0259t olub. Ancaq bu g\u00fcn art\u0131q regionda yeni reall\u0131qlar formala\u015f\u0131b. H\u0259m Az\u0259rbaycan, h\u0259m d\u0259 Erm\u0259nistan s\u00fclh g\u00fcnd\u0259liyini q\u0259bul edib v\u0259 bu istiqam\u0259td\u0259 konkret add\u0131mlar at\u0131l\u0131r. Bel\u0259 bir \u015f\u0259raitd\u0259 A\u0130 missiyas\u0131n\u0131n b\u00f6lg\u0259d\u0259 f\u0259aliyy\u0259ti n\u0259 \u0259sasland\u0131r\u0131la, n\u0259 d\u0259 z\u0259ruri hesab oluna bil\u0259r. \u018fksin\u0259, bu missiyan\u0131n davam etdirilm\u0259si s\u00fclh prosesin\u0259 m\u00fcdaxil\u0259 v\u0259 regiondak\u0131 sabitliyi pozmaq c\u0259hdi kimi qiym\u0259tl\u0259ndirilir. Ona g\u00f6r\u0259 d\u0259 A\u0130 missiyas\u0131 f\u0259aliyy\u0259tini dayand\u0131rmal\u0131 v\u0259 bu m\u0259rh\u0259l\u0259d\u0259 regiondan \u00e7\u0259kilm\u0259lidir.<\/p>\n<p>Regionda s\u00fclh v\u0259 sabitliyin b\u0259rq\u0259rar olunmas\u0131 istiqam\u0259tind\u0259 \u0259sas d\u00f6n\u00fc\u015f n\u00f6qt\u0259si AB\u015e-da Prezident Donald Tramp\u0131n i\u015ftirak\u0131 il\u0259 ke\u00e7iril\u0259n tarixi g\u00f6r\u00fc\u015f oldu. Bu g\u00f6r\u00fc\u015f\u00fcn n\u0259tic\u0259sind\u0259 imzalanan Birg\u0259 B\u0259yannam\u0259 Az\u0259rbaycan v\u0259 Erm\u0259nistan aras\u0131nda m\u00fcnasib\u0259tl\u0259rin normalla\u015fmas\u0131 prosesini yeni m\u0259rh\u0259l\u0259y\u0259 ke\u00e7irdi. S\u0259n\u0259din mahiyy\u0259ti ondan ibar\u0259tdir ki, art\u0131q t\u0259r\u0259fl\u0259r siyasi irad\u0259 ortaya qoyur, real v\u0259 qar\u015f\u0131l\u0131ql\u0131 q\u0259bul edil\u0259 bil\u0259c\u0259k formatda s\u00fclh\u0259 yax\u0131nla\u015f\u0131rlar.<\/p>\n<p>Bu \u015f\u0259raitd\u0259 Avropa \u0130ttifaq\u0131n\u0131n Erm\u0259nistandak\u0131 m\u00fc\u015fahid\u0259 missiyas\u0131 kimi t\u0259\u015f\u0259bb\u00fcsl\u0259r arxaik v\u0259 ziddiyy\u0259tli g\u00f6r\u00fcn\u00fcr. Tramp\u0131n vasit\u0259\u00e7iliyi il\u0259 \u0259ld\u0259 olunan raz\u0131la\u015fma g\u00f6st\u0259rdi ki, effektiv vasit\u0259\u00e7ilik neytral yana\u015fma v\u0259 reall\u0131qlara \u0259saslanmal\u0131d\u0131r. Missiyalar\u0131n v\u0259 xarici t\u0259sirl\u0259rin m\u0259qs\u0259di s\u00fclh\u00fc t\u0259\u015fviq etm\u0259kdirs\u0259, bu, yaln\u0131z prosesin i\u015ftirak\u00e7\u0131lar\u0131n\u0131n suveren q\u0259rarlar\u0131na h\u00f6rm\u0259t g\u00f6st\u0259rilm\u0259kl\u0259 m\u00fcmk\u00fcnd\u00fcr. Bel\u0259likl\u0259, regionda yeni \u0259m\u0259kda\u015fl\u0131q m\u00fchiti formala\u015fark\u0259n, destruktiv v\u0259 siyasi maraqlara hesablanm\u0131\u015f t\u0259\u015f\u0259bb\u00fcsl\u0259r\u0259 yer qalm\u0131r.<\/p>\n<p><strong>\u015e\u0259msiyy\u0259 \u018fliq\u0131z\u0131, \u201c\u0130ki sahil\u201d<\/strong><\/p>\n","protected":false},"excerpt":{"rendered":"<p>Avropa \u0130ttifaq\u0131n\u0131n (A\u0130) Erm\u0259nistandak\u0131 m\u00fc\u015fahid\u0259 missiyas\u0131n\u0131n (EUMA) birt\u0259r\u0259fl\u0131 f\u0259aliyy\u0259ti Az\u0259rbaycan ictimaiyy\u0259ti v\u0259 r\u0259smi dair\u0259l\u0259rinin\u00a0 ciddi naraz\u0131l\u0131\u011f\u0131na s\u0259b\u0259b olub. Bu missiya s\u00fclh\u0259 real t\u00f6hf\u0259 verm\u0259k \u0259v\u0259zin\u0259, regionda etimad m\u00fchitini z\u0259d\u0259l\u0259y\u0259n, birt\u0259r\u0259fli m\u00f6vqe n\u00fcmayi\u015f etdir\u0259n vasit\u0259y\u0259 \u00e7evrilib. Halbuki s\u00fclh prosesin\u0259 h\u0259qiqi v\u0259 konstruktiv d\u0259st\u0259k g\u00f6st\u0259rm\u0259k ist\u0259y\u0259n h\u0259r bir beyn\u0259lxalq aktor regionun daxili dinamizmini, real t\u0259hl\u00fck\u0259sizlik ehtiyaclar\u0131n\u0131 v\u0259 i\u015ftirak\u00e7\u0131 \u00f6lk\u0259l\u0259rin suveren q\u0259rarlar\u0131n\u0131 n\u0259z\u0259r\u0259 almal\u0131d\u0131r. Xarici m\u00fcdaxil\u0259l\u0259rin deyil, daxili siyasi irad\u0259nin \u00f6n planda oldu\u011fu yeni m\u0259rh\u0259l\u0259d\u0259 bu c\u00fcr missiyalara ehtiyac qalm\u0131r. Regionun g\u0259l\u0259c\u0259yi art\u0131q buradak\u0131 \u00f6lk\u0259l\u0259rin \u00f6z \u0259ll\u0259rind\u0259dir v\u0259 dayan\u0131ql\u0131 s\u00fclh d\u0259 m\u0259hz yerli&hellip;<\/p>\n","protected":false},"author":2,"featured_media":820354,"comment_status":"closed","ping_status":"closed","sticky":false,"template":"","format":"standard","meta":{"om_disable_all_campaigns":false,"_monsterinsights_skip_tracking":false,"_monsterinsights_sitenote_active":false,"_monsterinsights_sitenote_note":"","_monsterinsights_sitenote_category":0},"categories":[19],"tags":[],"aioseo_notices":[],"gutentor_comment":0,"rttpg_featured_image_url":{"full":["https:\/\/arantv.az\/wp-content\/uploads\/2025\/08\/7fbe9c04169150116778733187810512362.jpg",975,540,false],"landscape":["https:\/\/arantv.az\/wp-content\/uploads\/2025\/08\/7fbe9c04169150116778733187810512362.jpg",975,540,false],"portraits":["https:\/\/arantv.az\/wp-content\/uploads\/2025\/08\/7fbe9c04169150116778733187810512362.jpg",975,540,false],"thumbnail":["https:\/\/arantv.az\/wp-content\/uploads\/2025\/08\/7fbe9c04169150116778733187810512362-500x280.jpg",500,280,true],"medium":["https:\/\/arantv.az\/wp-content\/uploads\/2025\/08\/7fbe9c04169150116778733187810512362-660x365.jpg",660,365,true],"large":["https:\/\/arantv.az\/wp-content\/uploads\/2025\/08\/7fbe9c04169150116778733187810512362-840x465.jpg",640,354,true],"1536x1536":["https:\/\/arantv.az\/wp-content\/uploads\/2025\/08\/7fbe9c04169150116778733187810512362.jpg",975,540,false],"2048x2048":["https:\/\/arantv.az\/wp-content\/uploads\/2025\/08\/7fbe9c04169150116778733187810512362.jpg",975,540,false],"post-thumbnail":["https:\/\/arantv.az\/wp-content\/uploads\/2025\/08\/7fbe9c04169150116778733187810512362-240x172.jpg",240,172,true],"advps-thumb-one":["https:\/\/arantv.az\/wp-content\/uploads\/2025\/08\/7fbe9c04169150116778733187810512362.jpg",975,540,false]},"rttpg_author":{"display_name":"V\u00fcsal Rafiqo\u011flu","author_link":"https:\/\/arantv.az\/?author=2"},"rttpg_comment":0,"rttpg_category":"<a href=\"https:\/\/arantv.az\/?cat=19\" rel=\"category\">G\u00fcnd\u0259m<\/a>","rttpg_excerpt":"Avropa \u0130ttifaq\u0131n\u0131n (A\u0130) Erm\u0259nistandak\u0131 m\u00fc\u015fahid\u0259 missiyas\u0131n\u0131n (EUMA) birt\u0259r\u0259fl\u0131 f\u0259aliyy\u0259ti Az\u0259rbaycan ictimaiyy\u0259ti v\u0259 r\u0259smi dair\u0259l\u0259rinin\u00a0 ciddi naraz\u0131l\u0131\u011f\u0131na s\u0259b\u0259b olub. Bu missiya s\u00fclh\u0259 real t\u00f6hf\u0259 verm\u0259k \u0259v\u0259zin\u0259, regionda etimad m\u00fchitini z\u0259d\u0259l\u0259y\u0259n, birt\u0259r\u0259fli m\u00f6vqe n\u00fcmayi\u015f etdir\u0259n vasit\u0259y\u0259 \u00e7evrilib. Halbuki s\u00fclh prosesin\u0259 h\u0259qiqi v\u0259 konstruktiv d\u0259st\u0259k g\u00f6st\u0259rm\u0259k ist\u0259y\u0259n h\u0259r bir beyn\u0259lxalq aktor regionun daxili dinamizmini, real t\u0259hl\u00fck\u0259sizlik ehtiyaclar\u0131n\u0131 v\u0259&hellip;","_links":{"self":[{"href":"https:\/\/arantv.az\/index.php?rest_route=\/wp\/v2\/posts\/820353"}],"collection":[{"href":"https:\/\/arantv.az\/index.php?rest_route=\/wp\/v2\/posts"}],"about":[{"href":"https:\/\/arantv.az\/index.php?rest_route=\/wp\/v2\/types\/post"}],"author":[{"embeddable":true,"href":"https:\/\/arantv.az\/index.php?rest_route=\/wp\/v2\/users\/2"}],"replies":[{"embeddable":true,"href":"https:\/\/arantv.az\/index.php?rest_route=%2Fwp%2Fv2%2Fcomments&post=820353"}],"version-history":[{"count":1,"href":"https:\/\/arantv.az\/index.php?rest_route=\/wp\/v2\/posts\/820353\/revisions"}],"predecessor-version":[{"id":820355,"href":"https:\/\/arantv.az\/index.php?rest_route=\/wp\/v2\/posts\/820353\/revisions\/820355"}],"wp:featuredmedia":[{"embeddable":true,"href":"https:\/\/arantv.az\/index.php?rest_route=\/wp\/v2\/media\/820354"}],"wp:attachment":[{"href":"https:\/\/arantv.az\/index.php?rest_route=%2Fwp%2Fv2%2Fmedia&parent=820353"}],"wp:term":[{"taxonomy":"category","embeddable":true,"href":"https:\/\/arantv.az\/index.php?rest_route=%2Fwp%2Fv2%2Fcategories&post=820353"},{"taxonomy":"post_tag","embeddable":true,"href":"https:\/\/arantv.az\/index.php?rest_route=%2Fwp%2Fv2%2Ftags&post=820353"}],"curies":[{"name":"wp","href":"https:\/\/api.w.org\/{rel}","templated":true}]}}