{"id":820674,"date":"2025-08-13T22:13:45","date_gmt":"2025-08-13T18:13:45","guid":{"rendered":"https:\/\/arantv.az\/?p=820674"},"modified":"2025-08-13T22:13:45","modified_gmt":"2025-08-13T18:13:45","slug":"israil-irana-qarsi-yenid%c9%99n-h%c9%99rbi-%c9%99m%c9%99liyyatlara-baslaya-bil%c9%99r","status":"publish","type":"post","link":"https:\/\/arantv.az\/?p=820674","title":{"rendered":"\u0130srail \u0130rana qar\u015f\u0131 yenid\u0259n h\u0259rbi \u0259m\u0259liyyatlara ba\u015flaya bil\u0259r"},"content":{"rendered":"<p><strong>&#8220;\u0130srail Ba\u015f naziri Benyamin Netanyahu \u0130randa \u0259halini etiraz aksiyalar\u0131na \u00e7a\u011f\u0131r\u0131b. \u0130srail \u0130rana qar\u015f\u0131 yeni h\u0259rbi planla\u015fd\u0131rma apar\u0131r v\u0259 \u00f6ld\u00fcr\u00fcl\u0259c\u0259k h\u0259rbi- siyasi \u015f\u0259xsl\u0259rin portretl\u0259rini m\u0259tbuata \u00f6t\u00fcr\u00fcb. \u0130randan da \u0130srail\u0259 s\u0259rt ifad\u0259l\u0259r i\u015fl\u0259dilir. Qar\u015f\u0131l\u0131ql\u0131 olaraq t\u0259r\u0259fl\u0259r aras\u0131nda siyasi b\u00f6hran yeniden d\u0259rinl\u0259\u015fir. \u0130ran n\u00fcv\u0259 proqram\u0131n\u0131 dayand\u0131rm\u0131r. Hizbullahi silahland\u0131r\u0131r&#8221;.<\/strong><\/p>\n<p><strong><img src=\"https:\/\/hafta.az\/photos\/2020\/11\/13182-1605181998.jpg\" alt=\"Rusiya G\u00fcrc\u00fcstanda oldu\u011fu kimi, ist\u0259diyi \u015f\u0259kild\u0259 davrana bilm\u0259y\u0259c\u0259k\u201d - M\u0259h\u0259mm\u0259d  \u018fs\u0259dullazad\u0259 | Hafta.az\" \/><\/strong><\/p>\n<p>Bu fikirl\u0259ri Musavat.com-a politoloq M\u0259h\u0259mm\u0259d \u018fs\u0259dullazad\u0259 deyib. Onun s\u00f6zl\u0259rin\u0259 g\u00f6r\u0259, AB\u015e h\u0259rbi n\u0259qliyyat t\u0259yyar\u0259l\u0259rini Yax\u0131n \u015e\u0259rq\u0259 g\u00f6nd\u0259rir: &#8220;Prezident Donald Tramp \u0130rana qar\u015f\u0131 h\u0259rbi \u0259m\u0259liyyatlar\u0131 istisna etmir. \u018fg\u0259r, \u0130srail v\u0259 AB\u015e \u0130rana qar\u015f\u0131 h\u0259rbi \u0259m\u0259liyyatlara ba\u015flayarsa, Ali dini lider \u018fli Xameneini aradan g\u00f6t\u00fcr\u0259 v\u0259 \u0130ran\u0131 kapitulyasiyaya imza atma\u011fa m\u0259cbur ed\u0259 bil\u0259r. \u00c7\u00fcnki, \u0130ran 12 g\u00fcnl\u00fck m\u00fcharib\u0259d\u0259n sonra geri add\u0131m atm\u0131r. AB\u015e-la konstruktiv dialoqa getmir. H\u0259tta, AB\u015e prezidentinin ad\u0131n\u0131 da\u015f\u0131yan C\u0259nubi Qafqada &#8220;Tramp k\u00f6rp\u00fcs\u00fc&#8221;n\u00fc vurmaqla h\u0259d\u0259l\u0259yir.<\/p>\n<p>Dem\u0259k olar ki, \u0130ran\u0131n m\u00fchafiz\u0259kar sistemi AB\u015e v\u0259 \u0130srail, h\u0259m\u00e7inin region \u00fc\u00e7\u00fcn problem\u0259 \u00e7evrilib. \u0130randa rejimi d\u0259yi\u015fm\u0259k plan\u0131ndan \u0130srail v\u0259 Tramp geri \u00e7\u0259kilm\u0259yib. \u0130rana qar\u015f\u0131 h\u0259rbi \u0259m\u0259liyyatlar avqustun sonunda m\u00fcmk\u00fcn ola bil\u0259r&#8221;.<\/p>\n<p><strong>Cavan\u015fir ABBASLI<\/strong><br \/>\n<strong>Musavat.com<\/strong><\/p>\n","protected":false},"excerpt":{"rendered":"<p>&#8220;\u0130srail Ba\u015f naziri Benyamin Netanyahu \u0130randa \u0259halini etiraz aksiyalar\u0131na \u00e7a\u011f\u0131r\u0131b. \u0130srail \u0130rana qar\u015f\u0131 yeni h\u0259rbi planla\u015fd\u0131rma apar\u0131r v\u0259 \u00f6ld\u00fcr\u00fcl\u0259c\u0259k h\u0259rbi- siyasi \u015f\u0259xsl\u0259rin portretl\u0259rini m\u0259tbuata \u00f6t\u00fcr\u00fcb. \u0130randan da \u0130srail\u0259 s\u0259rt ifad\u0259l\u0259r i\u015fl\u0259dilir. Qar\u015f\u0131l\u0131ql\u0131 olaraq t\u0259r\u0259fl\u0259r aras\u0131nda siyasi b\u00f6hran yeniden d\u0259rinl\u0259\u015fir. \u0130ran n\u00fcv\u0259 proqram\u0131n\u0131 dayand\u0131rm\u0131r. Hizbullahi silahland\u0131r\u0131r&#8221;. Bu fikirl\u0259ri Musavat.com-a politoloq M\u0259h\u0259mm\u0259d \u018fs\u0259dullazad\u0259 deyib. Onun s\u00f6zl\u0259rin\u0259 g\u00f6r\u0259, AB\u015e h\u0259rbi n\u0259qliyyat t\u0259yyar\u0259l\u0259rini Yax\u0131n \u015e\u0259rq\u0259 g\u00f6nd\u0259rir: &#8220;Prezident Donald Tramp \u0130rana qar\u015f\u0131 h\u0259rbi \u0259m\u0259liyyatlar\u0131 istisna etmir. \u018fg\u0259r, \u0130srail v\u0259 AB\u015e \u0130rana qar\u015f\u0131 h\u0259rbi \u0259m\u0259liyyatlara ba\u015flayarsa, Ali dini lider \u018fli Xameneini aradan g\u00f6t\u00fcr\u0259 v\u0259 \u0130ran\u0131 kapitulyasiyaya&hellip;<\/p>\n","protected":false},"author":2,"featured_media":820675,"comment_status":"closed","ping_status":"closed","sticky":false,"template":"","format":"standard","meta":{"om_disable_all_campaigns":false,"_monsterinsights_skip_tracking":false,"_monsterinsights_sitenote_active":false,"_monsterinsights_sitenote_note":"","_monsterinsights_sitenote_category":0},"categories":[7],"tags":[],"aioseo_notices":[],"gutentor_comment":0,"rttpg_featured_image_url":{"full":["https:\/\/arantv.az\/wp-content\/uploads\/2025\/08\/f984c95c0b128387e8cfc8b0ead5c38c.jpg",300,168,false],"landscape":["https:\/\/arantv.az\/wp-content\/uploads\/2025\/08\/f984c95c0b128387e8cfc8b0ead5c38c.jpg",300,168,false],"portraits":["https:\/\/arantv.az\/wp-content\/uploads\/2025\/08\/f984c95c0b128387e8cfc8b0ead5c38c.jpg",300,168,false],"thumbnail":["https:\/\/arantv.az\/wp-content\/uploads\/2025\/08\/f984c95c0b128387e8cfc8b0ead5c38c.jpg",300,168,false],"medium":["https:\/\/arantv.az\/wp-content\/uploads\/2025\/08\/f984c95c0b128387e8cfc8b0ead5c38c.jpg",300,168,false],"large":["https:\/\/arantv.az\/wp-content\/uploads\/2025\/08\/f984c95c0b128387e8cfc8b0ead5c38c.jpg",300,168,false],"1536x1536":["https:\/\/arantv.az\/wp-content\/uploads\/2025\/08\/f984c95c0b128387e8cfc8b0ead5c38c.jpg",300,168,false],"2048x2048":["https:\/\/arantv.az\/wp-content\/uploads\/2025\/08\/f984c95c0b128387e8cfc8b0ead5c38c.jpg",300,168,false],"post-thumbnail":["https:\/\/arantv.az\/wp-content\/uploads\/2025\/08\/f984c95c0b128387e8cfc8b0ead5c38c-240x168.jpg",240,168,true],"advps-thumb-one":["https:\/\/arantv.az\/wp-content\/uploads\/2025\/08\/f984c95c0b128387e8cfc8b0ead5c38c.jpg",300,168,false]},"rttpg_author":{"display_name":"V\u00fcsal Rafiqo\u011flu","author_link":"https:\/\/arantv.az\/?author=2"},"rttpg_comment":0,"rttpg_category":"<a href=\"https:\/\/arantv.az\/?cat=7\" rel=\"category\">D\u00fcnya<\/a>","rttpg_excerpt":"&#8220;\u0130srail Ba\u015f naziri Benyamin Netanyahu \u0130randa \u0259halini etiraz aksiyalar\u0131na \u00e7a\u011f\u0131r\u0131b. \u0130srail \u0130rana qar\u015f\u0131 yeni h\u0259rbi planla\u015fd\u0131rma apar\u0131r v\u0259 \u00f6ld\u00fcr\u00fcl\u0259c\u0259k h\u0259rbi- siyasi \u015f\u0259xsl\u0259rin portretl\u0259rini m\u0259tbuata \u00f6t\u00fcr\u00fcb. \u0130randan da \u0130srail\u0259 s\u0259rt ifad\u0259l\u0259r i\u015fl\u0259dilir. Qar\u015f\u0131l\u0131ql\u0131 olaraq t\u0259r\u0259fl\u0259r aras\u0131nda siyasi b\u00f6hran yeniden d\u0259rinl\u0259\u015fir. \u0130ran n\u00fcv\u0259 proqram\u0131n\u0131 dayand\u0131rm\u0131r. Hizbullahi silahland\u0131r\u0131r&#8221;. Bu fikirl\u0259ri Musavat.com-a politoloq M\u0259h\u0259mm\u0259d \u018fs\u0259dullazad\u0259 deyib. Onun s\u00f6zl\u0259rin\u0259 g\u00f6r\u0259,&hellip;","_links":{"self":[{"href":"https:\/\/arantv.az\/index.php?rest_route=\/wp\/v2\/posts\/820674"}],"collection":[{"href":"https:\/\/arantv.az\/index.php?rest_route=\/wp\/v2\/posts"}],"about":[{"href":"https:\/\/arantv.az\/index.php?rest_route=\/wp\/v2\/types\/post"}],"author":[{"embeddable":true,"href":"https:\/\/arantv.az\/index.php?rest_route=\/wp\/v2\/users\/2"}],"replies":[{"embeddable":true,"href":"https:\/\/arantv.az\/index.php?rest_route=%2Fwp%2Fv2%2Fcomments&post=820674"}],"version-history":[{"count":2,"href":"https:\/\/arantv.az\/index.php?rest_route=\/wp\/v2\/posts\/820674\/revisions"}],"predecessor-version":[{"id":820677,"href":"https:\/\/arantv.az\/index.php?rest_route=\/wp\/v2\/posts\/820674\/revisions\/820677"}],"wp:featuredmedia":[{"embeddable":true,"href":"https:\/\/arantv.az\/index.php?rest_route=\/wp\/v2\/media\/820675"}],"wp:attachment":[{"href":"https:\/\/arantv.az\/index.php?rest_route=%2Fwp%2Fv2%2Fmedia&parent=820674"}],"wp:term":[{"taxonomy":"category","embeddable":true,"href":"https:\/\/arantv.az\/index.php?rest_route=%2Fwp%2Fv2%2Fcategories&post=820674"},{"taxonomy":"post_tag","embeddable":true,"href":"https:\/\/arantv.az\/index.php?rest_route=%2Fwp%2Fv2%2Ftags&post=820674"}],"curies":[{"name":"wp","href":"https:\/\/api.w.org\/{rel}","templated":true}]}}