{"id":820681,"date":"2025-08-13T22:15:45","date_gmt":"2025-08-13T18:15:45","guid":{"rendered":"https:\/\/arantv.az\/?p=820681"},"modified":"2025-08-13T22:15:45","modified_gmt":"2025-08-13T18:15:45","slug":"kolesnikin-t%c9%99k%c9%99r-kimi-firlanan-t%c9%99hdidl%c9%99ri-az%c9%99rbaycan-yolundan-donm%c9%99y%c9%99c%c9%99k-deputatin-yazisi","status":"publish","type":"post","link":"https:\/\/arantv.az\/?p=820681","title":{"rendered":"Kolesnikin t\u0259k\u0259r kimi f\u0131rlanan t\u0259hdidl\u0259ri: Az\u0259rbaycan yolundan d\u00f6nm\u0259y\u0259c\u0259k &#8211; deputat\u0131n yaz\u0131s\u0131"},"content":{"rendered":"<div class=\"text-content\" data-id=\"\" data-url=\"\">\n<p><strong>Son g\u00fcnl\u0259r Az\u0259rbaycana qar\u015f\u0131 ucuz t\u0259bli\u011fat \u015fousuna daha bir rusiyal\u0131 deputat qo\u015fulub v\u0259 Rusiyada art\u0131q natamaml\u0131q kompleksin\u0259 \u00e7evrilmi\u015f imperiya hikk\u0259sind\u0259n do\u011fan a\u00e7\u0131qlama il\u0259 \u00e7\u0131x\u0131\u015f edib.<\/strong><\/p>\n<p>Rusiya D\u00f6vl\u0259t Dumas\u0131n\u0131n deputat\u0131 Andrey Kolesnikin a\u00e7\u0131qlamas\u0131 onun n\u0259inki diplomatik, h\u0259tta elementar siyasi etikadan x\u0259b\u0259rsiz oldu\u011funu g\u00f6st\u0259rir. Kolesnik Rusiyan\u0131n ictimai r\u0259yin\u0259 hesablanm\u0131\u015f \u201ckurs d\u0259yi\u015fm\u0259k\u201d kimi pafoslu s\u00f6zl\u0259rd\u0259n istifad\u0259 ets\u0259 d\u0259, g\u00f6r\u00fcn\u00fcr, h\u0259l\u0259 d\u0259 XXI \u0259srd\u0259 ya\u015fad\u0131\u011f\u0131n\u0131 unudub v\u0259 \u201cimperiya dikt\u0259si\u201d d\u00f6vr\u00fcn\u00fcn bitdiyini h\u0259l\u0259 d\u0259 d\u0259rk ed\u0259 bilmir.<\/p>\n<p>Andrey Kolesnikin t\u0259hdidl\u0259ri, n\u0259inki siyasi dialoq, he\u00e7 sivil, t\u0259hsilli, normal adam dili d\u0259 deyil. Bu, s\u0131rf primitiv, yaln\u0131z miskin siyas\u0259t q\u0131r\u0131nt\u0131lar\u0131na xas olan h\u0259d\u0259-qorxudur. Bizim \u00f6lk\u0259mizd\u0259 Andrey Kolesnikin z\u0259h\u0259rl\u0259ndiyi m\u00fchitd\u0259n f\u0259rqli olaraq b\u00fct\u00fcn m\u0259s\u0259l\u0259l\u0259r Az\u0259rbaycan xalq\u0131n\u0131n irad\u0259si il\u0259 ifad\u0259 v\u0259 h\u0259ll olunur. Az\u0259rbaycan xalq\u0131 is\u0259 30 illik i\u015f\u011fal\u0131 sona \u00e7atd\u0131ran, torpaqlar\u0131n\u0131 azad ed\u0259n v\u0259 m\u00fcst\u0259qilliyini m\u00f6hk\u0259ml\u0259ndir\u0259n lider\u0259 olan sevgi v\u0259 s\u0259daq\u0259tini xaricd\u0259n g\u0259l\u0259n ucuz t\u0259hdidl\u0259rl\u0259 m\u00fc\u0259yy\u0259n etmir.<\/p>\n<p><img src=\"https:\/\/www.baki-xeber.com\/media\/2025\/05\/27\/kolesnik.jpg?v=1748293186\" alt=\"Image\" \/><\/p>\n<p><strong>Andrey Kolesnik<\/strong><\/p>\n<p><strong>Kolesnik \u201cRusiyan\u0131n Qafqazda kifay\u0259t q\u0259d\u0259r qo\u015funu\u201d oldu\u011funu xat\u0131rlad\u0131r v\u0259 bunu da yen\u0259 t\u0259hdidvari \u00fcslubda diqq\u0259t\u0259 \u00e7atd\u0131rma\u011fa \u00e7al\u0131\u015f\u0131r. \u018fg\u0259r Andrey Kolesnik Rusiyan\u0131n potensial\u0131n\u0131 ifad\u0259 ed\u0259n h\u0259r hans\u0131 ba\u015fqa, arqumentli bir fikir s\u0259sl\u0259ndirs\u0259ydi, o zaman t\u0259\u0259cc\u00fcbl\u0259n\u0259rdim. Rusiyada insan amili olmad\u0131\u011f\u0131, \u015f\u0259xsiyy\u0259t faktoru is\u0259 siyasi s\u0259hn\u0259d\u0259n s\u0131x\u0131\u015fd\u0131r\u0131ld\u0131\u011f\u0131 \u00fc\u00e7\u00fcn Rusiya D\u00f6vl\u0259t Dumas\u0131n\u0131n daha bir deputat\u0131n\u0131n keyfiyy\u0259td\u0259n yox, k\u0259miyy\u0259td\u0259n dan\u0131\u015fmas\u0131 t\u0259bii q\u0259bul olunmal\u0131d\u0131r. Z\u0259nnimc\u0259, son bir ne\u00e7\u0259 ild\u0259 h\u0259rbi-siyasi m\u00fcst\u0259vid\u0259 k\u0259miyy\u0259t g\u00f6st\u0259ricil\u0259rinin he\u00e7 n\u0259 h\u0259ll etm\u0259diyini anlamaq \u00fc\u00e7\u00fcn h\u0259m d\u00f6y\u00fc\u015f \u0259m\u0259liyyatlar\u0131 s\u0259hn\u0259sind\u0259, h\u0259m d\u0259 a\u00e7\u0131q hava alt\u0131ndak\u0131 parklardak\u0131 m\u0259nz\u0259r\u0259y\u0259 n\u0259z\u0259r salmaq yet\u0259rlidir.<\/strong><\/p>\n<p>Son ill\u0259rin h\u0259rbi-siyasi reall\u0131qlar\u0131 g\u00f6st\u0259rdi ki, t\u0259kc\u0259 say \u00fcst\u00fcnl\u00fcy\u00fc n\u0259 d\u00f6y\u00fc\u015f meydan\u0131nda, n\u0259 d\u0259 beyn\u0259lxalq n\u00fcfuz m\u00fcst\u0259visind\u0259 he\u00e7 n\u0259 h\u0259ll etmir.<\/p>\n<p><strong>Az\u0259rbaycan\u0131n T\u00fcrkiy\u0259 il\u0259 m\u00fcnasib\u0259tl\u0259ri is\u0259 Kolesnikin t\u0259rbiy\u0259sizc\u0259sin\u0259 t\u0259qdim etdiyi kimi \u201ckimins\u0259 alt\u0131na y\u0131x\u0131lmaq\u201d deyil, tarixi, strateji v\u0259 b\u0259rab\u0259rh\u00fcquqlu m\u00fctt\u0259fiqlikdir. G\u00f6r\u00fcn\u00fcr, Kolesnik bu ifad\u0259ni i\u015fl\u0259d\u0259rk\u0259n \u00f6z soyad\u0131n\u0131n m\u0259nas\u0131ndan v\u0259 h\u0259yat f\u0259ls\u0259f\u0259sind\u0259n \u00e7\u0131x\u0131\u015f edir. \u00c7\u00fcnki rus dilind\u0259 Kolesnikin soyad\u0131ndak\u0131 \u201ckoleso\u201d, y\u0259ni t\u0259k\u0259r h\u0259mi\u015f\u0259 altda olur. Kimin alt\u0131nda olur, hans\u0131 istiqam\u0259t\u0259 f\u0131rlan\u0131r, onu da ya s\u00fcr\u00fcc\u00fc, ya da minici m\u00fc\u0259yy\u0259n edir. Amma h\u0259r halda, \u201caltda qalmaq\u201d biz az\u0259rbaycanl\u0131lar\u0131n xarakterin\u0259 yadd\u0131r. Bunu Rusiyada ya\u015fayan h\u0259r k\u0259s yax\u015f\u0131 bilir.<\/strong><\/p>\n<p>Kolesniki narahat ed\u0259n humanitar yard\u0131m m\u0259s\u0259l\u0259sin\u0259 g\u0259ldikd\u0259 is\u0259, Az\u0259rbaycan m\u00fcharib\u0259d\u0259n \u0259ziyy\u0259t \u00e7\u0259k\u0259n Ukrayna xalq\u0131na yard\u0131m g\u00f6nd\u0259rm\u0259k q\u0259rar\u0131n\u0131 humanist d\u0259y\u0259rl\u0259r v\u0259 beyn\u0259lxalq humanitar h\u00fcquq \u00e7\u0259r\u00e7iv\u0259sind\u0259 verir. \u018fg\u0259r bu, kimins\u0259 narahatl\u0131\u011f\u0131na s\u0259b\u0259b olursa, bu art\u0131q onun \u00f6z problemidir. \u00c7\u00fcnki humanizm sanksiyaya tabe deyil.<\/p>\n<p>V\u0259 n\u0259hay\u0259t, Kolesnik v\u0259 onun kimil\u0259r\u0259 bir h\u0259qiq\u0259ti a\u00e7\u0131q dem\u0259k laz\u0131md\u0131r: Az\u0259rbaycan \u00f6z siyasi kursunu Moskvan\u0131n icaz\u0259si il\u0259 m\u00fc\u0259yy\u0259n etmir. Bizim kursumuzun ad\u0131 m\u00fcst\u0259qillikdir. H\u0259m d\u0259 el\u0259 bir m\u00fcst\u0259qillik ki, bu g\u00fcn ona yaln\u0131z regionda deyil, b\u00fct\u00fcn d\u00fcnyada h\u00f6rm\u0259tl\u0259 yana\u015f\u0131rlar.<\/p>\n<p><strong>Ona g\u00f6r\u0259 d\u0259, \u0259g\u0259r Kolesnik, yaxud ba\u015fqa bir \u201ct\u0259k\u0259r\u201d Az\u0259rbaycana \u201cd\u0259rs ke\u00e7m\u0259k\u201d ist\u0259yirs\u0259, \u0259vv\u0259lc\u0259 \u00f6z \u00f6lk\u0259sinin qon\u015fularla m\u00fcnasib\u0259tl\u0259rinin tarixini yenid\u0259n oxumal\u0131d\u0131r. \u00c7\u00fcnki bu tarixd\u0259 n\u0259tic\u0259 \u00e7\u0131xar\u0131lacaq \u00e7ox d\u0259rsl\u0259r var. Amma bizim \u00fc\u00e7\u00fcn yox, onlar \u00fc\u00e7\u00fcn\u2026<\/strong><\/p>\n<p><img loading=\"lazy\" src=\"https:\/\/www.azerbaijan-news.az\/storage\/news\/2025\/08\/13\/Elcin_Mirzebeylijpg_1755037013.jpg\" alt=\"Kremlin Az\u0259rbaycana qar\u015f\u0131 \u0259sass\u0131z ittihamlar\u0131\" width=\"481\" height=\"298\" \/><\/p>\n<p><strong>El\u00e7in Mirz\u0259b\u0259yli,<\/strong><br \/>\n<strong>Mill\u0259t v\u0259kili<\/strong><\/p>\n<\/div>\n<div><\/div>\n<div><\/div>\n<div class=\"inner-social-box\">\n<div class=\"subs-in-social subs-whatsapp\"><\/div>\n<\/div>\n","protected":false},"excerpt":{"rendered":"<p>Son g\u00fcnl\u0259r Az\u0259rbaycana qar\u015f\u0131 ucuz t\u0259bli\u011fat \u015fousuna daha bir rusiyal\u0131 deputat qo\u015fulub v\u0259 Rusiyada art\u0131q natamaml\u0131q kompleksin\u0259 \u00e7evrilmi\u015f imperiya hikk\u0259sind\u0259n do\u011fan a\u00e7\u0131qlama il\u0259 \u00e7\u0131x\u0131\u015f edib. Rusiya D\u00f6vl\u0259t Dumas\u0131n\u0131n deputat\u0131 Andrey Kolesnikin a\u00e7\u0131qlamas\u0131 onun n\u0259inki diplomatik, h\u0259tta elementar siyasi etikadan x\u0259b\u0259rsiz oldu\u011funu g\u00f6st\u0259rir. Kolesnik Rusiyan\u0131n ictimai r\u0259yin\u0259 hesablanm\u0131\u015f \u201ckurs d\u0259yi\u015fm\u0259k\u201d kimi pafoslu s\u00f6zl\u0259rd\u0259n istifad\u0259 ets\u0259 d\u0259, g\u00f6r\u00fcn\u00fcr, h\u0259l\u0259 d\u0259 XXI \u0259srd\u0259 ya\u015fad\u0131\u011f\u0131n\u0131 unudub v\u0259 \u201cimperiya dikt\u0259si\u201d d\u00f6vr\u00fcn\u00fcn bitdiyini h\u0259l\u0259 d\u0259 d\u0259rk ed\u0259 bilmir. Andrey Kolesnikin t\u0259hdidl\u0259ri, n\u0259inki siyasi dialoq, he\u00e7 sivil, t\u0259hsilli, normal adam dili d\u0259 deyil. Bu, s\u0131rf primitiv, yaln\u0131z&hellip;<\/p>\n","protected":false},"author":2,"featured_media":820682,"comment_status":"closed","ping_status":"closed","sticky":false,"template":"","format":"standard","meta":{"om_disable_all_campaigns":false,"_monsterinsights_skip_tracking":false,"_monsterinsights_sitenote_active":false,"_monsterinsights_sitenote_note":"","_monsterinsights_sitenote_category":0},"categories":[19],"tags":[],"aioseo_notices":[],"gutentor_comment":0,"rttpg_featured_image_url":{"full":["https:\/\/arantv.az\/wp-content\/uploads\/2025\/08\/327a88606bccee6ab0ede733cb9e44b8.jpg",870,500,false],"landscape":["https:\/\/arantv.az\/wp-content\/uploads\/2025\/08\/327a88606bccee6ab0ede733cb9e44b8.jpg",870,500,false],"portraits":["https:\/\/arantv.az\/wp-content\/uploads\/2025\/08\/327a88606bccee6ab0ede733cb9e44b8.jpg",870,500,false],"thumbnail":["https:\/\/arantv.az\/wp-content\/uploads\/2025\/08\/327a88606bccee6ab0ede733cb9e44b8-500x280.jpg",500,280,true],"medium":["https:\/\/arantv.az\/wp-content\/uploads\/2025\/08\/327a88606bccee6ab0ede733cb9e44b8-635x365.jpg",635,365,true],"large":["https:\/\/arantv.az\/wp-content\/uploads\/2025\/08\/327a88606bccee6ab0ede733cb9e44b8-840x483.jpg",640,368,true],"1536x1536":["https:\/\/arantv.az\/wp-content\/uploads\/2025\/08\/327a88606bccee6ab0ede733cb9e44b8.jpg",870,500,false],"2048x2048":["https:\/\/arantv.az\/wp-content\/uploads\/2025\/08\/327a88606bccee6ab0ede733cb9e44b8.jpg",870,500,false],"post-thumbnail":["https:\/\/arantv.az\/wp-content\/uploads\/2025\/08\/327a88606bccee6ab0ede733cb9e44b8-240x172.jpg",240,172,true],"advps-thumb-one":["https:\/\/arantv.az\/wp-content\/uploads\/2025\/08\/327a88606bccee6ab0ede733cb9e44b8.jpg",870,500,false]},"rttpg_author":{"display_name":"V\u00fcsal Rafiqo\u011flu","author_link":"https:\/\/arantv.az\/?author=2"},"rttpg_comment":0,"rttpg_category":"<a href=\"https:\/\/arantv.az\/?cat=19\" rel=\"category\">G\u00fcnd\u0259m<\/a>","rttpg_excerpt":"Son g\u00fcnl\u0259r Az\u0259rbaycana qar\u015f\u0131 ucuz t\u0259bli\u011fat \u015fousuna daha bir rusiyal\u0131 deputat qo\u015fulub v\u0259 Rusiyada art\u0131q natamaml\u0131q kompleksin\u0259 \u00e7evrilmi\u015f imperiya hikk\u0259sind\u0259n do\u011fan a\u00e7\u0131qlama il\u0259 \u00e7\u0131x\u0131\u015f edib. Rusiya D\u00f6vl\u0259t Dumas\u0131n\u0131n deputat\u0131 Andrey Kolesnikin a\u00e7\u0131qlamas\u0131 onun n\u0259inki diplomatik, h\u0259tta elementar siyasi etikadan x\u0259b\u0259rsiz oldu\u011funu g\u00f6st\u0259rir. Kolesnik Rusiyan\u0131n ictimai r\u0259yin\u0259 hesablanm\u0131\u015f \u201ckurs d\u0259yi\u015fm\u0259k\u201d kimi pafoslu s\u00f6zl\u0259rd\u0259n istifad\u0259 ets\u0259 d\u0259,&hellip;","_links":{"self":[{"href":"https:\/\/arantv.az\/index.php?rest_route=\/wp\/v2\/posts\/820681"}],"collection":[{"href":"https:\/\/arantv.az\/index.php?rest_route=\/wp\/v2\/posts"}],"about":[{"href":"https:\/\/arantv.az\/index.php?rest_route=\/wp\/v2\/types\/post"}],"author":[{"embeddable":true,"href":"https:\/\/arantv.az\/index.php?rest_route=\/wp\/v2\/users\/2"}],"replies":[{"embeddable":true,"href":"https:\/\/arantv.az\/index.php?rest_route=%2Fwp%2Fv2%2Fcomments&post=820681"}],"version-history":[{"count":1,"href":"https:\/\/arantv.az\/index.php?rest_route=\/wp\/v2\/posts\/820681\/revisions"}],"predecessor-version":[{"id":820683,"href":"https:\/\/arantv.az\/index.php?rest_route=\/wp\/v2\/posts\/820681\/revisions\/820683"}],"wp:featuredmedia":[{"embeddable":true,"href":"https:\/\/arantv.az\/index.php?rest_route=\/wp\/v2\/media\/820682"}],"wp:attachment":[{"href":"https:\/\/arantv.az\/index.php?rest_route=%2Fwp%2Fv2%2Fmedia&parent=820681"}],"wp:term":[{"taxonomy":"category","embeddable":true,"href":"https:\/\/arantv.az\/index.php?rest_route=%2Fwp%2Fv2%2Fcategories&post=820681"},{"taxonomy":"post_tag","embeddable":true,"href":"https:\/\/arantv.az\/index.php?rest_route=%2Fwp%2Fv2%2Ftags&post=820681"}],"curies":[{"name":"wp","href":"https:\/\/api.w.org\/{rel}","templated":true}]}}