{"id":820687,"date":"2025-08-13T22:17:41","date_gmt":"2025-08-13T18:17:41","guid":{"rendered":"https:\/\/arantv.az\/?p=820687"},"modified":"2025-08-13T22:17:41","modified_gmt":"2025-08-13T18:17:41","slug":"qarabag-dirc%c9%99lis-fondu-musahid%c9%99-surasinin-t%c9%99rkibind%c9%99-d%c9%99yisiklik-bas-verm%c9%99yib","status":"publish","type":"post","link":"https:\/\/arantv.az\/?p=820687","title":{"rendered":"Qaraba\u011f Dir\u00e7\u0259li\u015f Fondu: M\u00fc\u015fahid\u0259 \u015euras\u0131n\u0131n t\u0259rkibind\u0259 d\u0259yi\u015fiklik ba\u015f verm\u0259yib"},"content":{"rendered":"<p>M\u0259lum oldu\u011fu kimi, avqustun 12-d\u0259 Prezident \u0130lham \u018fliyev \u201cQaraba\u011f Dir\u00e7\u0259li\u015f Fondunun M\u00fc\u015fahid\u0259 \u015euras\u0131n\u0131n t\u0259rkibinin t\u0259sdiq edilm\u0259si haqq\u0131nda\u201d 2021-ci il 4 yanvar tarixli 2407 n\u00f6mr\u0259li S\u0259r\u0259ncam\u0131nda d\u0259yi\u015fiklik edilm\u0259si bar\u0259d\u0259 S\u0259r\u0259ncam imzalay\u0131b.<\/p>\n<p>Fondun m\u0259tbuat xidm\u0259tind\u0259n\u00a0<a class=\"azertac-link\" href=\"https:\/\/azertag.az\/\" target=\"_blank\" rel=\"noopener\">AZ\u018fRTAC<\/a>-a veril\u0259n m\u0259lumata g\u00f6r\u0259, M\u00fc\u015fahid\u0259 \u015euras\u0131n\u0131n \u00fczvl\u0259rinin siyah\u0131s\u0131nda d\u0259yi\u015fiklik ba\u015f verm\u0259yib.<\/p>\n<p>\u201cXat\u0131rladaq ki, 5 fevral 2025-ci il tarixli Prezident s\u0259r\u0259ncamlar\u0131 il\u0259 Muxtar Babayev ekologiya v\u0259 t\u0259bii s\u0259rv\u0259tl\u0259r naziri v\u0259zif\u0259sind\u0259n azad edil\u0259r\u0259k Az\u0259rbaycan Respublikas\u0131 Prezidentinin iqlim m\u0259s\u0259l\u0259l\u0259ri \u00fczr\u0259 n\u00fcmay\u0259nd\u0259si t\u0259yin edilib. H\u0259m\u00e7inin Tural G\u0259nc\u0259liyevin r\u0259hb\u0259rlik etdiyi \u201cDa\u011fl\u0131q Qaraba\u011f\u0131n Az\u0259rbaycanl\u0131 \u0130cmas\u0131\u201d \u0130ctimai Birliyi 2021-ci ilin aprelind\u0259 f\u0259aliyy\u0259tini dayand\u0131r\u0131b. Prezident \u0130lham \u018fliyevin son S\u0259r\u0259ncam\u0131nda m\u0259hz bu d\u0259yi\u015fiklikl\u0259r n\u0259z\u0259r\u0259 al\u0131naraq \u015eura \u00fczvl\u0259rinin v\u0259zif\u0259 adlar\u0131nda m\u00fcvafiq d\u00fcz\u0259li\u015fl\u0259r edilib. H\u0259m Muxtar Babayev, h\u0259m d\u0259 Tural G\u0259nc\u0259liyev \u0259vv\u0259lki kimi M\u00fc\u015fahid\u0259 \u015euras\u0131n\u0131n \u00fczvl\u0259ri olaraq f\u0259aliyy\u0259tl\u0259rini davam etdirirl\u0259r\u201d, &#8211; dey\u0259 m\u0259lumatda qeyd olunub.<\/p>\n","protected":false},"excerpt":{"rendered":"<p>M\u0259lum oldu\u011fu kimi, avqustun 12-d\u0259 Prezident \u0130lham \u018fliyev \u201cQaraba\u011f Dir\u00e7\u0259li\u015f Fondunun M\u00fc\u015fahid\u0259 \u015euras\u0131n\u0131n t\u0259rkibinin t\u0259sdiq edilm\u0259si haqq\u0131nda\u201d 2021-ci il 4 yanvar tarixli 2407 n\u00f6mr\u0259li S\u0259r\u0259ncam\u0131nda d\u0259yi\u015fiklik edilm\u0259si bar\u0259d\u0259 S\u0259r\u0259ncam imzalay\u0131b. Fondun m\u0259tbuat xidm\u0259tind\u0259n\u00a0AZ\u018fRTAC-a veril\u0259n m\u0259lumata g\u00f6r\u0259, M\u00fc\u015fahid\u0259 \u015euras\u0131n\u0131n \u00fczvl\u0259rinin siyah\u0131s\u0131nda d\u0259yi\u015fiklik ba\u015f verm\u0259yib. \u201cXat\u0131rladaq ki, 5 fevral 2025-ci il tarixli Prezident s\u0259r\u0259ncamlar\u0131 il\u0259 Muxtar Babayev ekologiya v\u0259 t\u0259bii s\u0259rv\u0259tl\u0259r naziri v\u0259zif\u0259sind\u0259n azad edil\u0259r\u0259k Az\u0259rbaycan Respublikas\u0131 Prezidentinin iqlim m\u0259s\u0259l\u0259l\u0259ri \u00fczr\u0259 n\u00fcmay\u0259nd\u0259si t\u0259yin edilib. H\u0259m\u00e7inin Tural G\u0259nc\u0259liyevin r\u0259hb\u0259rlik etdiyi \u201cDa\u011fl\u0131q Qaraba\u011f\u0131n Az\u0259rbaycanl\u0131 \u0130cmas\u0131\u201d \u0130ctimai Birliyi 2021-ci ilin aprelind\u0259 f\u0259aliyy\u0259tini dayand\u0131r\u0131b. Prezident \u0130lham&hellip;<\/p>\n","protected":false},"author":2,"featured_media":820688,"comment_status":"closed","ping_status":"closed","sticky":false,"template":"","format":"standard","meta":{"om_disable_all_campaigns":false,"_monsterinsights_skip_tracking":false,"_monsterinsights_sitenote_active":false,"_monsterinsights_sitenote_note":"","_monsterinsights_sitenote_category":0},"categories":[1],"tags":[],"aioseo_notices":[],"gutentor_comment":0,"rttpg_featured_image_url":{"full":["https:\/\/arantv.az\/wp-content\/uploads\/2025\/08\/17551012594213456397_1200x630.jpg",923,630,false],"landscape":["https:\/\/arantv.az\/wp-content\/uploads\/2025\/08\/17551012594213456397_1200x630.jpg",923,630,false],"portraits":["https:\/\/arantv.az\/wp-content\/uploads\/2025\/08\/17551012594213456397_1200x630.jpg",923,630,false],"thumbnail":["https:\/\/arantv.az\/wp-content\/uploads\/2025\/08\/17551012594213456397_1200x630-500x280.jpg",500,280,true],"medium":["https:\/\/arantv.az\/wp-content\/uploads\/2025\/08\/17551012594213456397_1200x630-535x365.jpg",535,365,true],"large":["https:\/\/arantv.az\/wp-content\/uploads\/2025\/08\/17551012594213456397_1200x630-840x573.jpg",640,437,true],"1536x1536":["https:\/\/arantv.az\/wp-content\/uploads\/2025\/08\/17551012594213456397_1200x630.jpg",923,630,false],"2048x2048":["https:\/\/arantv.az\/wp-content\/uploads\/2025\/08\/17551012594213456397_1200x630.jpg",923,630,false],"post-thumbnail":["https:\/\/arantv.az\/wp-content\/uploads\/2025\/08\/17551012594213456397_1200x630-240x172.jpg",240,172,true],"advps-thumb-one":["https:\/\/arantv.az\/wp-content\/uploads\/2025\/08\/17551012594213456397_1200x630-923x620.jpg",923,620,true]},"rttpg_author":{"display_name":"V\u00fcsal Rafiqo\u011flu","author_link":"https:\/\/arantv.az\/?author=2"},"rttpg_comment":0,"rttpg_category":"<a href=\"https:\/\/arantv.az\/?cat=1\" rel=\"category\">C\u0259miyy\u0259t<\/a>","rttpg_excerpt":"M\u0259lum oldu\u011fu kimi, avqustun 12-d\u0259 Prezident \u0130lham \u018fliyev \u201cQaraba\u011f Dir\u00e7\u0259li\u015f Fondunun M\u00fc\u015fahid\u0259 \u015euras\u0131n\u0131n t\u0259rkibinin t\u0259sdiq edilm\u0259si haqq\u0131nda\u201d 2021-ci il 4 yanvar tarixli 2407 n\u00f6mr\u0259li S\u0259r\u0259ncam\u0131nda d\u0259yi\u015fiklik edilm\u0259si bar\u0259d\u0259 S\u0259r\u0259ncam imzalay\u0131b. Fondun m\u0259tbuat xidm\u0259tind\u0259n\u00a0AZ\u018fRTAC-a veril\u0259n m\u0259lumata g\u00f6r\u0259, M\u00fc\u015fahid\u0259 \u015euras\u0131n\u0131n \u00fczvl\u0259rinin siyah\u0131s\u0131nda d\u0259yi\u015fiklik ba\u015f verm\u0259yib. \u201cXat\u0131rladaq ki, 5 fevral 2025-ci il tarixli Prezident s\u0259r\u0259ncamlar\u0131 il\u0259 Muxtar Babayev&hellip;","_links":{"self":[{"href":"https:\/\/arantv.az\/index.php?rest_route=\/wp\/v2\/posts\/820687"}],"collection":[{"href":"https:\/\/arantv.az\/index.php?rest_route=\/wp\/v2\/posts"}],"about":[{"href":"https:\/\/arantv.az\/index.php?rest_route=\/wp\/v2\/types\/post"}],"author":[{"embeddable":true,"href":"https:\/\/arantv.az\/index.php?rest_route=\/wp\/v2\/users\/2"}],"replies":[{"embeddable":true,"href":"https:\/\/arantv.az\/index.php?rest_route=%2Fwp%2Fv2%2Fcomments&post=820687"}],"version-history":[{"count":1,"href":"https:\/\/arantv.az\/index.php?rest_route=\/wp\/v2\/posts\/820687\/revisions"}],"predecessor-version":[{"id":820689,"href":"https:\/\/arantv.az\/index.php?rest_route=\/wp\/v2\/posts\/820687\/revisions\/820689"}],"wp:featuredmedia":[{"embeddable":true,"href":"https:\/\/arantv.az\/index.php?rest_route=\/wp\/v2\/media\/820688"}],"wp:attachment":[{"href":"https:\/\/arantv.az\/index.php?rest_route=%2Fwp%2Fv2%2Fmedia&parent=820687"}],"wp:term":[{"taxonomy":"category","embeddable":true,"href":"https:\/\/arantv.az\/index.php?rest_route=%2Fwp%2Fv2%2Fcategories&post=820687"},{"taxonomy":"post_tag","embeddable":true,"href":"https:\/\/arantv.az\/index.php?rest_route=%2Fwp%2Fv2%2Ftags&post=820687"}],"curies":[{"name":"wp","href":"https:\/\/api.w.org\/{rel}","templated":true}]}}