{"id":82070,"date":"2019-09-28T09:04:05","date_gmt":"2019-09-28T06:04:05","guid":{"rendered":"http:\/\/arantv.az\/?p=82070"},"modified":"2019-09-28T09:04:05","modified_gmt":"2019-09-28T06:04:05","slug":"prezident-ilham-%c9%99liyevin-ugurlu-siyas%c9%99ti-az%c9%99rbaycanin-moht%c9%99s%c9%99m-nailiyy%c9%99tl%c9%99r-qazanmasini-t%c9%99min-edib","status":"publish","type":"post","link":"https:\/\/arantv.az\/?p=82070","title":{"rendered":"&#8220;Prezident \u0130lham \u018fliyevin u\u011furlu siyas\u0259ti Az\u0259rbaycan\u0131n m\u00f6ht\u0259\u015f\u0259m nailiyy\u0259tl\u0259r qazanmas\u0131n\u0131 t\u0259min edib&#8221;"},"content":{"rendered":"<blockquote><p><em><strong>Prezident \u0130lham \u018fliyevin r\u0259hb\u0259rliyi il\u0259 h\u0259yata ke\u00e7iril\u0259n u\u011furlu islahatlar n\u0259tic\u0259sind\u0259 \u00f6lk\u0259mizd\u0259 iqtisadi v\u0259 siyasi sabitlik m\u00f6hk\u0259ml\u0259nib, iqtisadi inki\u015faf dinamikas\u0131 davam etm\u0259kd\u0259dir.<\/strong><\/em><\/p><\/blockquote>\n<p><strong>ARANTV.AZ<\/strong>\u00a0 x\u0259b\u0259r verir ki, bunu\u00a0<a href=\"https:\/\/az.trend.az\/\" target=\"_blank\" rel=\"noopener\">Trend<\/a>-\u0259 Yeni Az\u0259rbaycan Partiyas\u0131ndan olan mill\u0259t v\u0259kili Ayd\u0131n H\u00fcseynov deyib.<\/p>\n<p>A.H\u00fcseynov bildirib ki, Prezident \u0130lham \u018fliyevin \u00f6lk\u0259miz\u0259 r\u0259hb\u0259rlik etdiyi d\u00f6vrd\u0259 sosial-iqtisadi infrastruktur m\u00fcasir t\u0259l\u0259bl\u0259r\u0259 uy\u011fun yenid\u0259n qurulub, iqtisadiyyat \u015fax\u0259l\u0259ndirilib v\u0259 qeyri-neft sektorunda g\u00fccl\u00fc potensial formala\u015fd\u0131r\u0131l\u0131b.<\/p>\n<p>Deputat vur\u011fulay\u0131b ki, h\u0259yata ke\u00e7iril\u0259n islahatlar sosial sah\u0259d\u0259 d\u0259 \u00f6z\u00fcn\u00fcn m\u00fcsb\u0259t t\u0259sirl\u0259rini g\u00f6st\u0259rib: &#8220;Pensiya\u00e7\u0131lar\u0131n v\u0259 dig\u0259r sosial qruplar\u0131n sosial m\u00fcdafi\u0259sinin g\u00fccl\u0259ndirilm\u0259si, maa\u015flar\u0131n davaml\u0131 art\u0131m\u0131, t\u0259l\u0259b\u0259l\u0259rin t\u0259qa\u00fcdl\u0259rinin art\u0131r\u0131lmas\u0131, t\u0259hsil, s\u0259hiyy\u0259 v\u0259 m\u0259d\u0259niyy\u0259t i\u015f\u00e7il\u0259rin\u0259 d\u00f6vl\u0259t qay\u011f\u0131s\u0131n\u0131n art\u0131r\u0131lmas\u0131, m\u0259cburi k\u00f6\u00e7k\u00fcnl\u0259r \u00fc\u00e7\u00fcn yeni q\u0259s\u0259b\u0259l\u0259rin sal\u0131nmas\u0131, \u0259lill\u0259rin v\u0259 \u015f\u0259hid ail\u0259l\u0259rinin m\u0259nzil-m\u0259i\u015f\u0259t \u015f\u0259raitinin yax\u015f\u0131la\u015fd\u0131r\u0131l\u0131mas\u0131 istiqam\u0259tind\u0259 i\u015fl\u0259r davam etdirilir&#8221;.<\/p>\n<p>A.H\u00fcseynov, h\u0259m\u00e7inin qeyd edib ki, Prezident \u0130lham \u018fliyevin r\u0259hb\u0259rliyi il\u0259 h\u0259yata ke\u00e7iril\u0259n u\u011furlu daxili v\u0259 xarici siyas\u0259t Az\u0259rbaycan\u0131n m\u00f6ht\u0259\u015f\u0259m nailiyy\u0259tl\u0259r qazanmas\u0131n\u0131 t\u0259min edib: &#8220;Eyni zamanda, dinamik t\u0259r\u0259qqi Az\u0259rbaycan\u0131n b\u00f6lg\u0259l\u0259rini d\u0259 \u0259hat\u0259 edib, regionlar\u0131n sosial-iqtisadi inki\u015faf\u0131 davaml\u0131 xarakter al\u0131b. Respublikam\u0131zda regionlar\u0131n sosial-iqtisadi inki\u015faf\u0131na dair \u0259vv\u0259lki iki D\u00f6vl\u0259t Proqram\u0131 kimi, 2014-2018-ci ill\u0259ri \u0259hat\u0259 ed\u0259n sayca \u00fc\u00e7\u00fcnc\u00fc proqram\u0131n da icras\u0131 y\u00fcks\u0259k s\u0259viyy\u0259d\u0259 t\u0259min olunub v\u0259 q\u0259bul edilmi\u015f d\u00f6rd\u00fcnc\u00fc D\u00f6vl\u0259t Proqram\u0131 \u00e7\u0259r\u00e7iv\u0259sind\u0259 m\u00fc\u0259yy\u0259n olunmu\u015f i\u015fl\u0259r m\u00fcv\u0259ff\u0259qiyy\u0259tl\u0259 davam etdirilir. B\u00fct\u00fcn bunlar is\u0259 \u015f\u00fcbh\u0259siz ki, \u00f6lk\u0259mizd\u0259 sosial-iqtisadi inki\u015faf\u0131n davaml\u0131 xarakter da\u015f\u0131d\u0131\u011f\u0131n\u0131 g\u00f6st\u0259rir&#8221;.<\/p>\n<p>Mill\u0259t v\u0259kili \u0259lav\u0259 edib ki, Az\u0259rbaycanda biznes m\u00fchitinin yax\u015f\u0131la\u015fd\u0131r\u0131lmas\u0131, sahibkarl\u0131\u011fa d\u00f6vl\u0259t d\u0259st\u0259yi t\u0259dbirl\u0259rinin art\u0131r\u0131lmas\u0131 y\u00fcr\u00fcd\u00fcl\u0259n siyas\u0259tin \u0259sas prioritetl\u0259rind\u0259ndir: &#8220;Prezident \u0130lham \u018fliyevin iqtisadi islahatlar paketi \u00e7\u0259r\u00e7iv\u0259sind\u0259 sahibkarl\u0131\u011f\u0131n inki\u015faf\u0131 il\u0259 ba\u011fl\u0131 q\u0259bul etdiyi q\u0259rarlar iqtisadiyyat\u0131n davaml\u0131 inki\u015faf\u0131n\u0131n t\u0259min olunmas\u0131 bax\u0131m\u0131ndan strateji xarakter da\u015f\u0131y\u0131r v\u0259 sahibkarl\u0131\u011f\u0131n inki\u015faf\u0131 \u00fc\u00e7\u00fcn yeni d\u00f6vr\u00fcn ba\u015flanmas\u0131na s\u0259b\u0259b olub&#8221;.<\/p>\n","protected":false},"excerpt":{"rendered":"<p>Prezident \u0130lham \u018fliyevin r\u0259hb\u0259rliyi il\u0259 h\u0259yata ke\u00e7iril\u0259n u\u011furlu islahatlar n\u0259tic\u0259sind\u0259 \u00f6lk\u0259mizd\u0259 iqtisadi v\u0259 siyasi sabitlik m\u00f6hk\u0259ml\u0259nib, iqtisadi inki\u015faf dinamikas\u0131 davam etm\u0259kd\u0259dir. ARANTV.AZ\u00a0 x\u0259b\u0259r verir ki, bunu\u00a0Trend-\u0259 Yeni Az\u0259rbaycan Partiyas\u0131ndan olan mill\u0259t v\u0259kili Ayd\u0131n H\u00fcseynov deyib. A.H\u00fcseynov bildirib ki, Prezident \u0130lham \u018fliyevin \u00f6lk\u0259miz\u0259 r\u0259hb\u0259rlik etdiyi d\u00f6vrd\u0259 sosial-iqtisadi infrastruktur m\u00fcasir t\u0259l\u0259bl\u0259r\u0259 uy\u011fun yenid\u0259n qurulub, iqtisadiyyat \u015fax\u0259l\u0259ndirilib v\u0259 qeyri-neft sektorunda g\u00fccl\u00fc potensial formala\u015fd\u0131r\u0131l\u0131b. Deputat vur\u011fulay\u0131b ki, h\u0259yata ke\u00e7iril\u0259n islahatlar sosial sah\u0259d\u0259 d\u0259 \u00f6z\u00fcn\u00fcn m\u00fcsb\u0259t t\u0259sirl\u0259rini g\u00f6st\u0259rib: &#8220;Pensiya\u00e7\u0131lar\u0131n v\u0259 dig\u0259r sosial qruplar\u0131n sosial m\u00fcdafi\u0259sinin g\u00fccl\u0259ndirilm\u0259si, maa\u015flar\u0131n davaml\u0131 art\u0131m\u0131, t\u0259l\u0259b\u0259l\u0259rin t\u0259qa\u00fcdl\u0259rinin art\u0131r\u0131lmas\u0131, t\u0259hsil, s\u0259hiyy\u0259 v\u0259&hellip;<\/p>\n","protected":false},"author":2,"featured_media":82071,"comment_status":"closed","ping_status":"closed","sticky":false,"template":"","format":"standard","meta":{"om_disable_all_campaigns":false,"_monsterinsights_skip_tracking":false,"_monsterinsights_sitenote_active":false,"_monsterinsights_sitenote_note":"","_monsterinsights_sitenote_category":0},"categories":[4],"tags":[],"aioseo_notices":[],"gutentor_comment":0,"rttpg_featured_image_url":{"full":["https:\/\/arantv.az\/wp-content\/uploads\/2019\/09\/789903.jpg",800,600,false],"landscape":["https:\/\/arantv.az\/wp-content\/uploads\/2019\/09\/789903.jpg",800,600,false],"portraits":["https:\/\/arantv.az\/wp-content\/uploads\/2019\/09\/789903.jpg",800,600,false],"thumbnail":["https:\/\/arantv.az\/wp-content\/uploads\/2019\/09\/789903-150x150.jpg",150,150,true],"medium":["https:\/\/arantv.az\/wp-content\/uploads\/2019\/09\/789903-300x225.jpg",300,225,true],"large":["https:\/\/arantv.az\/wp-content\/uploads\/2019\/09\/789903.jpg",640,480,false],"1536x1536":["https:\/\/arantv.az\/wp-content\/uploads\/2019\/09\/789903.jpg",800,600,false],"2048x2048":["https:\/\/arantv.az\/wp-content\/uploads\/2019\/09\/789903.jpg",800,600,false],"post-thumbnail":["https:\/\/arantv.az\/wp-content\/uploads\/2019\/09\/789903-240x172.jpg",240,172,true],"advps-thumb-one":["https:\/\/arantv.az\/wp-content\/uploads\/2019\/09\/789903.jpg",800,600,false]},"rttpg_author":{"display_name":"V\u00fcsal Rafiqo\u011flu","author_link":"https:\/\/arantv.az\/?author=2"},"rttpg_comment":0,"rttpg_category":"<a href=\"https:\/\/arantv.az\/?cat=4\" rel=\"category\">Siyas\u0259t<\/a>","rttpg_excerpt":"Prezident \u0130lham \u018fliyevin r\u0259hb\u0259rliyi il\u0259 h\u0259yata ke\u00e7iril\u0259n u\u011furlu islahatlar n\u0259tic\u0259sind\u0259 \u00f6lk\u0259mizd\u0259 iqtisadi v\u0259 siyasi sabitlik m\u00f6hk\u0259ml\u0259nib, iqtisadi inki\u015faf dinamikas\u0131 davam etm\u0259kd\u0259dir. ARANTV.AZ\u00a0 x\u0259b\u0259r verir ki, bunu\u00a0Trend-\u0259 Yeni Az\u0259rbaycan Partiyas\u0131ndan olan mill\u0259t v\u0259kili Ayd\u0131n H\u00fcseynov deyib. A.H\u00fcseynov bildirib ki, Prezident \u0130lham \u018fliyevin \u00f6lk\u0259miz\u0259 r\u0259hb\u0259rlik etdiyi d\u00f6vrd\u0259 sosial-iqtisadi infrastruktur m\u00fcasir t\u0259l\u0259bl\u0259r\u0259 uy\u011fun yenid\u0259n qurulub, iqtisadiyyat \u015fax\u0259l\u0259ndirilib v\u0259&hellip;","_links":{"self":[{"href":"https:\/\/arantv.az\/index.php?rest_route=\/wp\/v2\/posts\/82070"}],"collection":[{"href":"https:\/\/arantv.az\/index.php?rest_route=\/wp\/v2\/posts"}],"about":[{"href":"https:\/\/arantv.az\/index.php?rest_route=\/wp\/v2\/types\/post"}],"author":[{"embeddable":true,"href":"https:\/\/arantv.az\/index.php?rest_route=\/wp\/v2\/users\/2"}],"replies":[{"embeddable":true,"href":"https:\/\/arantv.az\/index.php?rest_route=%2Fwp%2Fv2%2Fcomments&post=82070"}],"version-history":[{"count":0,"href":"https:\/\/arantv.az\/index.php?rest_route=\/wp\/v2\/posts\/82070\/revisions"}],"wp:featuredmedia":[{"embeddable":true,"href":"https:\/\/arantv.az\/index.php?rest_route=\/wp\/v2\/media\/82071"}],"wp:attachment":[{"href":"https:\/\/arantv.az\/index.php?rest_route=%2Fwp%2Fv2%2Fmedia&parent=82070"}],"wp:term":[{"taxonomy":"category","embeddable":true,"href":"https:\/\/arantv.az\/index.php?rest_route=%2Fwp%2Fv2%2Fcategories&post=82070"},{"taxonomy":"post_tag","embeddable":true,"href":"https:\/\/arantv.az\/index.php?rest_route=%2Fwp%2Fv2%2Ftags&post=82070"}],"curies":[{"name":"wp","href":"https:\/\/api.w.org\/{rel}","templated":true}]}}