{"id":820723,"date":"2025-08-14T08:17:19","date_gmt":"2025-08-14T04:17:19","guid":{"rendered":"https:\/\/arantv.az\/?p=820723"},"modified":"2025-08-14T08:17:19","modified_gmt":"2025-08-14T04:17:19","slug":"italiya-sahill%c9%99rind%c9%99-qayigin-batmasi-n%c9%99tic%c9%99sind%c9%99-26-n%c9%99f%c9%99r-olub","status":"publish","type":"post","link":"https:\/\/arantv.az\/?p=820723","title":{"rendered":"\u0130taliya sahill\u0259rind\u0259 qay\u0131\u011f\u0131n batmas\u0131 n\u0259tic\u0259sind\u0259 26 n\u0259f\u0259r \u00f6l\u00fcb"},"content":{"rendered":"<p>\u0130taliyan\u0131n Lampeduza adas\u0131 yax\u0131nl\u0131\u011f\u0131nda g\u00f6y\u0259rt\u0259sind\u0259 100-\u0259 yax\u0131n miqrant\u0131n oldu\u011fu qay\u0131\u011f\u0131n batmas\u0131 n\u0259tic\u0259sind\u0259 26 n\u0259f\u0259r \u00f6l\u00fcb, 10 n\u0259f\u0259r is\u0259 itkin d\u00fc\u015f\u00fcb.<\/p>\n<p>\u201cReport\u201d x\u0259b\u0259r verir ki, bu bar\u0259d\u0259 \u201cAssociated Press\u201d agentliyi m\u0259lumat yay\u0131b.<\/p>\n<p>Beyn\u0259lxalq Miqrasiya T\u0259\u015fkilat\u0131n\u0131n n\u00fcmay\u0259nd\u0259si Flavio Di Cakomo bildirib ki, miqrantlar Liviyadan iki qay\u0131qla ayr\u0131l\u0131blar. Onlardan biri batma\u011fa ba\u015flayark\u0259n b\u00fct\u00fcn s\u0259rni\u015finl\u0259r o biri qay\u0131\u011fa minib, n\u0259tic\u0259d\u0259 d\u0259 o da h\u0259ddind\u0259n art\u0131q y\u00fckl\u0259nm\u0259 s\u0259b\u0259bind\u0259n \u00e7evrilib.<\/p>\n","protected":false},"excerpt":{"rendered":"<p>\u0130taliyan\u0131n Lampeduza adas\u0131 yax\u0131nl\u0131\u011f\u0131nda g\u00f6y\u0259rt\u0259sind\u0259 100-\u0259 yax\u0131n miqrant\u0131n oldu\u011fu qay\u0131\u011f\u0131n batmas\u0131 n\u0259tic\u0259sind\u0259 26 n\u0259f\u0259r \u00f6l\u00fcb, 10 n\u0259f\u0259r is\u0259 itkin d\u00fc\u015f\u00fcb. \u201cReport\u201d x\u0259b\u0259r verir ki, bu bar\u0259d\u0259 \u201cAssociated Press\u201d agentliyi m\u0259lumat yay\u0131b. Beyn\u0259lxalq Miqrasiya T\u0259\u015fkilat\u0131n\u0131n n\u00fcmay\u0259nd\u0259si Flavio Di Cakomo bildirib ki, miqrantlar Liviyadan iki qay\u0131qla ayr\u0131l\u0131blar. Onlardan biri batma\u011fa ba\u015flayark\u0259n b\u00fct\u00fcn s\u0259rni\u015finl\u0259r o biri qay\u0131\u011fa minib, n\u0259tic\u0259d\u0259 d\u0259 o da h\u0259ddind\u0259n art\u0131q y\u00fckl\u0259nm\u0259 s\u0259b\u0259bind\u0259n \u00e7evrilib.<\/p>\n","protected":false},"author":2,"featured_media":820724,"comment_status":"closed","ping_status":"closed","sticky":false,"template":"","format":"standard","meta":{"om_disable_all_campaigns":false,"_monsterinsights_skip_tracking":false,"_monsterinsights_sitenote_active":false,"_monsterinsights_sitenote_note":"","_monsterinsights_sitenote_category":0},"categories":[7],"tags":[],"aioseo_notices":[],"gutentor_comment":0,"rttpg_featured_image_url":{"full":["https:\/\/arantv.az\/wp-content\/uploads\/2025\/08\/4264d28cbe4cb27239970064903a997b.jpg",850,500,false],"landscape":["https:\/\/arantv.az\/wp-content\/uploads\/2025\/08\/4264d28cbe4cb27239970064903a997b.jpg",850,500,false],"portraits":["https:\/\/arantv.az\/wp-content\/uploads\/2025\/08\/4264d28cbe4cb27239970064903a997b.jpg",850,500,false],"thumbnail":["https:\/\/arantv.az\/wp-content\/uploads\/2025\/08\/4264d28cbe4cb27239970064903a997b-500x280.jpg",500,280,true],"medium":["https:\/\/arantv.az\/wp-content\/uploads\/2025\/08\/4264d28cbe4cb27239970064903a997b-621x365.jpg",621,365,true],"large":["https:\/\/arantv.az\/wp-content\/uploads\/2025\/08\/4264d28cbe4cb27239970064903a997b-840x494.jpg",640,376,true],"1536x1536":["https:\/\/arantv.az\/wp-content\/uploads\/2025\/08\/4264d28cbe4cb27239970064903a997b.jpg",850,500,false],"2048x2048":["https:\/\/arantv.az\/wp-content\/uploads\/2025\/08\/4264d28cbe4cb27239970064903a997b.jpg",850,500,false],"post-thumbnail":["https:\/\/arantv.az\/wp-content\/uploads\/2025\/08\/4264d28cbe4cb27239970064903a997b-240x172.jpg",240,172,true],"advps-thumb-one":["https:\/\/arantv.az\/wp-content\/uploads\/2025\/08\/4264d28cbe4cb27239970064903a997b.jpg",850,500,false]},"rttpg_author":{"display_name":"V\u00fcsal Rafiqo\u011flu","author_link":"https:\/\/arantv.az\/?author=2"},"rttpg_comment":0,"rttpg_category":"<a href=\"https:\/\/arantv.az\/?cat=7\" rel=\"category\">D\u00fcnya<\/a>","rttpg_excerpt":"\u0130taliyan\u0131n Lampeduza adas\u0131 yax\u0131nl\u0131\u011f\u0131nda g\u00f6y\u0259rt\u0259sind\u0259 100-\u0259 yax\u0131n miqrant\u0131n oldu\u011fu qay\u0131\u011f\u0131n batmas\u0131 n\u0259tic\u0259sind\u0259 26 n\u0259f\u0259r \u00f6l\u00fcb, 10 n\u0259f\u0259r is\u0259 itkin d\u00fc\u015f\u00fcb. \u201cReport\u201d x\u0259b\u0259r verir ki, bu bar\u0259d\u0259 \u201cAssociated Press\u201d agentliyi m\u0259lumat yay\u0131b. Beyn\u0259lxalq Miqrasiya T\u0259\u015fkilat\u0131n\u0131n n\u00fcmay\u0259nd\u0259si Flavio Di Cakomo bildirib ki, miqrantlar Liviyadan iki qay\u0131qla ayr\u0131l\u0131blar. Onlardan biri batma\u011fa ba\u015flayark\u0259n b\u00fct\u00fcn s\u0259rni\u015finl\u0259r o biri qay\u0131\u011fa minib,&hellip;","_links":{"self":[{"href":"https:\/\/arantv.az\/index.php?rest_route=\/wp\/v2\/posts\/820723"}],"collection":[{"href":"https:\/\/arantv.az\/index.php?rest_route=\/wp\/v2\/posts"}],"about":[{"href":"https:\/\/arantv.az\/index.php?rest_route=\/wp\/v2\/types\/post"}],"author":[{"embeddable":true,"href":"https:\/\/arantv.az\/index.php?rest_route=\/wp\/v2\/users\/2"}],"replies":[{"embeddable":true,"href":"https:\/\/arantv.az\/index.php?rest_route=%2Fwp%2Fv2%2Fcomments&post=820723"}],"version-history":[{"count":1,"href":"https:\/\/arantv.az\/index.php?rest_route=\/wp\/v2\/posts\/820723\/revisions"}],"predecessor-version":[{"id":820725,"href":"https:\/\/arantv.az\/index.php?rest_route=\/wp\/v2\/posts\/820723\/revisions\/820725"}],"wp:featuredmedia":[{"embeddable":true,"href":"https:\/\/arantv.az\/index.php?rest_route=\/wp\/v2\/media\/820724"}],"wp:attachment":[{"href":"https:\/\/arantv.az\/index.php?rest_route=%2Fwp%2Fv2%2Fmedia&parent=820723"}],"wp:term":[{"taxonomy":"category","embeddable":true,"href":"https:\/\/arantv.az\/index.php?rest_route=%2Fwp%2Fv2%2Fcategories&post=820723"},{"taxonomy":"post_tag","embeddable":true,"href":"https:\/\/arantv.az\/index.php?rest_route=%2Fwp%2Fv2%2Ftags&post=820723"}],"curies":[{"name":"wp","href":"https:\/\/api.w.org\/{rel}","templated":true}]}}