{"id":820734,"date":"2025-08-14T08:21:41","date_gmt":"2025-08-14T04:21:41","guid":{"rendered":"https:\/\/arantv.az\/?p=820734"},"modified":"2025-08-14T08:21:41","modified_gmt":"2025-08-14T04:21:41","slug":"kremld%c9%99-yen%c9%99-gunah-kecil%c9%99ri-axtarirlar","status":"publish","type":"post","link":"https:\/\/arantv.az\/?p=820734","title":{"rendered":"Kremld\u0259 yen\u0259 \u201cg\u00fcnah ke\u00e7il\u0259ri\u201d axtar\u0131rlar"},"content":{"rendered":"<p>\u201cAz\u0259rbaycan v\u0259 Erm\u0259nistan aras\u0131nda Va\u015finqtonda ba\u011flanm\u0131\u015f s\u00fclh sazi\u015fi Rusiyan\u0131n C\u0259nubi Qafqazdak\u0131 siyas\u0259tinin iflas\u0131d\u0131r. Rusiya regionda n\u00fcfuzunu itirib, g\u00fcnahkarlar is\u0259 c\u0259zas\u0131z qal\u0131r. S\u0259hvl\u0259ri etiraf etm\u0259k v\u0259 b\u00f6y\u00fck d\u00f6vl\u0259t statusunu \u201cb\u0259rpa etm\u0259k\u201d vaxt\u0131d\u0131r.\u201d<\/p>\n<p>Bu fikri Rusiyan\u0131n milli sovinizm siyas\u0259tinin memarlar\u0131ndan say\u0131lan avrasiya\u00e7\u0131 alim Aleksandr Duqin bildirib. Onun s\u00f6zl\u0259rin\u0259 g\u00f6r\u0259, AB\u015e-da ba\u011flanm\u0131\u015f bu m\u00fcqavil\u0259 Rusiyan\u0131n g\u00fccs\u00fczl\u00fcy\u00fcn\u00fcn s\u00fcbutudur: &#8220;Biz art\u0131q postsovet m\u0259kan\u0131na da n\u0259zar\u0259t etmirik. \u018fg\u0259r burada biz\u0259 h\u00f6rm\u0259t edilm\u0259s\u0259, d\u00fcnya s\u0259hn\u0259sind\u0259 biziml\u0259 kim hesabla\u015facaq? Bu, sad\u0259c\u0259 olaraq m\u0259\u011flubiyy\u0259t deyil, h\u0259r bir rusun sif\u0259tin\u0259 vurulan \u015fill\u0259dir.\u201d<\/p>\n<p>Duqin he\u00e7 olmasa hikk\u0259sini gizl\u0259tmir, \u00fcst\u0259lik di\u015f q\u0131cay\u0131r, sanki ham\u0131n\u0131n bunlara borcu var. Utanmadan postsovet m\u0259kan\u0131na n\u0259zar\u0259td\u0259n dan\u0131\u015f\u0131r. Bu adam fikr\u0259n ke\u00e7\u0259n \u0259srin 90-c\u0131 ill\u0259rind\u0259 qal\u0131b. \u00d6zl\u0259rin\u0259 qar\u015f\u0131 h\u00f6rm\u0259t t\u0259l\u0259b ed\u0259n duginl\u0259r \u00f6zl\u0259rinin d\u0259 h\u00f6rm\u0259t etm\u0259li olduqlar\u0131n\u0131 peys\u0259rl\u0259rinin arxas\u0131na vururlar. \u201cH\u0259r bir rusun sif\u0259tin\u0259 vurulan \u015fill\u0259ni\u201d kim qazan\u0131b g\u00f6r\u0259s\u0259n? Dugin bu suala niy\u0259 cavab axtarm\u0131r? \u00c7\u00fcnki s\u0259rf etmir.<\/p>\n<p>Kreml ideoloqu t\u0259l\u0259b edir ki, \u201cg\u00fcnahkar cavab verm\u0259lidir. Ya biz \u00f6z maraqlar\u0131n\u0131 m\u00fcdafi\u0259 etm\u0259y\u0259 qadir olan imperiyay\u0131q, ya da &#8220;m\u00fctt\u0259fiql\u0259rimizin&#8221; biz\u0259 x\u0259yan\u0259ti il\u0259 bar\u0131\u015fmal\u0131y\u0131q. \u018fdal\u0259t olmasa, g\u0259l\u0259c\u0259yimiz d\u0259 yoxdur&#8221;.<\/p>\n<p>AB\u015e Prezidenti Donald Tramp\u0131n Va\u015finqtonda ke\u00e7iril\u0259n tarixi g\u00f6r\u00fc\u015fl\u0259 ba\u011fl\u0131 payla\u015f\u0131m etm\u0259si, bu payla\u015f\u0131mda Az\u0259rbaycan Prezidenti \u0130lham \u018fliyev il\u0259 v\u0259 Erm\u0259nistan\u0131n ba\u015f naziri Nikol Pa\u015finyanla uzun ill\u0259r davam ed\u0259n m\u00fcnaqi\u015f\u0259 v\u0259 itkil\u0259rd\u0259n sonra s\u00fclh sazi\u015fi imzalamaq m\u0259nim \u00fc\u00e7\u00fcn b\u00f6y\u00fck \u015f\u0259r\u0259fdir dem\u0259si, x\u00fcsusil\u0259 \u201cOnlar iki m\u00f6ht\u0259\u015f\u0259m insan v\u0259 b\u00f6y\u00fck liderdirl\u0259r. \u0130ndi is\u0259 m\u0259nim yax\u015f\u0131 dostlar\u0131m oldular!\u201d, &#8211; dey\u0259 vur\u011fulamas\u0131 Kremld\u0259 bomba kimi partlay\u0131b.<\/p>\n<p>M\u0259s\u0259l\u0259n, Rusiya Xarici \u0130\u015fl\u0259r Nazirliyinin r\u0259smi n\u00fcmay\u0259nd\u0259si Mariya Zaxarovan\u0131n Az\u0259rbaycan v\u0259 Erm\u0259nistan liderl\u0259rinin Va\u015finqtondak\u0131 dan\u0131\u015f\u0131qlar\u0131na dair \u015f\u0259rhind\u0259 bildirilir: \u201cYeri g\u0259lmi\u015fk\u0259n, xat\u0131rlatmaq ist\u0259rdim ki, haz\u0131rk\u0131 Erm\u0259nistan-Az\u0259rbaycan normalla\u015fma m\u0259rh\u0259l\u0259si 2020-ci il 9 noyabr tarixind\u0259 Qaraba\u011f m\u00fcnaqi\u015f\u0259si zonas\u0131ndak\u0131 at\u0259\u015fk\u0259sin v\u0259 b\u00fct\u00fcn h\u0259rbi \u0259m\u0259liyyatlar\u0131n dayand\u0131r\u0131lmas\u0131 bar\u0259d\u0259 ali s\u0259viyy\u0259d\u0259 q\u0259bul edilmi\u015f \u00fc\u00e7t\u0259r\u0259fli b\u0259yanatla, Rusiyan\u0131n birba\u015fa vasit\u0259\u00e7iliyi v\u0259 m\u0259rk\u0259zi rolu il\u0259 start g\u00f6t\u00fcr\u00fcb. Regionda Rusiya s\u00fclhm\u0259raml\u0131 kontingenti yerl\u0259\u015fdirilib v\u0259 bu kontingent v\u0259ziyy\u0259tin sabitl\u0259\u015fm\u0259sin\u0259 \u0259v\u0259zolunmaz t\u00f6hf\u0259 verib. Xidm\u0259ti borcunu yerin\u0259 yetir\u0259rk\u0259n h\u0259lak olmu\u015f s\u00fclhm\u0259raml\u0131lar\u0131m\u0131z\u0131 h\u0259mi\u015f\u0259 yad ed\u0259c\u0259yik\u201d.<\/p>\n<p>Mariya Zaxarova \u0259sl h\u0259qiq\u0259td\u0259n yan ke\u00e7\u0259r\u0259k d\u00f6vl\u0259tin\u0259 s\u0259rf ed\u0259c\u0259k fikirl\u0259r s\u00f6yl\u0259yir. H\u0259qiq\u0259ti etiraf etm\u0259li olsayd\u0131 dey\u0259rdi ki, 2020-ci ilin 9 noyabr\u0131nda Erm\u0259nistan\u0131 tamamil\u0259 tarmar olmaqdan xilas etdil\u0259r. \u201cS\u00fclhm\u0259raml\u0131\u201d adland\u0131rd\u0131\u011f\u0131 cinay\u0259tkar h\u0259rbi kontingent d\u0259 yaln\u0131z Erm\u0259nistan\u0131n maraqlar\u0131n\u0131 qorumaqla m\u0259\u015f\u011ful idi. H\u0259m d\u0259 tez-t\u0259l\u0259sik g\u0259l\u0259c\u0259k t\u0259xribatlar \u00fc\u00e7\u00fcn \u201cocaqlar\u201d d\u00fcz\u0259ldirdi. \u00d6l\u0259n \u201cs\u00fclhm\u0259raml\u0131lar\u201d erm\u0259ni g\u00fcll\u0259sinin qurbanlar\u0131 olublar. Onlar\u0131n yad \u00f6lk\u0259d\u0259 n\u0259 i\u015fi vard\u0131? R\u0259ssam v\u0259 da\u015fnak ideoloqu Ovanes Ayvazyan\u0131n Xank\u0259ndid\u0259ki heyk\u0259li, rus ordusu haqq\u0131nda xatir\u0259 ansambl\u0131 qondarmaq, alban monastrlar\u0131n\u0131 erm\u0259nil\u0259\u015fdirm\u0259k, udinl\u0259ri oralara yax\u0131n buraxmamaq v\u0259 s. t\u0259xribatlar \u201cs\u00fclhm\u0259raml\u0131lar\u0131n\u201d xidm\u0259ti idi. H\u0259l\u0259 utanmadan s\u00fclh bar\u0259d\u0259 dan\u0131\u015f\u0131rlar. Y\u0259ni, bunlar\u0131n \u00fczr\u00fc g\u00fcnahlar\u0131ndan bet\u0259rdir. El\u0259 dan\u0131\u015f\u0131rlar ki, sanki \u201cq\u0131rx qazan\u0131n mayas\u0131\u201d olduqlar\u0131n\u0131 bil\u0259n yoxdur. Var, \u00f6z\u00fc d\u0259 b\u00fct\u00fcn d\u00fcnya bilir.<\/p>\n<p>Says\u0131z-hesabs\u0131z t\u0259xribat\u00e7\u0131 \u0259m\u0259ll\u0259rd\u0259n sonra Moskva ab\u0131rs\u0131zcas\u0131na AB\u015e-\u0131n vasit\u0259\u00e7iliyi il\u0259 Erm\u0259nistan v\u0259 Az\u0259rbaycan r\u0259hb\u0259rliyinin Va\u015finqtonda ke\u00e7iril\u0259n g\u00f6r\u00fc\u015f\u00fcn\u00fc m\u00fcsb\u0259t qiym\u0259tl\u0259ndirir. Halbuki s\u00fclh prosesinin bu n\u00f6qt\u0259y\u0259 g\u0259lib \u00e7\u0131xmas\u0131na y\u00fczl\u0259rl\u0259 fitn\u0259-f\u0259sad t\u00f6r\u0259d\u0259n, g\u00fcnahs\u0131z qanlar ax\u0131dan r\u0259smi Moskvan\u0131n \u00f6z\u00fc idi. O cinay\u0259tl\u0259r bizim yadda\u015f\u0131m\u0131zdan he\u00e7 vaxt silinm\u0259z. \u0130ndi \u00fcz\u0259vari, saxta v\u0259 \u0259h\u0259miyy\u0259tsiz qiym\u0259tl\u0259ndirm\u0259 v\u0259 \u201ct\u0259qdir\u201d n\u0259 Az\u0259rbaycanda, n\u0259 d\u0259 Erm\u0259nistanda he\u00e7 kim\u0259 laz\u0131m deyil.<\/p>\n<p><strong>V\u0259li \u0130lyasov, \u201c\u0130ki sahil\u201d<\/strong><\/p>\n","protected":false},"excerpt":{"rendered":"<p>\u201cAz\u0259rbaycan v\u0259 Erm\u0259nistan aras\u0131nda Va\u015finqtonda ba\u011flanm\u0131\u015f s\u00fclh sazi\u015fi Rusiyan\u0131n C\u0259nubi Qafqazdak\u0131 siyas\u0259tinin iflas\u0131d\u0131r. Rusiya regionda n\u00fcfuzunu itirib, g\u00fcnahkarlar is\u0259 c\u0259zas\u0131z qal\u0131r. S\u0259hvl\u0259ri etiraf etm\u0259k v\u0259 b\u00f6y\u00fck d\u00f6vl\u0259t statusunu \u201cb\u0259rpa etm\u0259k\u201d vaxt\u0131d\u0131r.\u201d Bu fikri Rusiyan\u0131n milli sovinizm siyas\u0259tinin memarlar\u0131ndan say\u0131lan avrasiya\u00e7\u0131 alim Aleksandr Duqin bildirib. Onun s\u00f6zl\u0259rin\u0259 g\u00f6r\u0259, AB\u015e-da ba\u011flanm\u0131\u015f bu m\u00fcqavil\u0259 Rusiyan\u0131n g\u00fccs\u00fczl\u00fcy\u00fcn\u00fcn s\u00fcbutudur: &#8220;Biz art\u0131q postsovet m\u0259kan\u0131na da n\u0259zar\u0259t etmirik. \u018fg\u0259r burada biz\u0259 h\u00f6rm\u0259t edilm\u0259s\u0259, d\u00fcnya s\u0259hn\u0259sind\u0259 biziml\u0259 kim hesabla\u015facaq? Bu, sad\u0259c\u0259 olaraq m\u0259\u011flubiyy\u0259t deyil, h\u0259r bir rusun sif\u0259tin\u0259 vurulan \u015fill\u0259dir.\u201d Duqin he\u00e7 olmasa hikk\u0259sini gizl\u0259tmir, \u00fcst\u0259lik di\u015f q\u0131cay\u0131r,&hellip;<\/p>\n","protected":false},"author":2,"featured_media":820735,"comment_status":"closed","ping_status":"closed","sticky":false,"template":"","format":"standard","meta":{"om_disable_all_campaigns":false,"_monsterinsights_skip_tracking":false,"_monsterinsights_sitenote_active":false,"_monsterinsights_sitenote_note":"","_monsterinsights_sitenote_category":0},"categories":[19],"tags":[],"aioseo_notices":[],"gutentor_comment":0,"rttpg_featured_image_url":{"full":["https:\/\/arantv.az\/wp-content\/uploads\/2025\/08\/95688ba6170064655063565383711057989.jpg",975,540,false],"landscape":["https:\/\/arantv.az\/wp-content\/uploads\/2025\/08\/95688ba6170064655063565383711057989.jpg",975,540,false],"portraits":["https:\/\/arantv.az\/wp-content\/uploads\/2025\/08\/95688ba6170064655063565383711057989.jpg",975,540,false],"thumbnail":["https:\/\/arantv.az\/wp-content\/uploads\/2025\/08\/95688ba6170064655063565383711057989-500x280.jpg",500,280,true],"medium":["https:\/\/arantv.az\/wp-content\/uploads\/2025\/08\/95688ba6170064655063565383711057989-660x365.jpg",660,365,true],"large":["https:\/\/arantv.az\/wp-content\/uploads\/2025\/08\/95688ba6170064655063565383711057989-840x465.jpg",640,354,true],"1536x1536":["https:\/\/arantv.az\/wp-content\/uploads\/2025\/08\/95688ba6170064655063565383711057989.jpg",975,540,false],"2048x2048":["https:\/\/arantv.az\/wp-content\/uploads\/2025\/08\/95688ba6170064655063565383711057989.jpg",975,540,false],"post-thumbnail":["https:\/\/arantv.az\/wp-content\/uploads\/2025\/08\/95688ba6170064655063565383711057989-240x172.jpg",240,172,true],"advps-thumb-one":["https:\/\/arantv.az\/wp-content\/uploads\/2025\/08\/95688ba6170064655063565383711057989.jpg",975,540,false]},"rttpg_author":{"display_name":"V\u00fcsal Rafiqo\u011flu","author_link":"https:\/\/arantv.az\/?author=2"},"rttpg_comment":0,"rttpg_category":"<a href=\"https:\/\/arantv.az\/?cat=19\" rel=\"category\">G\u00fcnd\u0259m<\/a>","rttpg_excerpt":"\u201cAz\u0259rbaycan v\u0259 Erm\u0259nistan aras\u0131nda Va\u015finqtonda ba\u011flanm\u0131\u015f s\u00fclh sazi\u015fi Rusiyan\u0131n C\u0259nubi Qafqazdak\u0131 siyas\u0259tinin iflas\u0131d\u0131r. Rusiya regionda n\u00fcfuzunu itirib, g\u00fcnahkarlar is\u0259 c\u0259zas\u0131z qal\u0131r. S\u0259hvl\u0259ri etiraf etm\u0259k v\u0259 b\u00f6y\u00fck d\u00f6vl\u0259t statusunu \u201cb\u0259rpa etm\u0259k\u201d vaxt\u0131d\u0131r.\u201d Bu fikri Rusiyan\u0131n milli sovinizm siyas\u0259tinin memarlar\u0131ndan say\u0131lan avrasiya\u00e7\u0131 alim Aleksandr Duqin bildirib. Onun s\u00f6zl\u0259rin\u0259 g\u00f6r\u0259, AB\u015e-da ba\u011flanm\u0131\u015f bu m\u00fcqavil\u0259 Rusiyan\u0131n g\u00fccs\u00fczl\u00fcy\u00fcn\u00fcn s\u00fcbutudur: &#8220;Biz&hellip;","_links":{"self":[{"href":"https:\/\/arantv.az\/index.php?rest_route=\/wp\/v2\/posts\/820734"}],"collection":[{"href":"https:\/\/arantv.az\/index.php?rest_route=\/wp\/v2\/posts"}],"about":[{"href":"https:\/\/arantv.az\/index.php?rest_route=\/wp\/v2\/types\/post"}],"author":[{"embeddable":true,"href":"https:\/\/arantv.az\/index.php?rest_route=\/wp\/v2\/users\/2"}],"replies":[{"embeddable":true,"href":"https:\/\/arantv.az\/index.php?rest_route=%2Fwp%2Fv2%2Fcomments&post=820734"}],"version-history":[{"count":1,"href":"https:\/\/arantv.az\/index.php?rest_route=\/wp\/v2\/posts\/820734\/revisions"}],"predecessor-version":[{"id":820736,"href":"https:\/\/arantv.az\/index.php?rest_route=\/wp\/v2\/posts\/820734\/revisions\/820736"}],"wp:featuredmedia":[{"embeddable":true,"href":"https:\/\/arantv.az\/index.php?rest_route=\/wp\/v2\/media\/820735"}],"wp:attachment":[{"href":"https:\/\/arantv.az\/index.php?rest_route=%2Fwp%2Fv2%2Fmedia&parent=820734"}],"wp:term":[{"taxonomy":"category","embeddable":true,"href":"https:\/\/arantv.az\/index.php?rest_route=%2Fwp%2Fv2%2Fcategories&post=820734"},{"taxonomy":"post_tag","embeddable":true,"href":"https:\/\/arantv.az\/index.php?rest_route=%2Fwp%2Fv2%2Ftags&post=820734"}],"curies":[{"name":"wp","href":"https:\/\/api.w.org\/{rel}","templated":true}]}}