{"id":820737,"date":"2025-08-14T08:22:29","date_gmt":"2025-08-14T04:22:29","guid":{"rendered":"https:\/\/arantv.az\/?p=820737"},"modified":"2025-08-14T08:22:29","modified_gmt":"2025-08-14T04:22:29","slug":"minsk-qrupu-d%c9%99fn-olunur","status":"publish","type":"post","link":"https:\/\/arantv.az\/?p=820737","title":{"rendered":"Minsk qrupu \u201cd\u0259fn\u201d olunur"},"content":{"rendered":"<p>Az\u0259rbaycan Respublikas\u0131 Prezidentinin, Amerika Birl\u0259\u015fmi\u015f \u015etatlar\u0131 Prezidentinin v\u0259 Erm\u0259nistan Respublikas\u0131 Ba\u015f nazirinin Va\u015finqton \u015f\u0259h\u0259rind\u0259 ke\u00e7irilmi\u015f g\u00f6r\u00fc\u015f\u00fcn\u00fcn n\u0259tic\u0259l\u0259rin\u0259 dair Birg\u0259 B\u0259yannam\u0259nin ikinci b\u0259ndind\u0259 deyilir: \u201cBiz, h\u0259m\u00e7inin Avropada T\u0259hl\u00fck\u0259sizlik v\u0259 \u018fm\u0259kda\u015fl\u0131q T\u0259\u015fkilat\u0131n\u0131n (AT\u018fT) Minsk Prosesi v\u0259 onunla \u0259laq\u0259li strukturlar\u0131n\u0131n ba\u011flanmas\u0131na dair Az\u0259rbaycan Respublikas\u0131n\u0131n xarici i\u015fl\u0259r naziri v\u0259 Erm\u0259nistan Respublikas\u0131n\u0131n xarici i\u015fl\u0259r naziri t\u0259r\u0259find\u0259n AT\u018fT-\u0259 birg\u0259 m\u00fcraci\u0259tin imzalanmas\u0131na \u015fahidlik etdik. Biz AT\u018fT-in b\u00fct\u00fcn i\u015ftirak\u00e7\u0131 d\u00f6vl\u0259tl\u0259rini bu q\u0259rar\u0131 q\u0259bul etm\u0259y\u0259 \u00e7a\u011f\u0131r\u0131r\u0131q\u201d.<\/p>\n<p>Art\u0131q Va\u015finqtonda \u0259ld\u0259 edilmi\u015f raz\u0131l\u0131\u011fa \u0259sas\u0259n, Az\u0259rbaycan v\u0259 Erm\u0259nistan s\u00fclh m\u00fcqavil\u0259sinin imzalanmas\u0131na \u0259ng\u0259l olan AT\u018fT-in Minsk qrupunun l\u0259\u011fvi il\u0259 ba\u011fl\u0131 i\u015ftirak\u00e7\u0131 d\u00f6vl\u0259tl\u0259r\u0259 m\u00fcraci\u0259t edibl\u0259r. AT\u018fT-in r\u0259smi sayt\u0131nda yer\u0259\u015fdirilmi\u015f b\u0259yanata g\u00f6r\u0259, s\u00f6z\u00fcged\u0259n qurum 8 avqustda Va\u015finqton \u015f\u0259h\u0259rind\u0259 imzalanm\u0131\u015f Birg\u0259 B\u0259yannam\u0259nin icras\u0131na dair \u00f6z mandat\u0131 \u00e7\u0259r\u00e7iv\u0259sind\u0259 \u00fcz\u0259rin\u0259 d\u00fc\u015f\u0259n v\u0259zif\u0259l\u0259ri yerin\u0259 yetirm\u0259y\u0259 haz\u0131r oldu\u011funu bildirib: \u201cBiz 8 avqust tarixind\u0259 Va\u015finqton \u015f\u0259h\u0259rind\u0259 imzalanm\u0131\u015f Birg\u0259 B\u0259yannam\u0259ni m\u0259mnunluqla qar\u015f\u0131lay\u0131r, bu m\u00fch\u00fcm add\u0131m m\u00fcnasib\u0259til\u0259 Erm\u0259nistan v\u0259 Az\u0259rbaycan\u0131 t\u0259brik edir v\u0259 onun ger\u00e7\u0259kl\u0259\u015fm\u0259sind\u0259 Amerika Birl\u0259\u015fmi\u015f \u015etatlar\u0131n\u0131n Prezidenti Donald Tramp\u0131n m\u00fch\u00fcm rolunu y\u00fcks\u0259k qiym\u0259tl\u0259ndiririk\u201d. Bu is\u0259 o dem\u0259kdir ki, vasit\u0259\u00e7ilik mandat\u0131 olan beyn\u0259lxalq platforma t\u0259r\u0259fl\u0259rin birg\u0259 q\u0259rar\u0131 il\u0259 ba\u011flan\u0131r.<\/p>\n<p>Bu, h\u0259m d\u0259 i\u015f\u011fal\u00e7\u0131 il\u0259 i\u015f\u011fala m\u0259ruz qalan t\u0259r\u0259f aras\u0131nda f\u0259rq qoymayan, mahiyy\u0259tin\u0259 uy\u011fun f\u0259aliyy\u0259t g\u00f6st\u0259rm\u0259y\u0259n Minsk qrupunun regiondan bird\u0259f\u0259lik \u00e7\u0259kilm\u0259sidir. Bu qurumun r\u0259sm\u0259n l\u0259\u011fv edilm\u0259si ke\u00e7mi\u015f \u201cDa\u011fl\u0131q Qaraba\u011f m\u00fcnaqi\u015f\u0259si\u201dnin \u201cs\u0259n\u0259dli-s\u00fcbutlu\u201d tamamil\u0259 ba\u011flanmas\u0131 dem\u0259kdir. \u015e\u00fcbh\u0259siz, bu, Prezident \u0130lham \u018fliyevin s\u00fclhl\u0259 ba\u011fl\u0131 t\u0259\u015f\u0259bb\u00fcsl\u0259rinin h\u0259yata v\u0259siq\u0259 almas\u0131ndan x\u0259b\u0259r verir. Bir s\u00f6zl\u0259, \u00f6lk\u0259miz 30 ild\u0259n art\u0131q davam ed\u0259n m\u00fcnaqi\u015f\u0259sinin tarix\u0259 qovu\u015fmas\u0131n\u0131 v\u0259 regionda dayan\u0131ql\u0131 s\u00fclh\u00fcn b\u0259rq\u0259rar olmas\u0131n\u0131 realla\u015fd\u0131r\u0131r. Bu m\u0259nada Va\u015finqton raz\u0131la\u015fmalar\u0131n\u0131 Az\u0259rbaycan\u0131n tarixi v\u0259 diplomatik q\u0259l\u0259b\u0259si kimi d\u0259y\u0259rl\u0259ndirm\u0259k olar.<\/p>\n<p>Xat\u0131rladaq ki, bu, Az\u0259rbaycan\u0131n Erm\u0259nistanla s\u00fclh m\u00fcqavil\u0259sini imzalamaq \u00fc\u00e7\u00fcn ir\u0259li s\u00fcrd\u00fcy\u00fc 2 \u0259sas \u015f\u0259rtind\u0259n biri idi. Minsk qrupunun l\u0259\u011fvi il\u0259 \u0259laq\u0259dar AT\u018fT-\u0259 birg\u0259 m\u00fcraci\u0259tin edilm\u0259si Qaraba\u011f m\u0259s\u0259l\u0259sini vasit\u0259\u00e7ilik predmeti olmaqdan \u00e7\u0131xar\u0131r. Erm\u0259nistan Ba\u015f naziri Nikol Pa\u015finyan Minsk qrupunun l\u0259\u011fv edilm\u0259sind\u0259n dan\u0131\u015fark\u0259n, daha do\u011frusu, Va\u015finqtonda jurnalistl\u0259rin suallar\u0131n\u0131 cavabland\u0131rark\u0259n deyib: &#8220;Minsk qrupu niy\u0259 burax\u0131l\u0131r? \u00c7\u00fcnki Minsk qrupu m\u00fcnaqi\u015f\u0259nin simvoludur v\u0259 onun m\u00f6vcudlu\u011fu t\u0259r\u0259fl\u0259rin bir-birinin s\u0259mimiliyin\u0259 \u015f\u00fcbh\u0259 etm\u0259sin\u0259 s\u0259b\u0259b ola bil\u0259r&#8221;. Bu is\u0259 o dem\u0259kdir ki, yekun s\u00fclh sazi\u015fi art\u0131q zaman m\u0259s\u0259l\u0259sidir v\u0259 proses yaln\u0131z Erm\u0259nistanda ke\u00e7iril\u0259c\u0259k konstitusiya referendumu il\u0259 ba\u011fl\u0131d\u0131r. Bu m\u0259qamda Prezident \u0130lham \u018fliyevin\u00a0 Va\u015finqtonda Az\u0259rbaycan\u0131n media n\u00fcmay\u0259nd\u0259l\u0259rin\u0259 m\u00fcsahib\u0259sind\u0259ki a\u015fa\u011f\u0131dak\u0131 s\u00f6zl\u0259rini d\u0259 xat\u0131rlatmaq yerin\u0259 d\u00fc\u015f\u0259r: \u201cT\u0259bii ki, Erm\u0259nistan\u0131n, nec\u0259 dey\u0259rl\u0259r, ev tap\u015f\u0131r\u0131qlar\u0131 da var. Bildiyiniz kimi, onlar\u0131n konstitusiyas\u0131nda Az\u0259rbaycana qar\u015f\u0131 \u0259razi iddias\u0131 m\u0259s\u0259l\u0259si imkan verm\u0259di ki, bu g\u00fcn s\u00fclh sazi\u015fi imzalans\u0131n. Amma bu d\u0259yi\u015fiklikl\u0259r edil\u0259nd\u0259n sonra art\u0131q s\u00fclh sazi\u015fi ist\u0259nil\u0259n vaxtda imzalana bil\u0259r\u201d.<\/p>\n<p>Qeyd ed\u0259k ki, Minsk qrupu uzun ill\u0259r \u0259rzind\u0259 Az\u0259rbaycan-Erm\u0259nistan m\u00fcnaqi\u015f\u0259sinin h\u0259lli \u00fc\u00e7\u00fcn beyn\u0259lxalq mandata malik olsa da, onun f\u0259aliyy\u0259ti real n\u0259tic\u0259 verm\u0259mi\u015f, proses is\u0259 faydas\u0131z g\u00f6r\u00fc\u015fl\u0259r v\u0259 formal b\u0259yanatlarla m\u0259hdudla\u015fm\u0131\u015fd\u0131. Az\u0259rbaycan 2020-ci ild\u0259 44 g\u00fcnl\u00fck V\u0259t\u0259n m\u00fcharib\u0259sind\u0259 i\u015f\u011fal alt\u0131ndak\u0131 torpaqlar\u0131n\u0131 azad etdiyi kimi, 2023-c\u00fc ilin sentyabr\u0131nda h\u0259yata ke\u00e7iril\u0259n birg\u00fcnl\u00fck antiterror \u0259m\u0259liyyat\u0131 il\u0259 d\u0259 Qaraba\u011f\u0131 tam olaraq i\u015f\u011faldan azad\u00a0 etmi\u015fdi. Bu prosesl\u0259rd\u0259 Minsk qrupunun mandat\u0131 faktiki olaraq \u0259h\u0259miyy\u0259t k\u0259sb etm\u0259mi\u015f v\u0259 o qurum iflic v\u0259ziyy\u0259tin\u0259 d\u00fc\u015fm\u00fc\u015fd\u00fc. Odur ki, \u0130kinci Qaraba\u011f m\u00fcharib\u0259sind\u0259n sonra Az\u0259rbaycan d\u0259f\u0259l\u0259rl\u0259 bu mexanizmin, y\u0259ni Minsk qrupunun yarars\u0131z oldu\u011funu v\u0259 art\u0131q f\u0259aliyy\u0259tin\u0259 ehtiyac duyulmad\u0131\u011f\u0131n\u0131 d\u0259f\u0259l\u0259rl\u0259 b\u0259yan etmi\u015fdi. M\u0259s\u0259l\u0259n, bu ilin aprelind\u0259 Prezident \u0130lham \u018fliyev AT\u018fT-in Ba\u015f katibini q\u0259bul ed\u0259rk\u0259n ke\u00e7mi\u015f Erm\u0259nistan-Az\u0259rbaycan m\u00fcnaqi\u015f\u0259sinin h\u0259llind\u0259 tam iflasa u\u011fram\u0131\u015f AT\u018fT-in Minsk qrupunun v\u0259 onunla \u0259laq\u0259dar olan b\u00fct\u00fcn t\u0259sisatlar\u0131n l\u0259\u011fv edilm\u0259sinin vaxt\u0131n\u0131n art\u0131q \u00e7oxdan \u00e7atd\u0131\u011f\u0131n\u0131, Erm\u0259nistan t\u0259r\u0259find\u0259n d\u0259 bu x\u00fcsusda add\u0131mlar\u0131n at\u0131lmal\u0131 oldu\u011funu, y\u0259ni s\u00f6z\u00fcged\u0259n t\u0259sisat\u0131n f\u0259aliyy\u0259tinin r\u0259sm\u0259n dayand\u0131r\u0131lmas\u0131 \u00fc\u00e7\u00fcn Az\u0259rbaycanla birg\u0259\u00a0 m\u00fcvafiq m\u00fcraci\u0259tin \u00fcnvanlanmas\u0131n\u0131 bir daha bildirmi\u015fdi. Amma Erm\u0259nistan v\u0259 onun havadarlar\u0131, x\u00fcsusil\u0259 Fransa Minsk qrupunu canland\u0131rmaqda, onun f\u0259aliyy\u0259tini davam etdirm\u0259sind\u0259 t\u0259kid edirdil\u0259r. H\u0259tta qar\u015f\u0131 t\u0259r\u0259f bildirirdi ki, bel\u0259 bir m\u00fcraci\u0259t yaln\u0131z s\u00fclh m\u00fcqavil\u0259sinin imzalanmas\u0131 il\u0259 eyni vaxtda ola bil\u0259r. \u00d6lk\u0259miz is\u0259 m\u0259s\u0259l\u0259nin bu c\u00fcr qoyulu\u015fu il\u0259 raz\u0131 olmurdu. \u015e\u00fcbh\u0259siz, t\u0259cav\u00fczkar \u00f6lk\u0259 v\u0259 onun havadarlar\u0131 bu qurumun formal olaraq qalmas\u0131 il\u0259 m\u00fcnaqi\u015f\u0259nin h\u0259l\u0259 tam h\u0259ll olunmad\u0131\u011f\u0131n\u0131 g\u00f6st\u0259rm\u0259k niyy\u0259tind\u0259 idil\u0259r. Amma onlar\u0131n bu niyy\u0259tl\u0259ri d\u0259 \u00fcr\u0259kl\u0259rind\u0259 qald\u0131. Daha do\u011frusu,\u00a0 Bayden\u2013Blinken Administrasiyas\u0131, Avropa \u0130ttifaq\u0131, Avropa \u015euras\u0131 v\u0259 Avropa Parlamenti kimi m\u0259rk\u0259zl\u0259r, h\u0259m\u00e7inin borell\u0259r, pallonel\u0259r t\u0259r\u0259find\u0259n\u00a0 apar\u0131lan \u201cAz\u0259rbaycan\u0131 g\u00fcz\u0259\u015ftl\u0259r\u0259 m\u0259cbur etm\u0259k\u201d siyas\u0259ti tam iflasa u\u011frad\u0131.<\/p>\n<p>\u015e\u00fcbh\u0259siz, AT\u018fT-in Minsk qrupunun l\u0259\u011fvi t\u0259cav\u00fczkar \u00f6lk\u0259ni silahland\u0131r\u0131an Fransan\u0131n regionda t\u0259sir imkanlar\u0131n\u0131 da m\u0259hdudla\u015fd\u0131racaq.<\/p>\n<p><strong>Qvami M\u0259h\u0259bb\u0259to\u011flu, \u201c\u0130ki sahil\u201d<\/strong><\/p>\n","protected":false},"excerpt":{"rendered":"<p>Az\u0259rbaycan Respublikas\u0131 Prezidentinin, Amerika Birl\u0259\u015fmi\u015f \u015etatlar\u0131 Prezidentinin v\u0259 Erm\u0259nistan Respublikas\u0131 Ba\u015f nazirinin Va\u015finqton \u015f\u0259h\u0259rind\u0259 ke\u00e7irilmi\u015f g\u00f6r\u00fc\u015f\u00fcn\u00fcn n\u0259tic\u0259l\u0259rin\u0259 dair Birg\u0259 B\u0259yannam\u0259nin ikinci b\u0259ndind\u0259 deyilir: \u201cBiz, h\u0259m\u00e7inin Avropada T\u0259hl\u00fck\u0259sizlik v\u0259 \u018fm\u0259kda\u015fl\u0131q T\u0259\u015fkilat\u0131n\u0131n (AT\u018fT) Minsk Prosesi v\u0259 onunla \u0259laq\u0259li strukturlar\u0131n\u0131n ba\u011flanmas\u0131na dair Az\u0259rbaycan Respublikas\u0131n\u0131n xarici i\u015fl\u0259r naziri v\u0259 Erm\u0259nistan Respublikas\u0131n\u0131n xarici i\u015fl\u0259r naziri t\u0259r\u0259find\u0259n AT\u018fT-\u0259 birg\u0259 m\u00fcraci\u0259tin imzalanmas\u0131na \u015fahidlik etdik. Biz AT\u018fT-in b\u00fct\u00fcn i\u015ftirak\u00e7\u0131 d\u00f6vl\u0259tl\u0259rini bu q\u0259rar\u0131 q\u0259bul etm\u0259y\u0259 \u00e7a\u011f\u0131r\u0131r\u0131q\u201d. Art\u0131q Va\u015finqtonda \u0259ld\u0259 edilmi\u015f raz\u0131l\u0131\u011fa \u0259sas\u0259n, Az\u0259rbaycan v\u0259 Erm\u0259nistan s\u00fclh m\u00fcqavil\u0259sinin imzalanmas\u0131na \u0259ng\u0259l olan AT\u018fT-in Minsk qrupunun l\u0259\u011fvi il\u0259 ba\u011fl\u0131 i\u015ftirak\u00e7\u0131 d\u00f6vl\u0259tl\u0259r\u0259 m\u00fcraci\u0259t&hellip;<\/p>\n","protected":false},"author":2,"featured_media":820738,"comment_status":"closed","ping_status":"closed","sticky":false,"template":"","format":"standard","meta":{"om_disable_all_campaigns":false,"_monsterinsights_skip_tracking":false,"_monsterinsights_sitenote_active":false,"_monsterinsights_sitenote_note":"","_monsterinsights_sitenote_category":0},"categories":[19],"tags":[],"aioseo_notices":[],"gutentor_comment":0,"rttpg_featured_image_url":{"full":["https:\/\/arantv.az\/wp-content\/uploads\/2025\/08\/9d033331166567899091451896010351426.png",975,540,false],"landscape":["https:\/\/arantv.az\/wp-content\/uploads\/2025\/08\/9d033331166567899091451896010351426.png",975,540,false],"portraits":["https:\/\/arantv.az\/wp-content\/uploads\/2025\/08\/9d033331166567899091451896010351426.png",975,540,false],"thumbnail":["https:\/\/arantv.az\/wp-content\/uploads\/2025\/08\/9d033331166567899091451896010351426-500x280.png",500,280,true],"medium":["https:\/\/arantv.az\/wp-content\/uploads\/2025\/08\/9d033331166567899091451896010351426-660x365.png",660,365,true],"large":["https:\/\/arantv.az\/wp-content\/uploads\/2025\/08\/9d033331166567899091451896010351426-840x465.png",640,354,true],"1536x1536":["https:\/\/arantv.az\/wp-content\/uploads\/2025\/08\/9d033331166567899091451896010351426.png",975,540,false],"2048x2048":["https:\/\/arantv.az\/wp-content\/uploads\/2025\/08\/9d033331166567899091451896010351426.png",975,540,false],"post-thumbnail":["https:\/\/arantv.az\/wp-content\/uploads\/2025\/08\/9d033331166567899091451896010351426-240x172.png",240,172,true],"advps-thumb-one":["https:\/\/arantv.az\/wp-content\/uploads\/2025\/08\/9d033331166567899091451896010351426.png",975,540,false]},"rttpg_author":{"display_name":"V\u00fcsal Rafiqo\u011flu","author_link":"https:\/\/arantv.az\/?author=2"},"rttpg_comment":0,"rttpg_category":"<a href=\"https:\/\/arantv.az\/?cat=19\" rel=\"category\">G\u00fcnd\u0259m<\/a>","rttpg_excerpt":"Az\u0259rbaycan Respublikas\u0131 Prezidentinin, Amerika Birl\u0259\u015fmi\u015f \u015etatlar\u0131 Prezidentinin v\u0259 Erm\u0259nistan Respublikas\u0131 Ba\u015f nazirinin Va\u015finqton \u015f\u0259h\u0259rind\u0259 ke\u00e7irilmi\u015f g\u00f6r\u00fc\u015f\u00fcn\u00fcn n\u0259tic\u0259l\u0259rin\u0259 dair Birg\u0259 B\u0259yannam\u0259nin ikinci b\u0259ndind\u0259 deyilir: \u201cBiz, h\u0259m\u00e7inin Avropada T\u0259hl\u00fck\u0259sizlik v\u0259 \u018fm\u0259kda\u015fl\u0131q T\u0259\u015fkilat\u0131n\u0131n (AT\u018fT) Minsk Prosesi v\u0259 onunla \u0259laq\u0259li strukturlar\u0131n\u0131n ba\u011flanmas\u0131na dair Az\u0259rbaycan Respublikas\u0131n\u0131n xarici i\u015fl\u0259r naziri v\u0259 Erm\u0259nistan Respublikas\u0131n\u0131n xarici i\u015fl\u0259r naziri t\u0259r\u0259find\u0259n AT\u018fT-\u0259 birg\u0259 m\u00fcraci\u0259tin imzalanmas\u0131na&hellip;","_links":{"self":[{"href":"https:\/\/arantv.az\/index.php?rest_route=\/wp\/v2\/posts\/820737"}],"collection":[{"href":"https:\/\/arantv.az\/index.php?rest_route=\/wp\/v2\/posts"}],"about":[{"href":"https:\/\/arantv.az\/index.php?rest_route=\/wp\/v2\/types\/post"}],"author":[{"embeddable":true,"href":"https:\/\/arantv.az\/index.php?rest_route=\/wp\/v2\/users\/2"}],"replies":[{"embeddable":true,"href":"https:\/\/arantv.az\/index.php?rest_route=%2Fwp%2Fv2%2Fcomments&post=820737"}],"version-history":[{"count":1,"href":"https:\/\/arantv.az\/index.php?rest_route=\/wp\/v2\/posts\/820737\/revisions"}],"predecessor-version":[{"id":820739,"href":"https:\/\/arantv.az\/index.php?rest_route=\/wp\/v2\/posts\/820737\/revisions\/820739"}],"wp:featuredmedia":[{"embeddable":true,"href":"https:\/\/arantv.az\/index.php?rest_route=\/wp\/v2\/media\/820738"}],"wp:attachment":[{"href":"https:\/\/arantv.az\/index.php?rest_route=%2Fwp%2Fv2%2Fmedia&parent=820737"}],"wp:term":[{"taxonomy":"category","embeddable":true,"href":"https:\/\/arantv.az\/index.php?rest_route=%2Fwp%2Fv2%2Fcategories&post=820737"},{"taxonomy":"post_tag","embeddable":true,"href":"https:\/\/arantv.az\/index.php?rest_route=%2Fwp%2Fv2%2Ftags&post=820737"}],"curies":[{"name":"wp","href":"https:\/\/api.w.org\/{rel}","templated":true}]}}