{"id":820740,"date":"2025-08-14T08:23:29","date_gmt":"2025-08-14T04:23:29","guid":{"rendered":"https:\/\/arantv.az\/?p=820740"},"modified":"2025-08-14T08:23:29","modified_gmt":"2025-08-14T04:23:29","slug":"vasinqtondan-z%c9%99ng%c9%99zur-d%c9%99hlizin%c9%99-boyuk-d%c9%99st%c9%99k","status":"publish","type":"post","link":"https:\/\/arantv.az\/?p=820740","title":{"rendered":"Va\u015finqtondan Z\u0259ng\u0259zur d\u0259hlizin\u0259 b\u00f6y\u00fck d\u0259st\u0259k"},"content":{"rendered":"<p><em><strong>Az\u0259rbaycan, Erm\u0259nistan v\u0259 AB\u015e aras\u0131nda imzalanan Birg\u0259 B\u0259yannam\u0259, A\u011f Evd\u0259 paraflanan s\u00fclh sazi\u015fi, Birl\u0259\u015fmi\u015f \u015etatlarla Az\u0259rbaycan aras\u0131nda Strateji T\u0259r\u0259fda\u015fl\u0131\u011fa dair Xartiyan\u0131n haz\u0131rlanmas\u0131 \u00fc\u00e7\u00fcn Strateji \u0130\u015f\u00e7i Qrupunun yarad\u0131lmas\u0131 il\u0259 ba\u011fl\u0131 s\u0259n\u0259din q\u0259bulu b\u00f6lg\u0259y\u0259 s\u00fclh v\u0259d edir<\/strong><\/em><\/p>\n<p>Prezident Donald Tramp\u0131n t\u0259\u015f\u0259bb\u00fcs\u00fc il\u0259 Va\u015finqtonda AB\u015e, Az\u0259rbaycan, Erm\u0259nistan liderl\u0259rinin \u00fc\u00e7t\u0259r\u0259fli g\u00f6r\u00fc\u015f\u00fc C\u0259nubi Qafqazda davaml\u0131 s\u00fclh\u00fcn t\u0259minat\u0131nda \u00f6n\u0259mli add\u0131m kimi d\u0259y\u0259rl\u0259ndirildi. Beyn\u0259lxalaq al\u0259md\u0259 b\u00f6y\u00fck diqq\u0259tl\u0259 izl\u0259nil\u0259n bu g\u00f6r\u00fc\u015f bar\u0259d\u0259 a\u00e7\u0131qlamalardan da ayd\u0131n olur ki, \u0259ld\u0259 olunan raz\u0131la\u015fmalara, imzalanan s\u0259n\u0259dl\u0259r\u0259 \u0259sas\u0259n regionda s\u00fclh m\u00fchitinin formala\u015fmas\u0131 il\u0259 avtomobil v\u0259 d\u0259mir yolu \u0259laq\u0259l\u0259ri b\u0259rpa olunacaq, s\u0259rh\u0259d-ke\u00e7id m\u0259nt\u0259q\u0259l\u0259ri a\u00e7\u0131lacaq, azad ticar\u0259t\u0259 mane\u0259l\u0259r aradan qald\u0131r\u0131lacaq. Orta D\u0259hliz , \u00c7inin \u00abBir k\u0259m\u0259r, bir yol\u00bb layih\u0259l\u0259rinin t\u0259r\u0259fdarlar\u0131n\u0131n maraqlar\u0131na tam uy\u011fun infrastruktur formala\u015fd\u0131r\u0131lacaq.<\/p>\n<p>Hakimiyy\u0259td\u0259 oldu\u011fu m\u00fcdd\u0259td\u0259 C\u0259nubi Qafqaz bar\u0259d\u0259 d\u00fc\u015f\u00fcnc\u0259l\u0259rini erm\u0259ni ideoloqlar\u0131n\u0131n g\u00f6st\u0259ri\u015fi \u0259sas\u0131nda formala\u015fd\u0131ran AB\u015e-\u0131n sabiq Prezidenti Baydenin b\u00f6lg\u0259y\u0259 m\u00fcnasib\u0259tini A\u011f Evd\u0259 ke\u00e7iril\u0259n m\u0259tbuat konfrans\u0131nda \u00abErm\u0259nistan v\u0259 Az\u0259rbaycan 35 ild\u0259n art\u0131q m\u00fcharib\u0259 \u015f\u0259raitind\u0259 olub. Bu m\u00fcnaqi\u015f\u0259 uzun ill\u0259r \u0259rzind\u0259 insanlara \u0259ziyy\u0259t v\u0259 m\u0259hrumiyy\u0259t g\u0259tirmi\u015fdir. Bir \u00e7ox \u00f6lk\u0259l\u0259r, h\u0259m\u00e7inin Avropa \u0130ttifaq\u0131, Rusiya bunun \u00fcz\u0259rind\u0259 g\u0259rgin \u00e7al\u0131\u015f\u0131b, lakin buna nail ola bilm\u0259yib. Ayaq \u00fcst\u0259 yuxulayan Co Bayden d\u0259 bu m\u0259s\u0259l\u0259 il\u0259 m\u0259\u015f\u011ful olma\u011fa \u00e7al\u0131\u015f\u0131b, ancaq n\u0259tic\u0259si nec\u0259 olub b\u0259llidir. O, y\u0259qin ki, bu i\u015f\u0259 12 d\u0259qiq\u0259 vaxt s\u0259rf edib\u00bb s\u00f6zl\u0259ri il\u0259 a\u00e7\u0131qlayan Prezident Donald Tramp bildirib ki, x\u00fcsusi tranzit \u0259razi vasit\u0259sil\u0259 Az\u0259rbaycan Erm\u0259nistan\u0131n suverenliyin\u0259 q\u0259ti \u015f\u0259kild\u0259 h\u00f6rm\u0259t \u00e7\u0259r\u00e7iv\u0259sind\u0259 \u00f6z\u00fcn\u00fcn Nax\u00e7\u0131van b\u00f6lg\u0259sin\u0259 tam \u00e7\u0131x\u0131\u015f \u0259ld\u0259 ed\u0259c\u0259k. Y\u0259ni, bunun n\u0259tic\u0259sind\u0259 h\u0259r iki t\u0259r\u0259f \u00fc\u00e7\u00fcn x\u00fcsusi \u0259h\u0259miyy\u0259t da\u015f\u0131yan bu \u0259razid\u0259 birg\u0259 \u0259m\u0259kda\u015fl\u0131q m\u00fcmk\u00fcn olacaq.<\/p>\n<p>C\u0259nubi Qafqaz regionunda \u00e7oxdan g\u00f6zl\u0259nil\u0259n s\u00fclh\u0259 yol a\u00e7an Az\u0259rbaycanla Erm\u0259nistan aras\u0131nda s\u00fclh sazi\u015finin paraflanmas\u0131 da h\u0259qiqi m\u0259nada onillikl\u0259r \u0259rzind\u0259 davam ed\u0259n m\u00fcnaqi\u015f\u0259nin h\u00fcquqi v\u0259 qar\u015f\u0131l\u0131ql\u0131 m\u0259qbul \u0259saslarla h\u0259llini ger\u00e7\u0259kl\u0259\u015fdir\u0259c\u0259k vasit\u0259 kimi d\u0259y\u0259rl\u0259ndirilir. S\u00fclh sazi\u015finin imzalanmas\u0131 \u00fc\u00e7\u00fcn \u0259sas \u015f\u0259rt olan Erm\u0259nistan konstitusiyas\u0131nda Az\u0259rbaycana qar\u015f\u0131 \u0259razi iddialar\u0131na aid d\u00fcz\u0259li\u015fl\u0259rl\u0259, t\u0259r\u0259fl\u0259ri maraqland\u0131ran n\u0259qliyyat v\u0259 kommunikasiya x\u0259tl\u0259rinin t\u0259hl\u00fck\u0259siz h\u0259r\u0259k\u0259ti il\u0259 ba\u011fl\u0131 dan\u0131\u015fqlar\u0131n apar\u0131lmas\u0131 probleml\u0259rin h\u0259llin\u0259 \u00fcmidl\u0259ri art\u0131r\u0131r. Az\u0259rbaycan\u0131n dig\u0259r b\u00f6lg\u0259l\u0259ri il\u0259 tarixi \u0259razisi olan Nax\u00e7\u0131van aras\u0131nda Erm\u0259nistan \u0259razisind\u0259n ke\u00e7m\u0259kl\u0259 t\u0259hl\u00fck\u0259siz quru yolu, Z\u0259ng\u0259zur d\u0259hlizinin a\u00e7\u0131lmas\u0131 m\u0259s\u0259l\u0259sinin aktualla\u015fmas\u0131 x\u00fcsusil\u0259 diqq\u0259ti c\u0259lb edir. T\u0259kc\u0259 iki \u00f6lk\u0259y\u0259 deyil, h\u0259m d\u0259 b\u00fct\u00fcn region \u00f6lk\u0259l\u0259rinin iqtisadiyyat\u0131na fayda ver\u0259c\u0259k bu d\u0259hliz C\u0259nubi Qafqazda davaml\u0131 s\u00fclh\u00fcn b\u0259rq\u0259rar olmas\u0131 v\u0259 \u0259m\u0259kda\u015fl\u0131\u011f\u0131n m\u00f6hk\u0259ml\u0259nm\u0259si \u00fc\u00e7\u00fcn \u00f6n\u0259mli infrastrukturdur.<\/p>\n<p>H\u0259l\u0259 sovetl\u0259r d\u00f6vr\u00fcnd\u0259 Z\u0259ng\u0259zur d\u0259hlizi Az\u0259rbaycan d\u0259mir yolunun t\u0259rkib hiss\u0259si kim f\u0259aliyy\u0259t g\u00f6st\u0259rib. Y\u0259ni, bu d\u0259hliz he\u00e7 vaxt Erm\u0259nistan\u0131n d\u0259mir yolu strukturuna aid olmay\u0131b,\u00a0sad\u0259c\u0259, Erm\u0259nistan \u0259razisind\u0259n ke\u00e7\u0259r\u0259k Nax\u00e7\u0131van Muxtar Respublikas\u0131 il\u0259 Az\u0259rbaycan\u0131 birl\u0259\u015fdirir. K\u00f6rf\u0259z\u0259 \u00e7\u0131x\u0131\u015f yolu il\u0259 \u0130ran \u0259razisin\u0259 ke\u00e7ir. Z\u0259ng\u0259zur d\u0259hlizinin realla\u015fmas\u0131 il\u0259 \u015eimal-C\u0259nub n\u0259qliyyat d\u0259hlizinin \u0259lav\u0259 istiqam\u0259tl\u0259ri a\u00e7\u0131lacaq. \u00c7ind\u0259n Az\u0259rbaycan \u0259razisi vasit\u0259sil\u0259 y\u00fckda\u015f\u0131malar\u0131n h\u0259cmi s\u00fcr\u0259tl\u0259 artacaq. Y\u00fckl\u0259rin Bak\u0131-Tbilisi-Qars d\u0259mir yolu il\u0259 G\u00fcrc\u00fcstandan ke\u00e7m\u0259kl\u0259 T\u00fcrkiy\u0259y\u0259 v\u0259 daha sonra Aral\u0131q d\u0259nizi limanlar\u0131na Z\u0259ng\u0259zur vasit\u0259sil\u0259 \u00e7atd\u0131r\u0131lmas\u0131 m\u00fcmk\u00fcn olacaq.<\/p>\n<p>Prezident \u0130lham \u018fliyevl\u0259 Erm\u0259nistan\u0131n ba\u015f nazii Nikol Pa\u015finyan\u0131n \u018fbu-Dabi g\u00f6r\u00fc\u015f\u00fcnd\u0259 qlobal \u0259h\u0259miyy\u0259t\u0259 malik Z\u0259ng\u0259zur d\u0259hlizi il\u0259 ba\u011fl\u0131 m\u0259s\u0259l\u0259nin m\u00fczakir\u0259si d\u0259 subut etdi ki, bu n\u0259qliyyat infrastrukturunun a\u00e7\u0131lmas\u0131 d\u00fcnya siyas\u0259tinin masas\u0131nda h\u0259llini g\u00f6zl\u0259y\u0259n vacib m\u0259s\u0259l\u0259dir. \u00abBizim \u00fc\u00e7\u00fcn is\u0259 \u0259n ba\u015fl\u0131ca m\u0259s\u0259l\u0259 odur ki, &#8211; m\u0259n \u018fbu-Dabid\u0259 h\u0259mkar\u0131ma dedim, &#8211; bizim Az\u0259rbaycandan Az\u0259rbaycana mane\u0259siz v\u0259 t\u0259hl\u00fck\u0259siz ke\u00e7idimiz olmal\u0131d\u0131r. Bu, Az\u0259rbaycan\u0131n bir b\u00f6lg\u0259sind\u0259n \u00f6lk\u0259nin dig\u0259r b\u00f6lg\u0259sin\u0259 ke\u00e7iddir. Bizim y\u00fckl\u0259r v\u0259 bizim v\u0259t\u0259nda\u015flar, Az\u0259rbaycan v\u0259t\u0259nda\u015flar\u0131 h\u0259r d\u0259f\u0259 orada s\u0259rh\u0259d\u00e7i erm\u0259ninin simas\u0131n\u0131 g\u00f6rm\u0259li deyil. Budur bizim t\u0259l\u0259bimiz. Bu, legitim t\u0259l\u0259bdir, bu, \u0259dal\u0259tli t\u0259l\u0259bdir\u00bb s\u00f6yl\u0259y\u0259n Prezident \u0130lham \u018fliyev haql\u0131 olaraq bildirir ki,\u00a0insanlar v\u0259 y\u00fckl\u0259r Z\u0259ng\u0259zur d\u0259hlizi il\u0259 t\u0259hl\u00fck\u0259siz h\u0259r\u0259k\u0259t etm\u0259lidirl\u0259r. Z\u0259ng\u0259zur d\u0259hlizi t\u0259kc\u0259 Az\u0259rbaycan \u00fc\u00e7\u00fcn deyil, h\u0259m d\u0259 Amerikan\u0131n ticar\u0259t maraqlar\u0131 \u00fc\u00e7\u00fcn vacibdir. Respublikam\u0131z\u0131n dig\u0259r b\u00f6lg\u0259l\u0259ri il\u0259 Nax\u00e7\u0131van aras\u0131nda quru \u0259laq\u0259nin yarad\u0131lmas\u0131n\u0131n \u0259sas n\u0259qliyyat vasit\u0259si olan Z\u0259ng\u0259zur d\u0259hlizinin b\u0259rpas\u0131 il\u0259 ba\u011fl\u0131 Az\u0259rbaycan\u0131n s\u0259yl\u0259rinin qar\u015f\u0131s\u0131n\u0131 m\u00fcxt\u0259lif b\u0259hanl\u0259r, t\u0259zribatlarla alan, \u015fayi\u0259l\u0259r yayan erm\u0259nip\u0259r\u0259st dair\u0259l\u0259rin yalanlar\u0131na son qoyulur.<\/p>\n<p>Az\u0259rbaycanofobiyan\u0131n h\u0259r\u0259k\u0259tverici q\u00fcvv\u0259si olan Bayden Administrasiyas\u0131n\u0131n \u00f6lk\u0259miz\u0259 qar\u015f\u0131 aqressiv niyy\u0259tl\u0259rinin qar\u015f\u0131s\u0131 al\u0131nd\u0131. \u00abBu g\u00fcn ba\u015f ver\u0259nl\u0259rin n\u0259tic\u0259sind\u0259 is\u0259 Prezident Tramp\u0131n \u015fahidliyi il\u0259 Erm\u0259nistan\u0131n Ba\u015f nazirinin \u015f\u0259xs\u0259n imzalad\u0131\u011f\u0131 birg\u0259 b\u0259yannam\u0259d\u0259 Az\u0259rbaycan\u0131n \u0259sas hiss\u0259sind\u0259n Nax\u00e7\u0131van Muxtar Respublikas\u0131na mane\u0259siz ke\u00e7idl\u0259 ba\u011fl\u0131 m\u00f6vqeyimizi d\u0259qiq \u0259ks etdir\u0259n m\u00fcdd\u0259a var. S\u0259n\u0259dd\u0259 bu, Erm\u0259nistan\u0131n suverenliyn\u0259 h\u00f6rm\u0259t prinsipi il\u0259 qeyd olunub. Bel\u0259likl\u0259, biz ist\u0259yirdik ki, Az\u0259rbaycan\u0131n bir hiss\u0259sind\u0259n dig\u0259r hiss\u0259sin\u0259 mane\u0259siz giri\u015f \u0259ld\u0259 ed\u0259k. Yeri g\u0259lmi\u015fk\u0259n, bu, h\u0259m d\u0259 Erm\u0259nistan\u0131n 2020-ci il noyabr\u0131n 10-da imza atd\u0131\u011f\u0131 \u00f6hd\u0259lik idi, lakin be\u015f il \u0259rzind\u0259 he\u00e7 bir ir\u0259lil\u0259yi\u015f olmam\u0131\u015fd\u0131. \u018frazid\u0259 he\u00e7 bir i\u015f apar\u0131lm\u0131rd\u0131. Bu ill\u0259r \u0259rzind\u0259 biz d\u0259mir yolunu az qala Erm\u0259nistan s\u0259rh\u0259din\u0259 \u00e7atd\u0131rm\u0131\u015f\u0131q. T\u0259xmin\u0259n bir ild\u0259n az vaxt laz\u0131md\u0131r, s\u00fcr\u0259tl\u0259 i\u015fl\u0259s\u0259k, b\u0259lk\u0259 d\u0259 alt\u0131 aya onu tamamil\u0259 Erm\u0259nistan s\u0259rh\u0259din\u0259 \u00e7atd\u0131rar\u0131q\u00bb s\u00f6zl\u0259ri il\u0259 Z\u0259ng\u0259zur d\u0259hlizinin a\u00e7\u0131lmas\u0131 \u00fc\u00e7\u00fcn qalan 40 kilometrlik yolun in\u015fas\u0131n\u0131n q\u0131sa m\u00fcdd\u0259td\u0259 ba\u015fa \u00e7ataca\u011f\u0131n\u0131 \u0259minlikl\u0259 bildir\u0259n Prezident \u0130lham \u018fliyevin vur\u011fulad\u0131\u011f\u0131 kimi, bu d\u0259hlizin in\u015fas\u0131 t\u0259kc\u0259 d\u0259mir yolunun b\u0259rpas\u0131 il\u0259 bitmir. Bu layih\u0259 elektrik \u00f6t\u00fcr\u00fcc\u00fc x\u0259tl\u0259ri, fiber-optik x\u0259tl\u0259r, potensial olaraq Az\u0259rbaycan\u0131n v\u0259 X\u0259z\u0259rin dig\u0259r tay\u0131ndan qon\u015fular\u0131m\u0131z\u0131n enerji resurslar\u0131n\u0131 da\u015f\u0131ya bil\u0259c\u0259k enerji infrastrukturlar\u0131 il\u0259 ba\u011fl\u0131 m\u00fch\u00fcm layih\u0259l\u0259ri d\u0259 \u0259hat\u0259 ed\u0259c\u0259k. Erm\u0259nistan\u0131n tranzit \u00f6lk\u0259 olmaq \u015fans\u0131 yaranacaq. Erm\u0259nistanda anlamal\u0131d\u0131rlar ki, Az\u0259rbaycans\u0131z tranzit \u00f6lk\u0259 olmaq m\u00fcmk\u00fcn deyil.<\/p>\n<p>\u00abBiz daha g\u00fccl\u00fc tranzit \u00f6lk\u0259 olma\u011fa \u00e7al\u0131\u015f\u0131r\u0131q. Biz ist\u0259yirik ki, \u0259razimizd\u0259n ke\u00e7\u0259n d\u0259hlizl\u0259r daha \u00e7ox y\u00fckda\u015f\u0131ma qabiliyy\u0259tin\u0259 malik olsun. Bu, pul g\u0259tirir, i\u015f yerl\u0259ri a\u00e7\u0131r v\u0259 siyasi imkanlar v\u0259d edir. S\u00f6hb\u0259t Erm\u0259nistan\u0131n uzun ill\u0259r \u00f6z\u00fcn\u00fc m\u0259hrum etdiyi imkanlardan gedir. Bel\u0259likl\u0259, q\u0131sa variantda TRIPP kimi s\u0259sl\u0259n\u0259n Z\u0259ng\u0259zur d\u0259hlizinin a\u00e7\u0131lmas\u0131 bir tarixi z\u0259rur\u0259td\u0259n yaranan qlobal \u0259h\u0259miyy\u0259tli nailiiyy\u0259t olacaq. Sad\u0259c\u0259 vaxt itirm\u0259m\u0259k laz\u0131md\u0131r. Biz bu i\u015fl\u0259rl\u0259 m\u00fcmk\u00fcn q\u0259d\u0259r tez m\u0259\u015f\u011ful olmal\u0131y\u0131q. Birl\u0259\u015fmi\u015f \u015etatlar bu mar\u015frutu idar\u0259 ed\u0259c\u0259k v\u0259 \u00fcmidvaram ki, regiondak\u0131 b\u00fct\u00fcn xalqlar\u0131n xeyrin\u0259 bu \u0259laq\u0259 x\u0259tl\u0259rini qurmaq \u00fc\u00e7\u00fcn h\u0259min m\u00fch\u00fcm v\u0259zif\u0259l\u0259ri \u00f6z \u00fcz\u0259rin\u0259 g\u00f6t\u00fcr\u0259c\u0259k investorlar tap\u0131lacaq\u00bb s\u00f6zl\u0259rinin Az\u0259rbaycan Respublikas\u0131n\u0131n Prezidenti v\u0259 Erm\u0259nistan Respublikas\u0131n\u0131n Ba\u015f nazirinin Va\u015finqton \u015f\u0259h\u0259rind\u0259 ke\u00e7irilmi\u015f g\u00f6r\u00fc\u015f\u00fcn\u00fcn n\u0259tic\u0259l\u0259rin\u0259 dair Birg\u0259 B\u0259yannam\u0259d\u0259 yer almas\u0131 \u00f6lk\u0259mizin haql\u0131 t\u0259l\u0259binin realla\u015fmas\u0131 dem\u0259kdir. Region d\u00f6vl\u0259tl\u0259rinin suverenliyi, \u0259razi b\u00fct\u00f6vl\u00fcy\u00fc v\u0259 yurisdiksiyas\u0131na h\u00f6rm\u0259t \u0259sas\u0131nda s\u00fclh\u00fcn, sabitliyin v\u0259 rifah\u0131n t\u0259\u015fviqi \u00fc\u00e7\u00fcn iki \u00f6lk\u0259 aras\u0131nda \u00f6lk\u0259daxili, ikit\u0259r\u0259fli v\u0259 beyn\u0259lxalq n\u0259qliyyat\u0131n t\u0259mini m\u0259qs\u0259dil\u0259 kommunikasiyalar\u0131n a\u00e7\u0131lmas\u0131n\u0131n \u0259h\u0259miyy\u0259tinin t\u0259sdiq olundu\u011fu Birg\u0259 B\u0259yannam\u0259d\u0259 bir daha Az\u0259rbaycan\u0131n \u0259sas hiss\u0259si olan Nax\u00e7\u0131van Muxtar Respublikas\u0131 aras\u0131nda mane\u0259siz ba\u011flant\u0131n\u0131n vacibliyi qeyd edilir. \u00abBeyn\u0259lxalq S\u00fclh v\u0259 Rifah namin\u0259 Tramp Mar\u015frutu\u201d\u00bb ( Z\u0259ng\u0259zur d\u0259hlizi) ba\u011flant\u0131 layih\u0259si \u00fc\u00e7\u00fcn \u00e7\u0259r\u00e7iv\u0259nin m\u00fc\u0259yy\u0259n edilm\u0259si m\u0259qs\u0259dil\u0259 AB\u015e qar\u015f\u0131l\u0131ql\u0131 raz\u0131l\u0131q \u0259sas\u0131nda m\u00fc\u0259yy\u0259n edilmi\u015f \u00fc\u00e7\u00fcnc\u00fc t\u0259r\u0259fl\u0259r il\u0259 \u0259m\u0259kda\u015fl\u0131q ed\u0259c\u0259kdir.<\/p>\n<p>Amerika Birl\u0259\u015fmi\u015f \u015etatlar\u0131-Az\u0259rbaycan aras\u0131nda Strateji T\u0259r\u0259fda\u015fl\u0131\u011fa dair Xartiyan\u0131n haz\u0131rlanmas\u0131 \u00fc\u00e7\u00fcn Strateji \u0130\u015f\u00e7i Qrupunun yarad\u0131lmas\u0131 il\u0259 ba\u011fl\u0131 s\u0259n\u0259dd\u0259 qar\u015f\u0131l\u0131ql\u0131 s\u0259rmay\u0259 qoyulu\u015fu, energetika, n\u0259qliyyat, ba\u011flant\u0131lar, tranzit, t\u0259hl\u00fck\u0259sizlik, s\u00fcni intellekt, m\u00fcdafi\u0259 s\u0259nayesi v\u0259 m\u00fcdafi\u0259 sah\u0259l\u0259rind\u0259 \u0259m\u0259kda\u015fl\u0131\u011fa x\u00fcsusi diqq\u0259t yetirilir. Y\u0259ni, sad\u0259c\u0259 olaraq, bu istiqam\u0259tl\u0259rin sadalanmas\u0131 onu g\u00f6st\u0259rir ki, \u00f6lk\u0259miz qar\u015f\u0131s\u0131nda n\u0259 q\u0259d\u0259r b\u00f6y\u00fck imkanlar a\u00e7\u0131l\u0131r<\/p>\n<p>Avqustun 8-d\u0259 Va\u015finqtonda Az\u0259rbaycan\u0131n media n\u00fcmay\u0259nd\u0259l\u0259rin\u0259 m\u00fcsahib\u0259sind\u0259 \u0259n \u00f6n\u0259mli m\u0259s\u0259l\u0259l\u0259r\u0259 ayd\u0131nl\u0131q g\u0259tir\u0259n Prezident \u0130lham \u018fliyevin vur\u011fulad\u0131\u011f\u0131 kimi, AB\u015e s\u0259f\u0259ri C\u0259nubi Qafqaz \u00fc\u00e7\u00fcn \u00e7ox \u00f6n\u0259mli tarixi \u0259h\u0259myy\u0259tli m\u0259s\u0259l\u0259dir. A\u011f Evd\u0259 paraflanan s\u00fclh sazi\u015fi art\u0131q b\u00f6lg\u0259y\u0259 s\u00fclh g\u0259tirib. Z\u0259ng\u0259zur d\u0259hlizinin t\u0259kc\u0259 Az\u0259rbaycan \u00fc\u00e7\u00fcn deyil, h\u0259m d\u0259 Amerikan\u0131n ticar\u0259t maraqlar\u0131 \u00fc\u00e7\u00fcn \u0259h\u0259miyy\u0259tini \u00ab Bu g\u00fcn ba\u015f ver\u0259nl\u0259rin n\u0259tic\u0259sind\u0259 is\u0259 Prezident Tramp\u0131n \u015fahidliyi il\u0259 Erm\u0259nistan\u0131n Ba\u015f nazirinin \u015f\u0259xs\u0259n imzalad\u0131\u011f\u0131 birg\u0259 b\u0259yannam\u0259d\u0259 Az\u0259rbaycan\u0131n \u0259sas hiss\u0259sind\u0259n Nax\u00e7\u0131van Muxtar Respublikas\u0131na mane\u0259siz ke\u00e7idl\u0259 ba\u011fl\u0131 m\u00f6vqeyimizi d\u0259qiq \u0259ks etdir\u0259n m\u00fcdd\u0259a var. S\u0259n\u0259dd\u0259 bu, Erm\u0259nistan\u0131n suverenliyn\u0259 h\u00f6rm\u0259t prinsipi il\u0259 qeyd olunub. Bel\u0259likl\u0259, biz ist\u0259yirdik ki, Az\u0259rbaycan\u0131n bir hiss\u0259sind\u0259n dig\u0259r hiss\u0259sin\u0259 mane\u0259siz giri\u015f \u0259ld\u0259 ed\u0259k. Yeri g\u0259lmi\u015fk\u0259n, bu, h\u0259m d\u0259 Erm\u0259nistan\u0131n 2020-ci il noyabr\u0131n 10-da imza atd\u0131\u011f\u0131 \u00f6hd\u0259lik idi, lakin be\u015f il \u0259rzind\u0259 he\u00e7 bir ir\u0259lil\u0259yi\u015f olmam\u0131\u015fd\u0131. \u018frazid\u0259 he\u00e7 bir i\u015f apar\u0131lm\u0131rd\u0131. Bu ill\u0259r \u0259rzind\u0259 biz d\u0259mir yolunu az qala Erm\u0259nistan s\u0259rh\u0259din\u0259 \u00e7atd\u0131rm\u0131\u015f\u0131q. T\u0259xmin\u0259n bir ild\u0259n az vaxt laz\u0131md\u0131r, s\u00fcr\u0259tl\u0259 i\u015fl\u0259s\u0259k, b\u0259lk\u0259 d\u0259 alt\u0131 aya onu tamamil\u0259 Erm\u0259nistan s\u0259rh\u0259din\u0259 \u00e7atd\u0131rar\u0131q\u00bb s\u00f6zl\u0259ri il\u0259 bildir\u0259n Prezident \u0130lham \u018fliyev \u0259lav\u0259 olaraq vurtulay\u0131r ki, biz art\u0131q Yax\u0131n \u015e\u0259rq regionuna daxil olmu\u015fuq v\u0259 co\u011frafiyam\u0131z\u0131 Avropada, el\u0259c\u0259 d\u0259 Yax\u0131n \u015e\u0259rqd\u0259 geni\u015fl\u0259ndir\u0259c\u0259yik. Bu, \u0259slind\u0259, enerji sah\u0259sind\u0259 g\u0259l\u0259c\u0259k g\u00fcnd\u0259liyimizin yaln\u0131z bir hiss\u0259sidir.<\/p>\n<p>Va\u015finqton g\u00f6r\u00fc\u015f\u00fcnd\u0259 AB\u015e il\u0259 s\u00fcni z\u0259ka, r\u0259q\u0259msal transformasiya \u00fczr\u0259 yax\u0131ndan i\u015fl\u0259m\u0259k planlar\u0131 m\u00fc\u0259yy\u0259nl\u0259\u015fdirildi. T\u0259hl\u00fck\u0259sizlik, sabitlik, C\u0259nubi Qafqazda s\u00fclh, iqtisadi imkanlar, investisiyalar, enerji t\u0259hl\u00fck\u0259sizliyi v\u0259 bir \u00e7ox dig\u0259r sah\u0259l\u0259r bax\u0131m\u0131ndan birg\u0259 \u0259m\u0259kda\u015fl\u0131\u011f\u0131n istiqam\u0259tl\u0259ri m\u00fc\u0259yy\u0259nl\u0259\u015fdirildi.<\/p>\n<p><strong>Xuraman \u0130smay\u0131lq\u0131z\u0131, \u00ab\u0130ki sahil\u00bb<\/strong><\/p>\n","protected":false},"excerpt":{"rendered":"<p>Az\u0259rbaycan, Erm\u0259nistan v\u0259 AB\u015e aras\u0131nda imzalanan Birg\u0259 B\u0259yannam\u0259, A\u011f Evd\u0259 paraflanan s\u00fclh sazi\u015fi, Birl\u0259\u015fmi\u015f \u015etatlarla Az\u0259rbaycan aras\u0131nda Strateji T\u0259r\u0259fda\u015fl\u0131\u011fa dair Xartiyan\u0131n haz\u0131rlanmas\u0131 \u00fc\u00e7\u00fcn Strateji \u0130\u015f\u00e7i Qrupunun yarad\u0131lmas\u0131 il\u0259 ba\u011fl\u0131 s\u0259n\u0259din q\u0259bulu b\u00f6lg\u0259y\u0259 s\u00fclh v\u0259d edir Prezident Donald Tramp\u0131n t\u0259\u015f\u0259bb\u00fcs\u00fc il\u0259 Va\u015finqtonda AB\u015e, Az\u0259rbaycan, Erm\u0259nistan liderl\u0259rinin \u00fc\u00e7t\u0259r\u0259fli g\u00f6r\u00fc\u015f\u00fc C\u0259nubi Qafqazda davaml\u0131 s\u00fclh\u00fcn t\u0259minat\u0131nda \u00f6n\u0259mli add\u0131m kimi d\u0259y\u0259rl\u0259ndirildi. Beyn\u0259lxalaq al\u0259md\u0259 b\u00f6y\u00fck diqq\u0259tl\u0259 izl\u0259nil\u0259n bu g\u00f6r\u00fc\u015f bar\u0259d\u0259 a\u00e7\u0131qlamalardan da ayd\u0131n olur ki, \u0259ld\u0259 olunan raz\u0131la\u015fmalara, imzalanan s\u0259n\u0259dl\u0259r\u0259 \u0259sas\u0259n regionda s\u00fclh m\u00fchitinin formala\u015fmas\u0131 il\u0259 avtomobil v\u0259 d\u0259mir yolu \u0259laq\u0259l\u0259ri b\u0259rpa olunacaq, s\u0259rh\u0259d-ke\u00e7id m\u0259nt\u0259q\u0259l\u0259ri a\u00e7\u0131lacaq,&hellip;<\/p>\n","protected":false},"author":2,"featured_media":820741,"comment_status":"closed","ping_status":"closed","sticky":false,"template":"","format":"standard","meta":{"om_disable_all_campaigns":false,"_monsterinsights_skip_tracking":false,"_monsterinsights_sitenote_active":false,"_monsterinsights_sitenote_note":"","_monsterinsights_sitenote_category":0},"categories":[19],"tags":[],"aioseo_notices":[],"gutentor_comment":0,"rttpg_featured_image_url":{"full":["https:\/\/arantv.az\/wp-content\/uploads\/2025\/08\/8123b781169661408073196843310099807.jpg",975,540,false],"landscape":["https:\/\/arantv.az\/wp-content\/uploads\/2025\/08\/8123b781169661408073196843310099807.jpg",975,540,false],"portraits":["https:\/\/arantv.az\/wp-content\/uploads\/2025\/08\/8123b781169661408073196843310099807.jpg",975,540,false],"thumbnail":["https:\/\/arantv.az\/wp-content\/uploads\/2025\/08\/8123b781169661408073196843310099807-500x280.jpg",500,280,true],"medium":["https:\/\/arantv.az\/wp-content\/uploads\/2025\/08\/8123b781169661408073196843310099807-660x365.jpg",660,365,true],"large":["https:\/\/arantv.az\/wp-content\/uploads\/2025\/08\/8123b781169661408073196843310099807-840x465.jpg",640,354,true],"1536x1536":["https:\/\/arantv.az\/wp-content\/uploads\/2025\/08\/8123b781169661408073196843310099807.jpg",975,540,false],"2048x2048":["https:\/\/arantv.az\/wp-content\/uploads\/2025\/08\/8123b781169661408073196843310099807.jpg",975,540,false],"post-thumbnail":["https:\/\/arantv.az\/wp-content\/uploads\/2025\/08\/8123b781169661408073196843310099807-240x172.jpg",240,172,true],"advps-thumb-one":["https:\/\/arantv.az\/wp-content\/uploads\/2025\/08\/8123b781169661408073196843310099807.jpg",975,540,false]},"rttpg_author":{"display_name":"V\u00fcsal Rafiqo\u011flu","author_link":"https:\/\/arantv.az\/?author=2"},"rttpg_comment":0,"rttpg_category":"<a href=\"https:\/\/arantv.az\/?cat=19\" rel=\"category\">G\u00fcnd\u0259m<\/a>","rttpg_excerpt":"Az\u0259rbaycan, Erm\u0259nistan v\u0259 AB\u015e aras\u0131nda imzalanan Birg\u0259 B\u0259yannam\u0259, A\u011f Evd\u0259 paraflanan s\u00fclh sazi\u015fi, Birl\u0259\u015fmi\u015f \u015etatlarla Az\u0259rbaycan aras\u0131nda Strateji T\u0259r\u0259fda\u015fl\u0131\u011fa dair Xartiyan\u0131n haz\u0131rlanmas\u0131 \u00fc\u00e7\u00fcn Strateji \u0130\u015f\u00e7i Qrupunun yarad\u0131lmas\u0131 il\u0259 ba\u011fl\u0131 s\u0259n\u0259din q\u0259bulu b\u00f6lg\u0259y\u0259 s\u00fclh v\u0259d edir Prezident Donald Tramp\u0131n t\u0259\u015f\u0259bb\u00fcs\u00fc il\u0259 Va\u015finqtonda AB\u015e, Az\u0259rbaycan, Erm\u0259nistan liderl\u0259rinin \u00fc\u00e7t\u0259r\u0259fli g\u00f6r\u00fc\u015f\u00fc C\u0259nubi Qafqazda davaml\u0131 s\u00fclh\u00fcn t\u0259minat\u0131nda \u00f6n\u0259mli add\u0131m kimi&hellip;","_links":{"self":[{"href":"https:\/\/arantv.az\/index.php?rest_route=\/wp\/v2\/posts\/820740"}],"collection":[{"href":"https:\/\/arantv.az\/index.php?rest_route=\/wp\/v2\/posts"}],"about":[{"href":"https:\/\/arantv.az\/index.php?rest_route=\/wp\/v2\/types\/post"}],"author":[{"embeddable":true,"href":"https:\/\/arantv.az\/index.php?rest_route=\/wp\/v2\/users\/2"}],"replies":[{"embeddable":true,"href":"https:\/\/arantv.az\/index.php?rest_route=%2Fwp%2Fv2%2Fcomments&post=820740"}],"version-history":[{"count":1,"href":"https:\/\/arantv.az\/index.php?rest_route=\/wp\/v2\/posts\/820740\/revisions"}],"predecessor-version":[{"id":820742,"href":"https:\/\/arantv.az\/index.php?rest_route=\/wp\/v2\/posts\/820740\/revisions\/820742"}],"wp:featuredmedia":[{"embeddable":true,"href":"https:\/\/arantv.az\/index.php?rest_route=\/wp\/v2\/media\/820741"}],"wp:attachment":[{"href":"https:\/\/arantv.az\/index.php?rest_route=%2Fwp%2Fv2%2Fmedia&parent=820740"}],"wp:term":[{"taxonomy":"category","embeddable":true,"href":"https:\/\/arantv.az\/index.php?rest_route=%2Fwp%2Fv2%2Fcategories&post=820740"},{"taxonomy":"post_tag","embeddable":true,"href":"https:\/\/arantv.az\/index.php?rest_route=%2Fwp%2Fv2%2Ftags&post=820740"}],"curies":[{"name":"wp","href":"https:\/\/api.w.org\/{rel}","templated":true}]}}