{"id":820753,"date":"2025-08-14T08:28:58","date_gmt":"2025-08-14T04:28:58","guid":{"rendered":"https:\/\/arantv.az\/?p=820753"},"modified":"2025-08-14T08:28:58","modified_gmt":"2025-08-14T04:28:58","slug":"iranin-erm%c9%99nistani-c%c9%99zalandirmaq-plani-ilginc-ssenari","status":"publish","type":"post","link":"https:\/\/arantv.az\/?p=820753","title":{"rendered":"\u0130ran\u0131n Erm\u0259nistan\u0131 c\u0259zaland\u0131rmaq plan\u0131 &#8211; \u0130lginc ssenari"},"content":{"rendered":"<div class=\"text-content\" data-id=\"\" data-url=\"\">\n<h3><strong>Az\u0259rbaycan \u00fc\u00e7\u00fcn \u201cTramp yolu\u201dna hans\u0131 d\u00f6vl\u0259tin n\u0259zar\u0259t etm\u0259sinin he\u00e7 bir f\u0259rqi yoxdur; avqustun 8-d\u0259n c\u0259nub qon\u015fumuzun yuxusu \u0259r\u015f\u0259 \u00e7\u0259kilib&#8230;<\/strong><\/h3>\n<p><strong>\u201c\u0130ran\u0131n b\u0259zi m\u0259tbuat orqanlar\u0131nda v\u0259 sosial \u015f\u0259b\u0259k\u0259l\u0259rd\u0259 Z\u0259ng\u0259zur d\u0259hlizi il\u0259 ba\u011fl\u0131 m\u0259lumatlar t\u0259hrif edilir v\u0259 \u0130ran\u0131n \u015fimal s\u0259rh\u0259dl\u0259rini itirm\u0259si kimi yozulur\u201d.<\/strong><\/p>\n<p>Bunu avqustun 12-d\u0259 Tehranda m\u0259tbuat konfrans\u0131nda \u0130ran h\u00f6kum\u0259tinin s\u00f6z\u00e7\u00fcs\u00fc Fatim\u0259 Mohacerani bildirib.<\/p>\n<p>Onun s\u00f6zl\u0259rin\u0259 g\u00f6r\u0259, geni\u015f m\u00fczakir\u0259 olunan Z\u0259ng\u0259zur m\u0259s\u0259l\u0259si \u0130ran\u0131n \u015fimal \u0259razisinin yaln\u0131z ki\u00e7ik bir hiss\u0259sin\u0259 aiddir. O, \u0130ran\u0131n regionda sabitliyin b\u0259rpas\u0131na, d\u00f6vl\u0259tl\u0259rin \u0259razi b\u00fct\u00f6vl\u00fcy\u00fcn\u00fcn qorunmas\u0131na, suverenliyinin qorunmas\u0131na b\u00f6y\u00fck diqq\u0259t yetirdiyini vur\u011fulay\u0131b.<\/p>\n<p>Mohacerani bildirib ki, \u0130ran he\u00e7 vaxt qon\u015fu \u00f6lk\u0259l\u0259rd\u0259 xarici q\u00fcvv\u0259l\u0259rin olmas\u0131n\u0131 alq\u0131\u015flamay\u0131b. Onun s\u00f6zl\u0259rin\u0259 g\u00f6r\u0259, \u0259n yax\u015f\u0131 h\u0259ll yolu regional q\u00fcvv\u0259l\u0259r vasit\u0259sil\u0259 sabitliyin t\u0259min edilm\u0259sidir.<\/p>\n<p>Mohacerani vur\u011fulay\u0131b ki, \u00f6lk\u0259l\u0259rin \u0259razi b\u00fct\u00f6vl\u00fcy\u00fcn\u00fc qorumaq \u0130ran\u0131n prinsipial m\u00f6vqeyidir. O qeyd edib ki, \u0130ran qon\u015fu \u00f6lk\u0259l\u0259rd\u0259 xarici qo\u015funlar\u0131n olmas\u0131n\u0131 alq\u0131\u015flam\u0131r v\u0259 hesab edir ki, region \u00f6z s\u00fclh\u00fcn\u00fc t\u0259min etm\u0259lidir.<\/p>\n<p>\u0130ran r\u0259smil\u0259rinin m\u00fcnt\u0259z\u0259m olaraq \u201cxarici qo\u015funlar\u201d, \u201ck\u0259nar q\u00fcvv\u0259l\u0259r\u201d dediyi g\u00fcc m\u0259rk\u0259zl\u0259ri AB\u015e, Avropa \u0130ttifaq\u0131d\u0131r. Q\u0259rbin b\u00f6lg\u0259y\u0259 yerl\u0259\u015fm\u0259sind\u0259 is\u0259 \u0130ran\u0131n \u201cqarda\u015f\u0131\u201d sayd\u0131\u011f\u0131 Erm\u0259nistan rol oynay\u0131b. Haz\u0131rda A\u0130-nin m\u00fclki missiyas\u0131 s\u0259rh\u0259dd\u0259dir, d\u0259hlizin idar\u0259\u00e7iliyi d\u0259 99 il m\u00fcdd\u0259tin\u0259 AB\u015e \u015firk\u0259tin\u0259 verilir. Amma burada xarici qo\u015funlardan s\u00f6hb\u0259t getmir.<\/p>\n<p><strong>Erm\u0259nistan regionda xarici h\u0259rbi kontingent yerl\u0259\u015fdiribmi? Tehran \u0130r\u0259vana nec\u0259 t\u0259sir ed\u0259, onu nec\u0259 c\u0259zaland\u0131ra bil\u0259r?<\/strong><\/p>\n<p><strong><img src=\"https:\/\/pravda.az\/cdn\/2019\/november\/24\/sona1.jpg\" alt=\"Sona \u018fliyeva: \u201cD\u00fcnyan\u0131n apar\u0131c\u0131 d\u00f6vl\u0259tl\u0259ri Az\u0259rbaycan\u0131n t\u0259cr\u00fcb\u0259sini  \u00f6yr\u0259nm\u0259y\u0259 h\u0259v\u0259sli g\u00f6r\u00fcn\u00fcrl\u0259r\u201d Pravda.az\" \/><\/strong><\/p>\n<p><strong>\u00a0Sona \u018fliyeva<\/strong><\/p>\n<p><strong>Siyasi t\u0259hlil\u00e7i Sona \u018fliyeva \u201cYeni M\u00fcsavat\u201da a\u00e7\u0131qlamas\u0131nda \u0130randa SEPAH-a ba\u011fl\u0131 b\u0259zi media orqanlar\u0131 AB\u015e-d\u0259 Az\u0259rbaycanla Erm\u0259nistan aras\u0131nda imzalanan son s\u0259n\u0259dl\u0259rd\u0259n qeyz\u0259 g\u0259ldikl\u0259rini, bunu h\u0259zm ed\u0259 bilm\u0259dikl\u0259rini deyir:<\/strong>\u00a0\u201cH\u0259min media orqanlar\u0131n\u0131n ba\u015f\u0131nda is\u0259 r\u0259hb\u0259ri SEPAH zabiti olan \u201dTasnim&#8221; agentliyi dayan\u0131r. \u0130randa \u201cd\u0259rin d\u00f6vl\u0259t\u201di t\u0259msil ed\u0259n SEPAH h\u0259rbi-milli\u0259t\u00e7i qrupu Z\u0259ng\u0259zur d\u0259hlizini haql\u0131 olaraq \u201cT\u00fcrk-Turan yolu\u201d adland\u0131r\u0131r. Onlar Z\u0259ng\u0259zur d\u0259hlizinin a\u00e7\u0131lmas\u0131n\u0131 \u0130ran d\u00f6vl\u0259t\u00e7iliyi \u00fc\u00e7\u00fcn t\u0259hdid hesab edirl\u0259r. Amma biz d\u0259f\u0259l\u0259rl\u0259 bildirmi\u015fik ki, Az\u0259rbaycan\u0131n he\u00e7 bir \u00f6lk\u0259nin torpa\u011f\u0131nda g\u00f6z\u00fc yoxdur. Z\u0259ng\u0259zur d\u0259hlizinin Amerika \u015firk\u0259tl\u0259rin\u0259 icar\u0259y\u0259 verilm\u0259si is\u0259 i\u015f\u011fal\u00e7\u0131 Erm\u0259nistan\u0131n daxili i\u015fidir. Biz ona qar\u0131\u015fa bilm\u0259rik. \u018fslind\u0259 Nikol Pa\u015finyan hakimiyy\u0259ti Rusiya amilini G\u00fcney Qafqazdan \u00e7\u0131xarmaq \u00fc\u00e7\u00fcn 42 kilometrlik \u201cTramp yolu\u201dnu AB\u015e \u015firk\u0259tl\u0259rin\u0259 verm\u0259y\u0259 raz\u0131la\u015f\u0131b. T\u0259bii ki, bu da \u0130ran\u0131n maraqlar\u0131na cavab vermir. \u00c7\u00fcnki \u0130ran\u0131n C\u0259nubi Qafqazdak\u0131 g\u0259l\u0259c\u0259k m\u00f6vcudlu\u011fu h\u0259m d\u0259 \u015fimal qon\u015fumuzdan as\u0131l\u0131d\u0131r. \u018fg\u0259r Rusiya G\u00fcney Qafqazdan geri \u00e7\u0259kil\u0259rs\u0259, o zaman \u0130ran da buralardan \u0259l-aya\u011f\u0131n\u0131 y\u0131\u011f\u0131\u015fd\u0131racaq.<\/p>\n<p>M\u0259s\u0259l\u0259nin dig\u0259r t\u0259r\u0259fi ondan ibar\u0259tdir ki, real v\u0259ziyy\u0259t \u0259slind\u0259 \u0130ran medias\u0131nda \u015fi\u015firdildiyi kimi deyil. \u0130ran\u0131n Prezidenti Peze\u015fkian da bu m\u0259s\u0259l\u0259y\u0259 toxundu v\u0259 t\u0259hl\u00fck\u0259li n\u00fcans\u0131n olmad\u0131\u011f\u0131n\u0131 dil\u0259 g\u0259tirdi. \u0130ran Z\u0259ng\u0259zur d\u0259hlizini h\u0259d\u0259f alarsa, bu d\u0259f\u0259 \u0130srailin yox, Amerikan\u0131n yumru\u011funu yey\u0259c\u0259k. Bu is\u0259 indiki durumda \u0130ran d\u00f6vl\u0259t\u00e7iliyinin s\u00fcqutuna g\u0259tirib \u00e7\u0131xaracaq bir tendensiyad\u0131r. Haz\u0131rda \u0130ran kimis\u0259 c\u0259zaland\u0131racaq g\u00fccd\u0259 deyil. \u018fg\u0259r bel\u0259 bir add\u0131m molla rejimi t\u0259r\u0259find\u0259n at\u0131larsa, o zaman Q\u0259rb koalisiyas\u0131 \u0130randak\u0131 haz\u0131rk\u0131 rejimi d\u0259yi\u015fdirm\u0259k \u00fc\u00e7\u00fcn h\u0259r\u0259k\u0259t\u0259 ke\u00e7\u0259c\u0259k. Bir s\u00f6zl\u0259, mollalar devril\u0259c\u0259k. Erm\u0259nistan \u00f6z \u0259razisind\u0259 h\u0259r hans\u0131 bazan\u0131n yerl\u0259\u015fdirilm\u0259sin\u0259 raz\u0131l\u0131q verirs\u0259, bu onlar\u0131n daxili i\u015fidir. \u0130ran beyn\u0259lxalq h\u00fcquqa h\u00f6rm\u0259t etm\u0259y\u0259 borcludur. \u018fg\u0259r G\u00fcmr\u00fcd\u0259ki 102-ci bazaya Tehran rejimi s\u0259ssiz qal\u0131rsa, ba\u015fqalar\u0131n\u0131n g\u0259li\u015fin\u0259 d\u0259 susmal\u0131d\u0131r. \u018fslind\u0259 Erm\u0259nistan h\u0259r hans\u0131 bir h\u0259rbi g\u00fcc\u00fc regiona g\u0259tirm\u0259yib. H\u0259l\u0259 ki, durum bel\u0259dir. Amma g\u0259tir\u0259 bil\u0259r. \u00c7\u00fcnki Va\u015finqtonla \u0130r\u0259van aras\u0131nda xartiya imzalan\u0131b v\u0259 orada t\u0259hl\u00fck\u0259sizlik m\u0259s\u0259l\u0259si \u00f6n plandad\u0131r. Bu da o dem\u0259kdir ki, \u0130ran Erm\u0259nistana \u0259z\u0259l\u0259 n\u00fcmayi\u015f etdirs\u0259 bel\u0259, qar\u015f\u0131s\u0131nda AB\u015e-ni g\u00f6r\u0259c\u0259k&#8221;.<\/p>\n<p><img src=\"https:\/\/azvision.az\/photos\/2023\/07\/rovshen-1689264628.jpg\" alt=\"Median\u0131n \u00fcz qaraldan \u201csar\u0131\u201dl\u0131\u011f\u0131 | Polkovnik R\u00f6v\u015f\u0259n M\u0259h\u0259rr\u0259movun yaz\u0131s\u0131\" \/><\/p>\n<p><strong>R\u00f6v\u015f\u0259n M\u0259h\u0259rr\u0259mov<\/strong><\/p>\n<p><strong>Az\u0259rbaycan M\u00fcdafi\u0259 Nazirliyinin h\u0259rbi polisinin ke\u00e7mi\u015f r\u0259isi, polkovnik R\u00f6v\u015f\u0259n M\u0259h\u0259rr\u0259mov d\u0259hliz\u0259 n\u0259zar\u0259tin hans\u0131 d\u00f6vl\u0259tin etm\u0259sinin Az\u0259rbaycan \u00fc\u00e7\u00fcn he\u00e7 bir f\u0259rqinin olmad\u0131\u011f\u0131n\u0131 vur\u011fulad\u0131:<\/strong>\u00a0\u201cBilirsiniz ki, V\u0259t\u0259n m\u00fcharib\u0259mizd\u0259n sonra Z\u0259ng\u0259zur m\u0259s\u0259l\u0259sini d\u00f6vl\u0259t ba\u015f\u00e7\u0131m\u0131z \u0259sas prioritetl\u0259rd\u0259n biri kimi \u00f6n\u0259 s\u00fcrd\u00fc. D\u0259hlizin a\u00e7\u0131lmas\u0131 istiqm\u0259tind\u0259 5 il\u0259 yax\u0131nd\u0131r ki, i\u015fl\u0259r g\u00f6r\u00fcl\u00fcr. \u0130ran is\u0259 h\u0259r d\u0259f\u0259 bildirir ki, bu, bizim q\u0131rm\u0131z\u0131 x\u0259ttimizdir, s\u0259rh\u0259dl\u0259r d\u0259yi\u015f\u0259 bilm\u0259z v\u0259.s. M\u0259lumdur ki, Erm\u0259nistanla \u0130ran aras\u0131nda m\u00fctt\u0259fiqlik var. \u00d6zl\u0259rini dost \u00f6lk\u0259l\u0259r say\u0131rlar. Z\u0259ng\u0259zur d\u0259hlizi h\u0259m d\u0259 Erm\u0259nistan\u0131n d\u00fcnya t\u0259r\u0259find\u0259n tan\u0131nan \u0259razil\u0259rind\u0259n ke\u00e7ir. Art\u0131q t\u0259kc\u0259 Az\u0259rbaycana yox, \u0130ran\u0131n etirazlar\u0131 h\u0259m d\u0259 Erm\u0259nistanad\u0131r, y\u0259ni \u00f6z yax\u0131n m\u00fctt\u0259fiqin\u0259, dostuna. Art\u0131q regiona Avropa \u0130ttifaq\u0131n\u0131n missiyas\u0131n\u0131n g\u0259li\u015find\u0259n sonra h\u0259m d\u0259 Amerikan\u0131n g\u0259lm\u0259si \u015fimal v\u0259 c\u0259nub qon\u015fular\u0131m\u0131za s\u0259rf etmir. Bu g\u00fcnl\u0259ri AB\u015e-nin regionda olmas\u0131 Az\u0259rbaycan v\u0259 Erm\u0259nistana bir s\u0131\u011fortad\u0131r. Amerika d\u00fcnyan\u0131n bir n\u00f6mr\u0259li d\u00f6vl\u0259tidir. Onun \u00fc\u00e7\u00fcn d\u0259 bu d\u00f6vl\u0259tl\u0259 99 il m\u00fcdd\u0259tin\u0259 n\u0259z\u0259rd\u0259 tutulan m\u00fcqavil\u0259y\u0259 imza at\u0131lmas\u0131 tarixi bir hadis\u0259dir. Az\u0259rbaycan \u00fc\u00e7\u00fcn h\u0259min koridoru hans\u0131 d\u00f6vl\u0259tin qoruyaca\u011f\u0131 f\u0259rq etmir. Biz\u0259 bu koridor laz\u0131md\u0131r. Nax\u00e7\u0131vanla aram\u0131zda bir k\u00f6rp\u00fcn\u00fcn olmas\u0131 \u00e7ox vacibdir. H\u0259min yoldan istifad\u0259 edib Avropaya v\u0259 Nax\u00e7\u0131vana \u00e7\u0131x\u0131\u015f\u0131m\u0131z olacaq. Burada m\u0259s\u0259l\u0259 t\u0259kc\u0259 Nax\u00e7\u0131van deyil. \u0130ran burada itirir. \u00c7\u00fcnki d\u0259hliz olmadan \u0259sas yol kimi \u0130ran \u0259razisind\u0259n istifad\u0259 olunur. D\u00fczd\u00fcr, h\u0259min yol yen\u0259 d\u0259 in\u015fa olunacaq. Amma \u0259sas kommunikasiyalar bu yoldan n\u0259z\u0259rd\u0259 tutulub. T\u0259bii ki, burada itir\u0259n h\u0259m \u015fimal, h\u0259m d\u0259 c\u0259nub qon\u015fular\u0131m\u0131zd\u0131r. Bu m\u0259s\u0259l\u0259ni 5 il \u00f6nc\u0259 Az\u0259rbaycan qald\u0131randa yax\u015f\u0131 olard\u0131 ki, raz\u0131l\u0131q ver\u0259rdil\u0259r. Amma Rusiya ikiba\u015fl\u0131 oyun oynad\u0131. Gah d\u0259st\u0259k oldu, gah da zaman uzatd\u0131. \u0130ran is\u0259 d\u0259yi\u015fm\u0259z m\u00f6vqeyini son 5 ild\u0259 davam etdirm\u0259kd\u0259dir. Sonra Tramp\u0131n Az\u0259rbaycan v\u0259 Erm\u0259nistan\u0131 bir araya g\u0259tirm\u0259si m\u00fch\u00fcm rol oynad\u0131. Bu s\u0259n\u0259d imzaland\u0131. Art\u0131q s\u00fclh sazi\u015fin\u0259 bir add\u0131m qal\u0131b. Az\u0259rbaycan\u0131n t\u0259l\u0259bl\u0259ri var. Hesab edir\u0259m ki, bu t\u0259l\u0259bl\u0259r yerin\u0259 yetirildikd\u0259n sonra s\u00fclh m\u00fcqavil\u0259si imzalanacaq. Bu da t\u0259kc\u0259 Az\u0259rbaycana deyil, b\u00fct\u00fcn regiona bir u\u011fur olacaq. Sabitliyin olmas\u0131 \u00e7ox vacib m\u0259s\u0259l\u0259dir. Amma bu da, t\u0259\u0259ss\u00fcfl\u0259r olsun ki, \u015fimal v\u0259 c\u0259nub qon\u015fular\u0131m\u0131za s\u0259rf etmir. \u0130ran bu s\u0259n\u0259dd\u0259n sonra Erm\u0259nistana he\u00e7 bir t\u0259sir g\u00f6st\u0259r\u0259 bilm\u0259z. \u00c7\u00fcnki burada Erm\u0259nistan\u0131n qarantiyas\u0131 Amerikad\u0131r. Bilirsiniz ki, art\u0131q ne\u00e7\u0259 ildir s\u0259rh\u0259dind\u0259 Amerika t\u0259liml\u0259r ke\u00e7irir. \u0130ran indi hans\u0131 m\u00fcdaxil\u0259ni edib ki, indi d\u0259 etsin. Art\u0131q Tehran\u0131n h\u0259r hans\u0131 bir add\u0131m atmas\u0131 \u00e7ox gecdir. Ortada art\u0131q qarant bir d\u00f6vl\u0259t var, o da superg\u00fcc olan Amerikad\u0131r. G\u00fcman edir\u0259m ki, h\u0259min m\u0259s\u0259l\u0259 h\u0259llini tapacaq. \u0130ran Erm\u0259nistan\u0131n atd\u0131\u011f\u0131 add\u0131mlarla bar\u0131\u015fma\u011fa m\u0259cburdur. Hesab edir\u0259m ki, bu, bel\u0259 d\u0259 olacaq. Az\u0259rbaycana g\u0259ldikd\u0259 is\u0259, \u0259vv\u0259ld\u0259 d\u0259 qeyd etdiyim kimi, biz\u0259 f\u0259rq etmir, kim n\u0259zar\u0259t ed\u0259c\u0259ks\u0259 etsin\u201d.<\/p>\n<p><strong>Cavan\u015fir ABBASLI,<\/strong><br \/>\n<strong>\u201cYeni M\u00fcsavat\u201d<\/strong><\/p>\n<\/div>\n<div><\/div>\n<div><\/div>\n<div class=\"inner-social-box\">\n<div class=\"subs-in-social subs-whatsapp\"><\/div>\n<\/div>\n","protected":false},"excerpt":{"rendered":"<p>Az\u0259rbaycan \u00fc\u00e7\u00fcn \u201cTramp yolu\u201dna hans\u0131 d\u00f6vl\u0259tin n\u0259zar\u0259t etm\u0259sinin he\u00e7 bir f\u0259rqi yoxdur; avqustun 8-d\u0259n c\u0259nub qon\u015fumuzun yuxusu \u0259r\u015f\u0259 \u00e7\u0259kilib&#8230; \u201c\u0130ran\u0131n b\u0259zi m\u0259tbuat orqanlar\u0131nda v\u0259 sosial \u015f\u0259b\u0259k\u0259l\u0259rd\u0259 Z\u0259ng\u0259zur d\u0259hlizi il\u0259 ba\u011fl\u0131 m\u0259lumatlar t\u0259hrif edilir v\u0259 \u0130ran\u0131n \u015fimal s\u0259rh\u0259dl\u0259rini itirm\u0259si kimi yozulur\u201d. Bunu avqustun 12-d\u0259 Tehranda m\u0259tbuat konfrans\u0131nda \u0130ran h\u00f6kum\u0259tinin s\u00f6z\u00e7\u00fcs\u00fc Fatim\u0259 Mohacerani bildirib. Onun s\u00f6zl\u0259rin\u0259 g\u00f6r\u0259, geni\u015f m\u00fczakir\u0259 olunan Z\u0259ng\u0259zur m\u0259s\u0259l\u0259si \u0130ran\u0131n \u015fimal \u0259razisinin yaln\u0131z ki\u00e7ik bir hiss\u0259sin\u0259 aiddir. O, \u0130ran\u0131n regionda sabitliyin b\u0259rpas\u0131na, d\u00f6vl\u0259tl\u0259rin \u0259razi b\u00fct\u00f6vl\u00fcy\u00fcn\u00fcn qorunmas\u0131na, suverenliyinin qorunmas\u0131na b\u00f6y\u00fck diqq\u0259t yetirdiyini vur\u011fulay\u0131b. Mohacerani bildirib ki, \u0130ran he\u00e7 vaxt qon\u015fu&hellip;<\/p>\n","protected":false},"author":2,"featured_media":820754,"comment_status":"closed","ping_status":"closed","sticky":false,"template":"","format":"standard","meta":{"om_disable_all_campaigns":false,"_monsterinsights_skip_tracking":false,"_monsterinsights_sitenote_active":false,"_monsterinsights_sitenote_note":"","_monsterinsights_sitenote_category":0},"categories":[19],"tags":[],"aioseo_notices":[],"gutentor_comment":0,"rttpg_featured_image_url":{"full":["https:\/\/arantv.az\/wp-content\/uploads\/2025\/08\/d3a5c3e2a70448956fd2097a481571ae.jpg",870,500,false],"landscape":["https:\/\/arantv.az\/wp-content\/uploads\/2025\/08\/d3a5c3e2a70448956fd2097a481571ae.jpg",870,500,false],"portraits":["https:\/\/arantv.az\/wp-content\/uploads\/2025\/08\/d3a5c3e2a70448956fd2097a481571ae.jpg",870,500,false],"thumbnail":["https:\/\/arantv.az\/wp-content\/uploads\/2025\/08\/d3a5c3e2a70448956fd2097a481571ae-500x280.jpg",500,280,true],"medium":["https:\/\/arantv.az\/wp-content\/uploads\/2025\/08\/d3a5c3e2a70448956fd2097a481571ae-635x365.jpg",635,365,true],"large":["https:\/\/arantv.az\/wp-content\/uploads\/2025\/08\/d3a5c3e2a70448956fd2097a481571ae-840x483.jpg",640,368,true],"1536x1536":["https:\/\/arantv.az\/wp-content\/uploads\/2025\/08\/d3a5c3e2a70448956fd2097a481571ae.jpg",870,500,false],"2048x2048":["https:\/\/arantv.az\/wp-content\/uploads\/2025\/08\/d3a5c3e2a70448956fd2097a481571ae.jpg",870,500,false],"post-thumbnail":["https:\/\/arantv.az\/wp-content\/uploads\/2025\/08\/d3a5c3e2a70448956fd2097a481571ae-240x172.jpg",240,172,true],"advps-thumb-one":["https:\/\/arantv.az\/wp-content\/uploads\/2025\/08\/d3a5c3e2a70448956fd2097a481571ae.jpg",870,500,false]},"rttpg_author":{"display_name":"V\u00fcsal Rafiqo\u011flu","author_link":"https:\/\/arantv.az\/?author=2"},"rttpg_comment":0,"rttpg_category":"<a href=\"https:\/\/arantv.az\/?cat=19\" rel=\"category\">G\u00fcnd\u0259m<\/a>","rttpg_excerpt":"Az\u0259rbaycan \u00fc\u00e7\u00fcn \u201cTramp yolu\u201dna hans\u0131 d\u00f6vl\u0259tin n\u0259zar\u0259t etm\u0259sinin he\u00e7 bir f\u0259rqi yoxdur; avqustun 8-d\u0259n c\u0259nub qon\u015fumuzun yuxusu \u0259r\u015f\u0259 \u00e7\u0259kilib&#8230; \u201c\u0130ran\u0131n b\u0259zi m\u0259tbuat orqanlar\u0131nda v\u0259 sosial \u015f\u0259b\u0259k\u0259l\u0259rd\u0259 Z\u0259ng\u0259zur d\u0259hlizi il\u0259 ba\u011fl\u0131 m\u0259lumatlar t\u0259hrif edilir v\u0259 \u0130ran\u0131n \u015fimal s\u0259rh\u0259dl\u0259rini itirm\u0259si kimi yozulur\u201d. Bunu avqustun 12-d\u0259 Tehranda m\u0259tbuat konfrans\u0131nda \u0130ran h\u00f6kum\u0259tinin s\u00f6z\u00e7\u00fcs\u00fc Fatim\u0259 Mohacerani bildirib. Onun s\u00f6zl\u0259rin\u0259 g\u00f6r\u0259,&hellip;","_links":{"self":[{"href":"https:\/\/arantv.az\/index.php?rest_route=\/wp\/v2\/posts\/820753"}],"collection":[{"href":"https:\/\/arantv.az\/index.php?rest_route=\/wp\/v2\/posts"}],"about":[{"href":"https:\/\/arantv.az\/index.php?rest_route=\/wp\/v2\/types\/post"}],"author":[{"embeddable":true,"href":"https:\/\/arantv.az\/index.php?rest_route=\/wp\/v2\/users\/2"}],"replies":[{"embeddable":true,"href":"https:\/\/arantv.az\/index.php?rest_route=%2Fwp%2Fv2%2Fcomments&post=820753"}],"version-history":[{"count":1,"href":"https:\/\/arantv.az\/index.php?rest_route=\/wp\/v2\/posts\/820753\/revisions"}],"predecessor-version":[{"id":820755,"href":"https:\/\/arantv.az\/index.php?rest_route=\/wp\/v2\/posts\/820753\/revisions\/820755"}],"wp:featuredmedia":[{"embeddable":true,"href":"https:\/\/arantv.az\/index.php?rest_route=\/wp\/v2\/media\/820754"}],"wp:attachment":[{"href":"https:\/\/arantv.az\/index.php?rest_route=%2Fwp%2Fv2%2Fmedia&parent=820753"}],"wp:term":[{"taxonomy":"category","embeddable":true,"href":"https:\/\/arantv.az\/index.php?rest_route=%2Fwp%2Fv2%2Fcategories&post=820753"},{"taxonomy":"post_tag","embeddable":true,"href":"https:\/\/arantv.az\/index.php?rest_route=%2Fwp%2Fv2%2Ftags&post=820753"}],"curies":[{"name":"wp","href":"https:\/\/api.w.org\/{rel}","templated":true}]}}