{"id":820764,"date":"2025-08-14T09:31:39","date_gmt":"2025-08-14T05:31:39","guid":{"rendered":"https:\/\/arantv.az\/?p=820764"},"modified":"2025-08-14T09:31:39","modified_gmt":"2025-08-14T05:31:39","slug":"z%c9%99ng%c9%99zur-d%c9%99hlizin%c9%99-n%c9%99zar%c9%99t-ed%c9%99c%c9%99k-olk%c9%99-bakiya-%c9%99n-s%c9%99rf%c9%99lisi","status":"publish","type":"post","link":"https:\/\/arantv.az\/?p=820764","title":{"rendered":"Z\u0259ng\u0259zur d\u0259hlizin\u0259 n\u0259zar\u0259t ed\u0259c\u0259k \u00f6lk\u0259 &#8211; Bak\u0131ya \u0259n s\u0259rf\u0259lisi"},"content":{"rendered":"<h3><strong>AB\u015e-d\u0259n bu mar\u015frutu pozmaq ist\u0259y\u0259nl\u0259r\u0259 s\u0259rt x\u0259b\u0259rdarl\u0131q g\u0259ldi; \u201cTramp yolu\u201dna Ankaran\u0131n kontrol etm\u0259si m\u00fcmk\u00fcnd\u00fcrm\u00fc?<\/strong><\/h3>\n<p><strong>\u201cVa\u015finqtonda \u0130r\u0259van v\u0259 Bak\u0131n\u0131n memorandum imzalamas\u0131nda Ankaran\u0131n m\u00fch\u00fcm rolu olub v\u0259 g\u0259l\u0259c\u0259kd\u0259 onun Z\u0259ng\u0259zur d\u0259hlizinin a\u00e7\u0131lmas\u0131nda i\u015ftirak d\u0259r\u0259c\u0259si AB\u015e-d\u0259n qat-qat y\u00fcks\u0259k olacaq\u201d.<\/strong><\/p>\n<p>\u201cYeni M\u00fcsavat\u201d x\u0259b\u0259r verir ki, bunu erm\u0259ni t\u00fcrkoloq Mger Abramyan deyib.<\/p>\n<p>\u201cBu s\u0259n\u0259dd\u0259n \u0259n \u00e7ox raz\u0131 qalan T\u00fcrkiy\u0259dir. Bel\u0259 des\u0259k, s\u0259n\u0259d T\u00fcrkiy\u0259nin ist\u0259kl\u0259rin\u0259 uy\u011funla\u015fd\u0131r\u0131ld\u0131 v\u0259 Ankara onun AB\u015e-d\u0259 imzalanmas\u0131n\u0131 h\u0259r c\u00fcr t\u0259\u015fviq etdi. \u018fg\u0259r bu m\u0259s\u0259l\u0259y\u0259 Amerika t\u0259r\u0259find\u0259n h\u0259r c\u00fcr \u015f\u0259rait yarad\u0131larsa, o zaman bu m\u0259s\u0259l\u0259y\u0259 ayd\u0131nl\u0131q g\u0259tiril\u0259c\u0259k\u201d, &#8211; ekspert bildirib (Teleqraf).<\/p>\n<p><strong>Abramyana g\u00f6r\u0259, d\u0259hliz\u0259 Ankara n\u0259zar\u0259t ed\u0259c\u0259k, \u00e7\u00fcnki AB\u015e v\u0259 T\u00fcrkiy\u0259 strateji m\u00fctt\u0259fiqdir v\u0259 NATO-nun bir hiss\u0259sidir.<\/strong><\/p>\n<p>Erm\u0259ni analitik qeyd edib ki, NATO-nun son b\u0259yanatlar\u0131 fonunda T\u00fcrkiy\u0259nin regiondak\u0131 rolu art\u0131b v\u0259 \u00f6lk\u0259nin Avropan\u0131n t\u0259hl\u00fck\u0259sizliyini t\u0259min etm\u0259y\u0259 qadir olan Alyans\u0131n \u0259sas d\u00f6vl\u0259tl\u0259rind\u0259n biri kimi vur\u011fulan\u0131r. Abramyana g\u00f6r\u0259, regionda m\u00f6vqel\u0259ri daha da g\u00fccl\u0259n\u0259n T\u00fcrkiy\u0259 C\u0259nubi Qafqazda \u00f6z t\u0259sirini art\u0131r\u0131r, Rusiya v\u0259 \u0130ran\u0131 s\u0131x\u0131\u015fd\u0131r\u0131r.<\/p>\n<p>O, Erm\u0259nistan xarici i\u015fl\u0259r nazirinin m\u00fcavini Vaan Kostanyan\u0131n AB\u015e-nin vasit\u0259\u00e7iliyi il\u0259 Erm\u0259nistanla Az\u0259rbaycan aras\u0131nda \u0259ld\u0259 olunan raz\u0131la\u015fmalar\u0131n \u0130r\u0259vanla Ankara aras\u0131nda m\u00fcnasib\u0259tl\u0259rin normalla\u015fmas\u0131 \u00fc\u00e7\u00fcn m\u00fch\u00fcm imkanlar a\u00e7mas\u0131 bar\u0259d\u0259 b\u0259yanat\u0131n\u0131 da \u015f\u0259rh edib: \u201cB\u0259yannam\u0259nin imzalanmas\u0131n\u0131n T\u00fcrkiy\u0259 il\u0259 m\u00fcnasib\u0259tl\u0259rin normalla\u015fmas\u0131na g\u0259tirib \u00e7\u0131xaraca\u011f\u0131 il\u0259 ba\u011fl\u0131 b\u0259yanat yaln\u0131z ondan ir\u0259li g\u0259lir ki, Erm\u0259nistan hakimiyy\u0259ti Ankaran\u0131n b\u00fct\u00fcn t\u0259l\u0259bl\u0259rini yerin\u0259 yetirir v\u0259 yerin\u0259 yetir\u0259c\u0259k. Ankara b\u00fct\u00fcn \u015f\u0259rtl\u0259ri yerin\u0259 yetirdikd\u0259 \u0130r\u0259vanla m\u00fcnasib\u0259tl\u0259rini normalla\u015fd\u0131racaq\u201d.<\/p>\n<p><strong>Z\u0259ng\u0259zur d\u0259hlizind\u0259 \u0259sas s\u00f6z sahibi kim olacaq? \u201cTramp yolu\u201d n\u0259 d\u0259r\u0259c\u0259d\u0259 uzun\u00f6m\u00fcrl\u00fc ola bil\u0259c\u0259k? Yaxud 8 avqust anla\u015fmas\u0131 post-Tramp d\u00f6n\u0259mind\u0259 d\u0259 \u00f6z q\u00fcvv\u0259sini saxlaya bil\u0259c\u0259kmi?<\/strong><\/p>\n<p><strong><img src=\"https:\/\/news365.az\/storage\/news\/2025\/07\/16\/image_660x441_66796c1f39ae3_1752665410_660x441.jpg\" alt=\"50 g\u00fcnl\u00fck m\u00fcdd\u0259t Rusiyaya t\u0259zyiq vasit\u0259sidir&quot; - Z\u00fcriy\u0259 Qarayeva | news365.az\" \/><\/strong><\/p>\n<p><strong>Z\u00fcriy\u0259 Qarayeva<\/strong><\/p>\n<p>Siyasi ekspert Z\u00fcriy\u0259 Qarayeva T\u00fcrkiy\u0259nin bu prosesi t\u0259\u015fviq etdiyini d\u00fc\u015f\u00fcn\u00fcr v\u0259 Ankaran\u0131n s\u0259hn\u0259 arxas\u0131nda m\u00fch\u00fcm rol oynad\u0131\u011f\u0131n\u0131 hesab edir. Onun fikrinc\u0259, NATO-nun c\u0259nub cinah\u0131na n\u0259zar\u0259t T\u00fcrkiy\u0259y\u0259 h\u0259val\u0259 olunub v\u0259 bu s\u0259b\u0259bd\u0259n Ankaran\u0131n bu t\u0259\u015f\u0259bb\u00fcs\u00fcn realla\u015fmas\u0131nda m\u00fcst\u0259sna \u0259m\u0259yi olub. \u201cPa\u015finyan\u0131n \u0130stanbul s\u0259f\u0259ri v\u0259 c\u0259nab \u018frdo\u011fanla g\u00f6r\u00fc\u015f\u00fc t\u0259sad\u00fcfi deyildi. H\u0259l\u0259 o zaman deyilirdi ki, Erm\u0259nistana b\u0259zi t\u0259limatlar verilib v\u0259 x\u00fcsus\u0259n d\u0259 d\u0259hliz m\u00f6vzusu m\u00fczakir\u0259 edilib. Fikrimc\u0259, \u201dTramp yolu&#8221; \u0130stanbulda d\u0259y\u0259rl\u0259ndirilib. Bunun ard\u0131nca \u018fbu-Dabi g\u00f6r\u00fc\u015f\u00fc, sonra Va\u015finqtonda tarixi anla\u015fma, t\u0259bii ki, qarda\u015f \u00f6lk\u0259nin hadis\u0259l\u0259rd\u0259 m\u00fcsb\u0259t f\u0259aliyy\u0259tini ortaya qoyur. Amma d\u0259hliz\u0259 n\u0259zar\u0259t\u0259 g\u0259linc\u0259, bu logistika T\u00fcrkiy\u0259nin birba\u015fa himay\u0259si alt\u0131nda olmayacaq. G\u00f6r\u00fcnd\u00fcy\u00fc kimi, 99 illik Amerika \u015firk\u0259tin\u0259 icar\u0259y\u0259 verilir. Ona g\u00f6r\u0259 cavabdeh AB\u015e v\u0259 Erm\u0259nistand\u0131r. H\u0259tta Trampdan sonra ba\u015fqa biri prezident olsa bel\u0259, n\u0259tic\u0259 d\u0259yi\u015fm\u0259y\u0259c\u0259k. \u00c7\u00fcnki yol Trampa deyil, Amerikaya icar\u0259 il\u0259 verilir. T\u00fcrkiy\u0259nin is\u0259 mara\u011f\u0131ndad\u0131r ki, onun m\u00fctt\u0259fiqi AB\u015e-nin n\u0259zar\u0259ti alt\u0131nda Z\u0259ng\u0259zur d\u0259hlizi a\u00e7\u0131ls\u0131n. Erm\u0259ni ekspertl\u0259rin s\u00f6yl\u0259dikl\u0259rin\u0259 baxmay\u0131n, onlar ictimai r\u0259y\u0259 t\u0259sir \u00fc\u00e7\u00fcn bel\u0259 fikirl\u0259r s\u0259sl\u0259ndirir. Onsuz da d\u0259hliz v\u0259 s\u0259rh\u0259dl\u0259r a\u00e7\u0131landan sonra T\u00fcrkiy\u0259nin Erm\u0259nistana t\u0259siri artacaq. Nec\u0259 ki, G\u00fcrc\u00fcstanda bunu g\u00f6rm\u0259k olar&#8221;,- ekspert bel\u0259 d\u0259y\u0259rl\u0259ndirib.<\/p>\n<p><img src=\"https:\/\/www.aznews.az\/storage\/2025\/04\/08\/aqsin_kerimov.jpg\" alt=\"Aq\u015fin K\u0259rimov: &quot;Oman dan\u0131\u015f\u0131qlar\u0131 n\u0259tic\u0259 verm\u0259s\u0259, \u0130rana qar\u015f\u0131 \u0259m\u0259liyyatlar  ba\u015flaya bil\u0259r&quot;\" \/><\/p>\n<p><strong>Aq\u015fin K\u0259rimov<\/strong><\/p>\n<p><strong>Siyasi \u015f\u0259rh\u00e7i Aq\u015fin K\u0259rimovun s\u00f6zl\u0259rin\u0259 g\u00f6r\u0259, T\u00fcrkiy\u0259 son g\u0259lin\u0259n prosesl\u0259rd\u0259 arxa kanal diplomatiyas\u0131 il\u0259 n\u0259z\u0259r\u0259 \u00e7arpd\u0131: \u201c\u018fliyevl\u0259 Pa\u015finyan\u0131n raz\u0131l\u0131qlar\u0131, s\u00f6zs\u00fcz ki, T\u00fcrkiy\u0259 maraqlar\u0131n\u0131 da ifad\u0259 ed\u0259r\u0259k Ankaran\u0131n Va\u015finqtonla C\u0259nubi Qafqazdak\u0131 m\u00fc\u015ft\u0259r\u0259k t\u0259msil\u00e7ilik m\u00fcnasib\u0259tl\u0259rini t\u0259\u015fviq edir. Bundan ir\u0259li g\u0259l\u0259r\u0259k Az\u0259rbaycan, T\u00fcrkiy\u0259 v\u0259 AB\u015e Yax\u0131n \u015e\u0259rq regionunda, o c\u00fcml\u0259d\u0259n Suriyada, \u0130raqda, M\u0259rk\u0259zi Asiyada \u00fc\u00e7t\u0259r\u0259fli \u0259m\u0259kda\u015fl\u0131q modeli yarada bil\u0259rl\u0259r\u201d.<\/strong><\/p>\n<p>Xat\u0131rladaq ki, Nax\u00e7\u0131vanla Az\u0259rbaycan\u0131n qalan \u0259razisini Erm\u0259nistan \u00fcz\u0259rind\u0259n birl\u0259\u015fdir\u0259c\u0259k bu 42 kilometrlik yol AB\u015e \u015firk\u0259tin\u0259 h\u0259val\u0259 edil\u0259c\u0259k v\u0259 Beyn\u0259lxalq S\u00fclh v\u0259 Rifah namin\u0259 Tramp Mar\u015frutu adlanacaq. Prezident Tramp bildirib ki, yol 99 illiyin\u0259 icar\u0259y\u0259 veril\u0259c\u0259k, amma sonradan daha 99 il uzad\u0131lacaq. \u0130kinci Qaraba\u011f m\u00fcharib\u0259si bit\u0259nd\u0259n b\u0259ri Az\u0259rbaycanla Erm\u0259nistan bu n\u0259qliyyat yolu il\u0259 ba\u011fl\u0131 he\u00e7 c\u00fcr ortaq m\u0259xr\u0259c\u0259 g\u0259l\u0259 bilmirdi. X\u00fcsusil\u0259 Rusiya 10 noyabr b\u0259yanat\u0131na istinad ed\u0259r\u0259k bu d\u0259hliz\u0259 iddias\u0131n\u0131 h\u0259r f\u00fcrs\u0259td\u0259 ortaya qoyub. \u0130ran\u0131n m\u00fchafiz\u0259kar hakimiyy\u0259t qolu \u201cZ\u0259ng\u0259zur d\u0259hlizi\u201dni \u00f6z\u00fcn\u00fcn \u201cq\u0131rm\u0131z\u0131 x\u0259tti\u201d say\u0131b.<\/p>\n<p>Bu arada AB\u015e D\u00f6vl\u0259t Departamenti \u201cTramp Mar\u015frutu\u201d adlanan v\u0259 Az\u0259rbaycan-Erm\u0259nistan aras\u0131nda Z\u0259ng\u0259zur d\u0259hlizi istiqam\u0259tind\u0259 n\u0259z\u0259rd\u0259 tutulan raz\u0131la\u015fman\u0131 pozmaq c\u0259hdl\u0259rin\u0259 qar\u015f\u0131 a\u00e7\u0131q mesaj verib. \u201cBiz m\u00fc\u0259yy\u0259n h\u0259r\u0259k\u0259tl\u0259rl\u0259 ba\u011fl\u0131 n\u0259 ed\u0259 bil\u0259c\u0259yimiz v\u0259 ya ed\u0259 bilm\u0259y\u0259c\u0259yimiz bar\u0259d\u0259 f\u0259rziyy\u0259l\u0259r qurmaq niyy\u0259tind\u0259 deyilik. B\u00fct\u00fcn d\u00fcnya bilir ki, Prezident Tramp ciddi q\u0259bul olunmal\u0131d\u0131r. Bu raz\u0131la\u015fma onun \u00fc\u00e7\u00fcn \u00f6n\u0259mlidir,\u201d &#8211; D\u00f6vl\u0259t Departamentinin n\u00fcmay\u0259nd\u0259si \u0130ran v\u0259 ya Rusiya t\u0259r\u0259find\u0259n \u201cTramp Mar\u015frutu\u201dnun bloklanmas\u0131 ehtimal\u0131 il\u0259 ba\u011fl\u0131 sual\u0131 cavabland\u0131rark\u0259n bildirib.<\/p>\n<p><strong>Siyasi m\u00fc\u015fahid\u0259\u00e7il\u0259r bildirirl\u0259r ki, bu a\u00e7\u0131qlama h\u0259m \u0130rana, h\u0259m d\u0259 Rusiyaya \u00fcnvanlanm\u0131\u015f s\u0259rt x\u0259b\u0259rdarl\u0131qd\u0131r. \u018fg\u0259r Az\u0259rbaycan v\u0259 Erm\u0259nistan aras\u0131nda Tramp\u0131n t\u0259\u015f\u0259bb\u00fcs\u00fc il\u0259 formala\u015fan yol mar\u015frutu &#8211; y\u0259ni klassik Z\u0259ng\u0259zur d\u0259hlizinin ke\u00e7diyi x\u0259tt &#8211; bloklanarsa, Va\u015finqtonun reaksiyas\u0131 \u00e7ox s\u0259rt olacaq.<\/strong><\/p>\n<p>X\u00fcsusil\u0259 \u0130ran \u00fc\u00e7\u00fcn bu mesaj\u0131n \u0259h\u0259miyy\u0259ti b\u00f6y\u00fckd\u00fcr. Tehran bundan sonra da Z\u0259ng\u0259zuru \u00f6z\u00fcn\u00fcn \u201cq\u0131rm\u0131z\u0131 x\u0259tti\u201d elan ed\u0259r\u0259k a\u00e7\u0131qlamalar ver\u0259rs\u0259, qar\u015f\u0131s\u0131nda birba\u015fa Tramp Administrasiyas\u0131n\u0131 g\u00f6r\u0259c\u0259k. Ekspertl\u0259rin fikrinc\u0259, \u0259slind\u0259 art\u0131q \u0130ran\u0131n \u201cq\u0131rm\u0131z\u0131 x\u0259tt\u201d anlay\u0131\u015f\u0131 real m\u0259zmununu itirib: Tehran\u0131n, T\u0259brizin, Natanz\u0131n bombardman\u0131ndan, \u0130ran Silahl\u0131 Q\u00fcvv\u0259l\u0259rinin komandan\u0131 v\u0259 25-d\u0259n \u00e7ox general\u0131n\u0131n \u00f6ld\u00fcr\u00fclm\u0259sind\u0259n sonra bu ritorika beyn\u0259lxalq arenada ironik qar\u015f\u0131lan\u0131r. Bu bax\u0131mdan Va\u015finqtonun mesaj\u0131 \u0130rana a\u00e7\u0131q \u015f\u0259kild\u0259 bildirir ki, \u201cq\u0131rm\u0131z\u0131 x\u0259tt\u201dini bir ne\u00e7\u0259 y\u00fcz kilometr i\u00e7\u0259ri \u00e7\u0259ksin, \u00e7\u00fcnki regional layih\u0259l\u0259rin qar\u015f\u0131s\u0131n\u0131 almaq \u00fc\u00e7\u00fcn art\u0131q \u0259lind\u0259 real imkan qalmay\u0131b.<\/p>\n<p><strong>Emil SALAMO\u011eLU,<\/strong><br \/>\n<strong>\u201cYeni M\u00fcsavat\u201d<\/strong><\/p>\n","protected":false},"excerpt":{"rendered":"<p>AB\u015e-d\u0259n bu mar\u015frutu pozmaq ist\u0259y\u0259nl\u0259r\u0259 s\u0259rt x\u0259b\u0259rdarl\u0131q g\u0259ldi; \u201cTramp yolu\u201dna Ankaran\u0131n kontrol etm\u0259si m\u00fcmk\u00fcnd\u00fcrm\u00fc? \u201cVa\u015finqtonda \u0130r\u0259van v\u0259 Bak\u0131n\u0131n memorandum imzalamas\u0131nda Ankaran\u0131n m\u00fch\u00fcm rolu olub v\u0259 g\u0259l\u0259c\u0259kd\u0259 onun Z\u0259ng\u0259zur d\u0259hlizinin a\u00e7\u0131lmas\u0131nda i\u015ftirak d\u0259r\u0259c\u0259si AB\u015e-d\u0259n qat-qat y\u00fcks\u0259k olacaq\u201d. \u201cYeni M\u00fcsavat\u201d x\u0259b\u0259r verir ki, bunu erm\u0259ni t\u00fcrkoloq Mger Abramyan deyib. \u201cBu s\u0259n\u0259dd\u0259n \u0259n \u00e7ox raz\u0131 qalan T\u00fcrkiy\u0259dir. Bel\u0259 des\u0259k, s\u0259n\u0259d T\u00fcrkiy\u0259nin ist\u0259kl\u0259rin\u0259 uy\u011funla\u015fd\u0131r\u0131ld\u0131 v\u0259 Ankara onun AB\u015e-d\u0259 imzalanmas\u0131n\u0131 h\u0259r c\u00fcr t\u0259\u015fviq etdi. \u018fg\u0259r bu m\u0259s\u0259l\u0259y\u0259 Amerika t\u0259r\u0259find\u0259n h\u0259r c\u00fcr \u015f\u0259rait yarad\u0131larsa, o zaman bu m\u0259s\u0259l\u0259y\u0259 ayd\u0131nl\u0131q g\u0259tiril\u0259c\u0259k\u201d, &#8211; ekspert bildirib (Teleqraf). Abramyana g\u00f6r\u0259,&hellip;<\/p>\n","protected":false},"author":2,"featured_media":820765,"comment_status":"closed","ping_status":"closed","sticky":false,"template":"","format":"standard","meta":{"om_disable_all_campaigns":false,"_monsterinsights_skip_tracking":false,"_monsterinsights_sitenote_active":false,"_monsterinsights_sitenote_note":"","_monsterinsights_sitenote_category":0},"categories":[4],"tags":[],"aioseo_notices":[],"gutentor_comment":0,"rttpg_featured_image_url":{"full":["https:\/\/arantv.az\/wp-content\/uploads\/2025\/08\/bf39daaf3a4727508a2694c6e381bc77.jpg",700,394,false],"landscape":["https:\/\/arantv.az\/wp-content\/uploads\/2025\/08\/bf39daaf3a4727508a2694c6e381bc77.jpg",700,394,false],"portraits":["https:\/\/arantv.az\/wp-content\/uploads\/2025\/08\/bf39daaf3a4727508a2694c6e381bc77.jpg",700,394,false],"thumbnail":["https:\/\/arantv.az\/wp-content\/uploads\/2025\/08\/bf39daaf3a4727508a2694c6e381bc77-500x280.jpg",500,280,true],"medium":["https:\/\/arantv.az\/wp-content\/uploads\/2025\/08\/bf39daaf3a4727508a2694c6e381bc77-648x365.jpg",648,365,true],"large":["https:\/\/arantv.az\/wp-content\/uploads\/2025\/08\/bf39daaf3a4727508a2694c6e381bc77.jpg",640,360,false],"1536x1536":["https:\/\/arantv.az\/wp-content\/uploads\/2025\/08\/bf39daaf3a4727508a2694c6e381bc77.jpg",700,394,false],"2048x2048":["https:\/\/arantv.az\/wp-content\/uploads\/2025\/08\/bf39daaf3a4727508a2694c6e381bc77.jpg",700,394,false],"post-thumbnail":["https:\/\/arantv.az\/wp-content\/uploads\/2025\/08\/bf39daaf3a4727508a2694c6e381bc77-240x172.jpg",240,172,true],"advps-thumb-one":["https:\/\/arantv.az\/wp-content\/uploads\/2025\/08\/bf39daaf3a4727508a2694c6e381bc77.jpg",700,394,false]},"rttpg_author":{"display_name":"V\u00fcsal Rafiqo\u011flu","author_link":"https:\/\/arantv.az\/?author=2"},"rttpg_comment":0,"rttpg_category":"<a href=\"https:\/\/arantv.az\/?cat=4\" rel=\"category\">Siyas\u0259t<\/a>","rttpg_excerpt":"AB\u015e-d\u0259n bu mar\u015frutu pozmaq ist\u0259y\u0259nl\u0259r\u0259 s\u0259rt x\u0259b\u0259rdarl\u0131q g\u0259ldi; \u201cTramp yolu\u201dna Ankaran\u0131n kontrol etm\u0259si m\u00fcmk\u00fcnd\u00fcrm\u00fc? \u201cVa\u015finqtonda \u0130r\u0259van v\u0259 Bak\u0131n\u0131n memorandum imzalamas\u0131nda Ankaran\u0131n m\u00fch\u00fcm rolu olub v\u0259 g\u0259l\u0259c\u0259kd\u0259 onun Z\u0259ng\u0259zur d\u0259hlizinin a\u00e7\u0131lmas\u0131nda i\u015ftirak d\u0259r\u0259c\u0259si AB\u015e-d\u0259n qat-qat y\u00fcks\u0259k olacaq\u201d. \u201cYeni M\u00fcsavat\u201d x\u0259b\u0259r verir ki, bunu erm\u0259ni t\u00fcrkoloq Mger Abramyan deyib. \u201cBu s\u0259n\u0259dd\u0259n \u0259n \u00e7ox raz\u0131 qalan T\u00fcrkiy\u0259dir. Bel\u0259&hellip;","_links":{"self":[{"href":"https:\/\/arantv.az\/index.php?rest_route=\/wp\/v2\/posts\/820764"}],"collection":[{"href":"https:\/\/arantv.az\/index.php?rest_route=\/wp\/v2\/posts"}],"about":[{"href":"https:\/\/arantv.az\/index.php?rest_route=\/wp\/v2\/types\/post"}],"author":[{"embeddable":true,"href":"https:\/\/arantv.az\/index.php?rest_route=\/wp\/v2\/users\/2"}],"replies":[{"embeddable":true,"href":"https:\/\/arantv.az\/index.php?rest_route=%2Fwp%2Fv2%2Fcomments&post=820764"}],"version-history":[{"count":1,"href":"https:\/\/arantv.az\/index.php?rest_route=\/wp\/v2\/posts\/820764\/revisions"}],"predecessor-version":[{"id":820766,"href":"https:\/\/arantv.az\/index.php?rest_route=\/wp\/v2\/posts\/820764\/revisions\/820766"}],"wp:featuredmedia":[{"embeddable":true,"href":"https:\/\/arantv.az\/index.php?rest_route=\/wp\/v2\/media\/820765"}],"wp:attachment":[{"href":"https:\/\/arantv.az\/index.php?rest_route=%2Fwp%2Fv2%2Fmedia&parent=820764"}],"wp:term":[{"taxonomy":"category","embeddable":true,"href":"https:\/\/arantv.az\/index.php?rest_route=%2Fwp%2Fv2%2Fcategories&post=820764"},{"taxonomy":"post_tag","embeddable":true,"href":"https:\/\/arantv.az\/index.php?rest_route=%2Fwp%2Fv2%2Ftags&post=820764"}],"curies":[{"name":"wp","href":"https:\/\/api.w.org\/{rel}","templated":true}]}}