{"id":820767,"date":"2025-08-14T09:32:28","date_gmt":"2025-08-14T05:32:28","guid":{"rendered":"https:\/\/arantv.az\/?p=820767"},"modified":"2025-08-14T09:32:28","modified_gmt":"2025-08-14T05:32:28","slug":"%c9%99rdogana-erm%c9%99nistanla-s%c9%99rh%c9%99di-ac-t%c9%99l%c9%99bi-bakidan-reaksiya","status":"publish","type":"post","link":"https:\/\/arantv.az\/?p=820767","title":{"rendered":"\u018frdo\u011fana \u201cErm\u0259nistanla s\u0259rh\u0259di a\u00e7\u201d t\u0259l\u0259bi &#8211; Bak\u0131dan reaksiya"},"content":{"rendered":"<p><strong>A\u011f\u0131l verilm\u0259li \u00fcnvan s\u0259hv sal\u0131n\u0131b -\u00e7a\u011f\u0131r\u0131\u015f Erm\u0259nistan hakimiyy\u0259tin\u0259 \u00fcnvanlanmal\u0131d\u0131r<\/strong><\/p>\n<p><em>T\u00fcrkiy\u0259 parlamentinin erm\u0259ni \u0259silli sabiq deputat\u0131 Qaro Paylan Prezident R\u0259c\u0259b Tayyib \u018frdo\u011fana \u00e7a\u011f\u0131r\u0131\u015f ed\u0259r\u0259k, Erm\u0259nistanla s\u0259rh\u0259di d\u0259rhal a\u00e7ma\u011f\u0131 t\u0259l\u0259b edib. Paylan bildirib ki, Bak\u0131 il\u0259 \u0130r\u0259van aras\u0131nda AB\u015e Prezidentinin i\u015ftirak\u0131 il\u0259 imzalanan tarixi sazi\u015f b\u00f6lg\u0259d\u0259 uzun ill\u0259r davam ed\u0259n d\u00fc\u015fm\u0259n\u00e7iliy\u0259 son qoyub v\u0259 yeni s\u00fclh d\u00f6vr\u00fcn\u00fcn ba\u015flan\u011f\u0131c\u0131 \u00fc\u00e7\u00fcn z\u0259min yarad\u0131b.<\/em><\/p>\n<p>\u201cBizim borcumuz bu s\u00fclh\u00fc davaml\u0131 etm\u0259k \u00fc\u00e7\u00fcn d\u0259rhal add\u0131mlar atmaqd\u0131r. C\u0259nab \u018frdo\u011fan, T\u00fcrkiy\u0259 il\u0259 Erm\u0259nistan aras\u0131ndak\u0131 s\u0259rh\u0259di d\u0259rhal a\u00e7\u0131n. Erm\u0259nistan, T\u00fcrkiy\u0259 v\u0259 Az\u0259rbaycan xalqlar\u0131n\u0131 birl\u0259\u015fdirin\u201d, &#8211; dey\u0259 o, \u0259lav\u0259 edib.<\/p>\n<p>Sabiq deputat\u0131n bu \u00e7a\u011f\u0131r\u0131\u015f\u0131 sosial \u015f\u0259b\u0259k\u0259l\u0259rd\u0259 birm\u0259nal\u0131 qar\u015f\u0131lanmay\u0131b. B\u0259zi istifad\u0259\u00e7il\u0259r bunu b\u00f6lg\u0259d\u0259 s\u00fclh\u0259 t\u00f6hf\u0259 ver\u0259c\u0259k m\u00fch\u00fcm add\u0131m kimi d\u0259st\u0259kl\u0259s\u0259 d\u0259, dig\u0259rl\u0259ri h\u0259l\u0259 d\u0259 m\u00f6vcud siyasi v\u0259 tarixi g\u0259rginlikl\u0259rin tam aradan qalxmad\u0131\u011f\u0131n\u0131 bildir\u0259r\u0259k ehtiyatl\u0131 yana\u015f\u0131rlar.<\/p>\n<p>B\u0259s s\u00fclh sazi\u015finin imzalanmas\u0131nad\u0259k T\u00fcrkiy\u0259-Erm\u0259nistan s\u0259rh\u0259dinin a\u00e7\u0131lmas\u0131 m\u00fcmk\u00fcnm\u00fc? O halda Rusiyan\u0131n qon\u015fu Pa\u015finyan h\u00f6kum\u0259tin\u0259 t\u0259sir imkanlar\u0131 n\u0259 d\u0259r\u0259c\u0259d\u0259 azala bil\u0259r? S\u0259rh\u0259dd\u0259n rus h\u0259rb\u00e7il\u0259rin \u00e7\u0131xar\u0131lmas\u0131 m\u00fcmk\u00fcnd\u00fcrm\u00fc?<\/p>\n<p><img loading=\"lazy\" src=\"https:\/\/www.kaspi.az\/storage\/posts\/large\/6237352abe013.jpg\" alt=\"F\u0259r\u0259c Quliyev: \u201cErm\u0259nistan\u0131n i\u015f\u011fal\u00e7\u0131 ordusu t\u0259r\u0259find\u0259n girov g\u00f6t\u00fcr\u00fclm\u00fc\u015f  y\u00fczl\u0259rl\u0259 qad\u0131n bu g\u00fcn Zod q\u0131z\u0131l m\u0259d\u0259nl\u0259rind\u0259 qul kimi i\u015fl\u0259dilir\u201d | Kaspi.az\" width=\"626\" height=\"438\" \/><\/p>\n<p><strong>F\u0259r\u0259c Quliyev<\/strong><\/p>\n<p>Milli Dir\u00e7\u0259li\u015f H\u0259r\u0259kat\u0131 Partiyas\u0131n\u0131n s\u0259dri\u00a0<strong>F\u0259r\u0259c Quliyev<\/strong>\u00a0\u201cYeni M\u00fcsavat\u201da bildirdi ki, Qaro Paylan art\u0131q b\u00f6lg\u0259d\u0259 s\u00fclh\u00fcn olmas\u0131nda maraql\u0131 oldu\u011funu g\u00f6st\u0259rm\u0259k ist\u0259yir. Halbuki zaman-zaman Paylan erm\u0259nil\u0259ri q\u0131z\u0131\u015fd\u0131ran, Az\u0259rbaycan\u0131n maraqlar\u0131na qar\u015f\u0131 olan b\u0259yanatlarla \u00e7\u0131x\u0131\u015f edib. \u201cN\u0259 q\u0259d\u0259r ki, Az\u0259rbaycan torpaqlar\u0131 Erm\u0259nistan\u0131n i\u015f\u011fal\u0131 alt\u0131nda idi, Paylan kimi erm\u0259nil\u0259r Erm\u0259nistan-Az\u0259rbaycan-T\u00fcrkiy\u0259 yax\u0131nla\u015fmas\u0131, iki xalq\u0131n aras\u0131nda m\u00fcnasib\u0259tl\u0259rin d\u00fcz\u0259lm\u0259si \u00fc\u00e7\u00fcn \u00e7a\u011f\u0131r\u0131\u015flar etmirdil\u0259r. He\u00e7 zaman erm\u0259nil\u0259r\u0259, Erm\u0259nistan d\u00f6vl\u0259tin\u0259 s\u00fclh\u00fcn, \u0259m\u0259kda\u015fl\u0131\u011f\u0131n qurulmas\u0131 \u00fc\u00e7\u00fcn i\u015f\u011fal\u00e7\u0131 siyas\u0259td\u0259n imtina etm\u0259yin z\u0259ruriliyi bar\u0259d\u0259 m\u00fcraci\u0259t \u00fcnvanlam\u0131rd\u0131lar. \u0130ndi v\u0259ziyy\u0259t d\u0259yi\u015fib v\u0259 bu d\u0259yi\u015fim\u0259 uy\u011fun m\u00f6vqe ortaya qoymalar\u0131 t\u0259biidir. Qaro Paylan ist\u0259yir ki, yeni v\u0259ziyy\u0259td\u0259n bir avantaj g\u00f6t\u00fcrs\u00fcnl\u0259r. Paylan s\u00fclh \u00e7a\u011f\u0131r\u0131\u015f\u0131nda s\u0259mimidirs\u0259, ba\u015fqa bir m\u00fcraci\u0259ti d\u0259 m\u00fctl\u0259q Erm\u0259nistan hakimiyy\u0259tin\u0259 v\u0259 c\u0259miyy\u0259tin\u0259 etm\u0259lidir. O, Nikol Pa\u015finyana, Erm\u0259nistan parlamentin\u0259, Erm\u0259nistan m\u00fcxalif\u0259tin\u0259 Az\u0259rbaycan v\u0259 T\u00fcrkiy\u0259 xalqlar\u0131 il\u0259 birl\u0259\u015fm\u0259k, bu \u00f6lk\u0259l\u0259r\u0259 qar\u015f\u0131 \u0259razi iddialar\u0131n\u0131 k\u0259nara qoymaq \u00e7a\u011f\u0131r\u0131\u015f\u0131 etm\u0259lidir. Onda hesab ed\u0259rik ki, \u018frdo\u011fana \u00e7a\u011f\u0131r\u0131\u015f\u0131nda s\u0259mimidir\u201d, &#8211; F.Quliyev deyib.<\/p>\n<p>Partiya s\u0259drinin s\u00f6zl\u0259rin\u0259 g\u00f6r\u0259, Paylan \u00f6z\u00fc d\u0259 \u0259slind\u0259 yax\u015f\u0131 bilir ki, xalqlar\u0131n yax\u0131nla\u015fmas\u0131na, d\u00f6vl\u0259tl\u0259rin aras\u0131nda \u0259laq\u0259l\u0259rin qurulmas\u0131na n\u0259 T\u00fcrkiy\u0259, n\u0259 d\u0259 Az\u0259rbaycan mane olur. Mane\u0259 Erm\u0259nistan\u0131n konstitusiyas\u0131nda, gerbind\u0259 v\u0259 dig\u0259r be\u015f s\u0259n\u0259dind\u0259 Az\u0259rbaycana, T\u00fcrkiy\u0259y\u0259 qar\u015f\u0131 \u0259razi iddialar\u0131n\u0131n h\u0259l\u0259 d\u0259 qalmas\u0131d\u0131r. \u201cDem\u0259li, xalqlar\u0131n aras\u0131nda \u0259laq\u0259l\u0259r\u0259, d\u00f6vl\u0259tl\u0259rin aras\u0131nda \u0259m\u0259kda\u015fl\u0131\u011fa Erm\u0259nistan d\u00f6vl\u0259ti \u0259ng\u0259ldir. Ona g\u00f6r\u0259 d\u0259 Paylan \u00e7a\u011f\u0131r\u0131\u015f\u0131 ilk n\u00f6vb\u0259d\u0259 Erm\u0259nistan r\u0259hb\u0259rliyin\u0259 v\u0259 xalq\u0131na \u00fcnvanlamal\u0131d\u0131r. T\u00fcrkiy\u0259 liderinin, h\u0259m\u00e7inin Az\u0259rbaycan liderinin, h\u0259r iki d\u00f6vl\u0259tin m\u00f6vqeyi ayd\u0131nd\u0131r v\u0259 d\u0259f\u0259l\u0259rl\u0259 b\u0259yan edilib ki, Erm\u0259nistanla \u0259laq\u0259l\u0259rin qurulmas\u0131 Erm\u0259nistan\u0131n biz\u0259 qar\u015f\u0131 \u0259razi iddialar\u0131ndan, i\u015f\u011fal\u00e7\u0131l\u0131q niyy\u0259tl\u0259rind\u0259n \u0259l \u00e7\u0259km\u0259sind\u0259n as\u0131l\u0131d\u0131r. T\u00fcrkiy\u0259 Erm\u0259nistanla s\u0259rh\u0259dl\u0259rinin a\u00e7\u0131lmas\u0131n\u0131n da bundan as\u0131l\u0131 oldu\u011funu d\u0259f\u0259l\u0259rl\u0259 b\u0259yan edib. Bu m\u00f6vqe ayd\u0131n \u015f\u0259kild\u0259 ortada oldu\u011fu bir vaxtda Qaro Paylan\u0131n T\u00fcrkiy\u0259 Prezidentin\u0259\u00a0 \u00f6z\u00fc d\u0259 t\u0259l\u0259b formas\u0131nda \u00e7a\u011f\u0131r\u0131\u015f etm\u0259si absurddur. Paylan\u0131n Erm\u0259nistan hakimiyy\u0259tin\u0259 a\u011f\u0131l verm\u0259sin\u0259 ehtiyac var. Ona g\u00f6r\u0259 d\u0259 Paylan\u0131n \u00e7a\u011f\u0131r\u0131\u015f\u0131n\u0131n s\u0259rh\u0259dl\u0259rin a\u00e7\u0131lmas\u0131na t\u0259sir ed\u0259c\u0259yi g\u00f6zl\u0259nilmir. S\u00fclh m\u00fcqavil\u0259sinin imzalanmas\u0131 \u00fc\u00e7\u00fcn Erm\u0259nistan konstitusiyas\u0131ndak\u0131 Az\u0259rbaycana qar\u015f\u0131 \u0259razi iddias\u0131 aradan qald\u0131r\u0131lmal\u0131d\u0131r. Bu is\u0259 o dem\u0259kdir ki, s\u0259rh\u0259dl\u0259rin a\u00e7\u0131lmas\u0131nda da m\u0259hz bu amil rol oynayacaq\u201d -F.Quliyev bildirib.<\/p>\n<p>M\u00fcsahibmiz onu da qeyd edib ki, Erm\u0259nistanla Az\u0259rbaycan aras\u0131nda s\u00fclh sazi\u015fi imzaland\u0131qdan, T\u00fcrkiy\u0259 il\u0259 s\u0259rh\u0259dl\u0259r a\u00e7\u0131ld\u0131qdan, Z\u0259ng\u0259zur d\u0259hlizi a\u00e7\u0131l\u0131b istifad\u0259y\u0259 veridlikd\u0259n sonra Erm\u0259nistan\u0131n iqtisadi v\u0259ziyy\u0259ti d\u00fcz\u0259lm\u0259y\u0259 ba\u015flayacaq: \u201cBel\u0259 v\u0259ziyy\u0259td\u0259 is\u0259 Rusiyan\u0131n Erm\u0259nistana t\u0259zyiq v\u0259 t\u0259sir imkanlar\u0131 azalacaq. Bu zaman is\u0259 Erm\u0259nistan hakimiyy\u0259ti \u00f6lk\u0259nin s\u0259rh\u0259dl\u0259rind\u0259n Rusiya h\u0259rbi q\u00fcvv\u0259l\u0259rinin \u00e7\u0131xar\u0131lmas\u0131 m\u0259s\u0259l\u0259sini qald\u0131ra bil\u0259r.<\/p>\n<p><strong>Etibar SEY\u0130DA\u011eA,<\/strong><br \/>\n<strong>\u201cYeni M\u00fcsavat\u201d<\/strong><\/p>\n","protected":false},"excerpt":{"rendered":"<p>A\u011f\u0131l verilm\u0259li \u00fcnvan s\u0259hv sal\u0131n\u0131b -\u00e7a\u011f\u0131r\u0131\u015f Erm\u0259nistan hakimiyy\u0259tin\u0259 \u00fcnvanlanmal\u0131d\u0131r T\u00fcrkiy\u0259 parlamentinin erm\u0259ni \u0259silli sabiq deputat\u0131 Qaro Paylan Prezident R\u0259c\u0259b Tayyib \u018frdo\u011fana \u00e7a\u011f\u0131r\u0131\u015f ed\u0259r\u0259k, Erm\u0259nistanla s\u0259rh\u0259di d\u0259rhal a\u00e7ma\u011f\u0131 t\u0259l\u0259b edib. Paylan bildirib ki, Bak\u0131 il\u0259 \u0130r\u0259van aras\u0131nda AB\u015e Prezidentinin i\u015ftirak\u0131 il\u0259 imzalanan tarixi sazi\u015f b\u00f6lg\u0259d\u0259 uzun ill\u0259r davam ed\u0259n d\u00fc\u015fm\u0259n\u00e7iliy\u0259 son qoyub v\u0259 yeni s\u00fclh d\u00f6vr\u00fcn\u00fcn ba\u015flan\u011f\u0131c\u0131 \u00fc\u00e7\u00fcn z\u0259min yarad\u0131b. \u201cBizim borcumuz bu s\u00fclh\u00fc davaml\u0131 etm\u0259k \u00fc\u00e7\u00fcn d\u0259rhal add\u0131mlar atmaqd\u0131r. C\u0259nab \u018frdo\u011fan, T\u00fcrkiy\u0259 il\u0259 Erm\u0259nistan aras\u0131ndak\u0131 s\u0259rh\u0259di d\u0259rhal a\u00e7\u0131n. Erm\u0259nistan, T\u00fcrkiy\u0259 v\u0259 Az\u0259rbaycan xalqlar\u0131n\u0131 birl\u0259\u015fdirin\u201d, &#8211; dey\u0259 o, \u0259lav\u0259 edib. Sabiq&hellip;<\/p>\n","protected":false},"author":2,"featured_media":820768,"comment_status":"closed","ping_status":"closed","sticky":false,"template":"","format":"standard","meta":{"om_disable_all_campaigns":false,"_monsterinsights_skip_tracking":false,"_monsterinsights_sitenote_active":false,"_monsterinsights_sitenote_note":"","_monsterinsights_sitenote_category":0},"categories":[4],"tags":[],"aioseo_notices":[],"gutentor_comment":0,"rttpg_featured_image_url":{"full":["https:\/\/arantv.az\/wp-content\/uploads\/2025\/08\/7d5f86d0ea6af732965ec6c401bb0987.jpg",850,500,false],"landscape":["https:\/\/arantv.az\/wp-content\/uploads\/2025\/08\/7d5f86d0ea6af732965ec6c401bb0987.jpg",850,500,false],"portraits":["https:\/\/arantv.az\/wp-content\/uploads\/2025\/08\/7d5f86d0ea6af732965ec6c401bb0987.jpg",850,500,false],"thumbnail":["https:\/\/arantv.az\/wp-content\/uploads\/2025\/08\/7d5f86d0ea6af732965ec6c401bb0987-500x280.jpg",500,280,true],"medium":["https:\/\/arantv.az\/wp-content\/uploads\/2025\/08\/7d5f86d0ea6af732965ec6c401bb0987-621x365.jpg",621,365,true],"large":["https:\/\/arantv.az\/wp-content\/uploads\/2025\/08\/7d5f86d0ea6af732965ec6c401bb0987-840x494.jpg",640,376,true],"1536x1536":["https:\/\/arantv.az\/wp-content\/uploads\/2025\/08\/7d5f86d0ea6af732965ec6c401bb0987.jpg",850,500,false],"2048x2048":["https:\/\/arantv.az\/wp-content\/uploads\/2025\/08\/7d5f86d0ea6af732965ec6c401bb0987.jpg",850,500,false],"post-thumbnail":["https:\/\/arantv.az\/wp-content\/uploads\/2025\/08\/7d5f86d0ea6af732965ec6c401bb0987-240x172.jpg",240,172,true],"advps-thumb-one":["https:\/\/arantv.az\/wp-content\/uploads\/2025\/08\/7d5f86d0ea6af732965ec6c401bb0987.jpg",850,500,false]},"rttpg_author":{"display_name":"V\u00fcsal Rafiqo\u011flu","author_link":"https:\/\/arantv.az\/?author=2"},"rttpg_comment":0,"rttpg_category":"<a href=\"https:\/\/arantv.az\/?cat=4\" rel=\"category\">Siyas\u0259t<\/a>","rttpg_excerpt":"A\u011f\u0131l verilm\u0259li \u00fcnvan s\u0259hv sal\u0131n\u0131b -\u00e7a\u011f\u0131r\u0131\u015f Erm\u0259nistan hakimiyy\u0259tin\u0259 \u00fcnvanlanmal\u0131d\u0131r T\u00fcrkiy\u0259 parlamentinin erm\u0259ni \u0259silli sabiq deputat\u0131 Qaro Paylan Prezident R\u0259c\u0259b Tayyib \u018frdo\u011fana \u00e7a\u011f\u0131r\u0131\u015f ed\u0259r\u0259k, Erm\u0259nistanla s\u0259rh\u0259di d\u0259rhal a\u00e7ma\u011f\u0131 t\u0259l\u0259b edib. Paylan bildirib ki, Bak\u0131 il\u0259 \u0130r\u0259van aras\u0131nda AB\u015e Prezidentinin i\u015ftirak\u0131 il\u0259 imzalanan tarixi sazi\u015f b\u00f6lg\u0259d\u0259 uzun ill\u0259r davam ed\u0259n d\u00fc\u015fm\u0259n\u00e7iliy\u0259 son qoyub v\u0259 yeni s\u00fclh d\u00f6vr\u00fcn\u00fcn&hellip;","_links":{"self":[{"href":"https:\/\/arantv.az\/index.php?rest_route=\/wp\/v2\/posts\/820767"}],"collection":[{"href":"https:\/\/arantv.az\/index.php?rest_route=\/wp\/v2\/posts"}],"about":[{"href":"https:\/\/arantv.az\/index.php?rest_route=\/wp\/v2\/types\/post"}],"author":[{"embeddable":true,"href":"https:\/\/arantv.az\/index.php?rest_route=\/wp\/v2\/users\/2"}],"replies":[{"embeddable":true,"href":"https:\/\/arantv.az\/index.php?rest_route=%2Fwp%2Fv2%2Fcomments&post=820767"}],"version-history":[{"count":2,"href":"https:\/\/arantv.az\/index.php?rest_route=\/wp\/v2\/posts\/820767\/revisions"}],"predecessor-version":[{"id":820770,"href":"https:\/\/arantv.az\/index.php?rest_route=\/wp\/v2\/posts\/820767\/revisions\/820770"}],"wp:featuredmedia":[{"embeddable":true,"href":"https:\/\/arantv.az\/index.php?rest_route=\/wp\/v2\/media\/820768"}],"wp:attachment":[{"href":"https:\/\/arantv.az\/index.php?rest_route=%2Fwp%2Fv2%2Fmedia&parent=820767"}],"wp:term":[{"taxonomy":"category","embeddable":true,"href":"https:\/\/arantv.az\/index.php?rest_route=%2Fwp%2Fv2%2Fcategories&post=820767"},{"taxonomy":"post_tag","embeddable":true,"href":"https:\/\/arantv.az\/index.php?rest_route=%2Fwp%2Fv2%2Ftags&post=820767"}],"curies":[{"name":"wp","href":"https:\/\/api.w.org\/{rel}","templated":true}]}}