{"id":820771,"date":"2025-08-14T09:33:14","date_gmt":"2025-08-14T05:33:14","guid":{"rendered":"https:\/\/arantv.az\/?p=820771"},"modified":"2025-08-14T09:33:40","modified_gmt":"2025-08-14T05:33:40","slug":"postsovet-olk%c9%99l%c9%99rin%c9%99-yeni-h%c9%99d%c9%99-rus-dunyasi-t%c9%99hluk%c9%99si","status":"publish","type":"post","link":"https:\/\/arantv.az\/?p=820771","title":{"rendered":"Postsovet \u00f6lk\u0259l\u0259rin\u0259 yeni h\u0259d\u0259 &#8211; \u201cRus d\u00fcnyas\u0131\u201d t\u0259hl\u00fck\u0259si"},"content":{"rendered":"<h3><strong>Duqinin \u201c\u00c7ar var &#8211; beyin yoxdur\u201d ifad\u0259si Putinin strategiyas\u0131n\u0131n iflasa u\u011frad\u0131\u011f\u0131n\u0131 g\u00f6st\u0259rir; Rusiya \u201cb\u00f6y\u00fck d\u00f6vl\u0259t statusunu\u201d b\u0259rpa etm\u0259k haz\u0131rl\u0131\u011f\u0131nda &#8211; t\u0259hlil<\/strong><\/h3>\n<p><strong>Az\u0259rbaycan, AB\u015e v\u0259 Erm\u0259nistan liderl\u0259rinin A\u011f Evd\u0259 imzalad\u0131\u011f\u0131 Birg\u0259 B\u0259yannam\u0259d\u0259n \u0259n \u00e7ox Rusiyan\u0131n narahat olaca\u011f\u0131 g\u00f6zl\u0259nilirdi. El\u0259 d\u0259 oldu. H\u0259r\u00e7\u0259nd Ukrayna m\u0259s\u0259l\u0259sin\u0259 g\u00f6r\u0259 r\u0259smi Moskva \u00f6z t\u0259la\u015f\u0131n\u0131, h\u0259l\u0259 ki, tam b\u00fcruz\u0259 vermir.<\/strong><\/p>\n<p>Kreml\u0259 yax\u0131n avrasiya\u00e7\u0131 politoloq, mifik \u201cRus d\u00fcnyas\u0131\u201dn\u0131n \u0259sas ideoloqlar\u0131ndan v\u0259 t\u0259bli\u011fat\u00e7\u0131lar\u0131ndan olan Aleksandr Duqin is\u0259 art\u0131q \u00f6z\u00fcn\u0259 xas t\u0259rzd\u0259 hadis\u0259y\u0259 reaksiya bildirib. O, Va\u015finqton anla\u015fmas\u0131n\u0131 \u201cRusiyan\u0131n C\u0259nubi Qafqazdak\u0131 siyas\u0259tinin iflas\u0131\u201d adland\u0131r\u0131b.<\/p>\n<p>\u201cRusiya regionda n\u00fcfuzunu itirib, g\u00fcnahkarlar is\u0259 c\u0259zas\u0131z qal\u0131r. S\u0259hvl\u0259ri etiraf etm\u0259k v\u0259 b\u00f6y\u00fck d\u00f6vl\u0259t statusunu b\u0259rpa etm\u0259k zaman\u0131d\u0131r\u201d, &#8211; Duqin q\u0259z\u0259bini gizl\u0259tm\u0259yib.<\/p>\n<p>Onun s\u00f6zl\u0259rin\u0259 g\u00f6r\u0259, sazi\u015f Rusiyan\u0131n g\u00fccs\u00fczl\u00fcy\u00fcn\u00fcn s\u00fcbutudur: \u201cBiz art\u0131q postsovet m\u0259kan\u0131na da n\u0259zar\u0259t etmirik. \u018fg\u0259r burada biz\u0259 h\u00f6rm\u0259t edilm\u0259s\u0259, d\u00fcnya s\u0259hn\u0259sind\u0259 biziml\u0259 kim hesabla\u015facaq? Bu, sad\u0259c\u0259, m\u0259\u011flubiyy\u0259t deyil, h\u0259r bir rusun \u00fcz\u00fcn\u0259 vurulan \u015fill\u0259dir\u201d.<\/p>\n<p><img src=\"https:\/\/img.redaktor.az\/news\/2025\/01\/photo_268119.jpg\" alt=\"Kimdir Aleksandr Duqin?\" \/><\/p>\n<p><strong>Ard\u0131nca is\u0259 deyib: \u201cPa\u015finyan\u0131 v\u0259 \u018fliyevi g\u00fcnahland\u0131rmaqla \u00f6z\u00fcn\u00fcz\u0259 haqq qazand\u0131ra bilm\u0259zsiniz. Etiraf etm\u0259liyik ki, biz uduzduq, \u00e7\u00fcnki dan\u0131\u015f\u0131qlar\u0131 d\u00fczg\u00fcn adamlara h\u0259val\u0259 etm\u0259dik. \u018fg\u0259r bunu al\u00e7ald\u0131c\u0131 hal kimi q\u0259bul etm\u0259s\u0259k, suveren sivilizasiya olmaqdan \u00e7\u0131xaca\u011f\u0131q. G\u00fcnahkar cavab verm\u0259lidir. Ya biz \u00f6z maraqlar\u0131n\u0131 m\u00fcdafi\u0259 etm\u0259y\u0259 qadir imperiyay\u0131q, ya da \u201dm\u00fctt\u0259fiql\u0259rimizin&#8221; biz\u0259 x\u0259yan\u0259ti il\u0259 bar\u0131\u015fmal\u0131y\u0131q. \u018fdal\u0259t olmasa, g\u0259l\u0259c\u0259yimiz d\u0259 yoxdur&#8221;.<\/strong><\/p>\n<p>G\u00f6r\u0259s\u0259n, hans\u0131 \u0259dal\u0259td\u0259n dan\u0131\u015f\u0131r Duqin? N\u0259 dem\u0259k \u201c\u00f6z maraqlar\u0131n\u0131 m\u00fcdafi\u0259 el\u0259m\u0259y\u0259 qadir imperiya\u201d qurmaq, \u201cb\u00f6y\u00fck d\u00f6vl\u0259t statusunu b\u0259rpa etm\u0259k zaman\u0131\u201d, yaxud \u201cart\u0131q postsovet m\u0259kan\u0131na da n\u0259zar\u0259t etmirik\u201d gileyi? Rusiya nec\u0259, hans\u0131 yolla \u201cn\u0259zar\u0259ti\u201d v\u0259 \u201cb\u00f6y\u00fck d\u00f6vl\u0259t statusunu\u201d b\u0259rpa ed\u0259c\u0259k? Ukraynadak\u0131 kimi?<\/p>\n<p>Duqin h\u0259m\u00e7inin m\u00fcasir Rusiyan\u0131n siyasi idar\u0259etm\u0259 b\u00f6hran\u0131n\u0131 s\u0259rt t\u0259nqid edib. O, bug\u00fcnk\u00fc durumu Rusiya imperiyas\u0131n\u0131n son ill\u0259ri v\u0259 SSR\u0130-nin yenid\u0259nqurma d\u00f6vr\u00fc il\u0259 m\u00fcqayis\u0259 ed\u0259r\u0259k deyib ki, o zaman da formal hakimiyy\u0259t var idi &#8211; \u00c7ar, Siyasi B\u00fcro, KPSS, KQB v\u0259 \u0259razil\u0259r \u00fcz\u0259rind\u0259 (Qazax\u0131stan, Ukrayna, G\u00fcrc\u00fcstan, Az\u0259rbaycan, Erm\u0259nistan, Moldova, Baltikyan\u0131 \u00f6lk\u0259l\u0259r) n\u0259zar\u0259t m\u00f6vcud idi, lakin strateji r\u0259hb\u0259rlik yox idi. Duqin indi d\u0259 eyni v\u0259ziyy\u0259tin ya\u015fand\u0131\u011f\u0131n\u0131 bildirib: \u201c\u00c7ar var, amma beyin yoxdur. \u00d6lk\u0259 ba\u015fs\u0131z toyuq kimi h\u0259r\u0259k\u0259t edir.\u201d<\/p>\n<p><strong>Bu a\u00e7\u0131qlama ekspertl\u0259r t\u0259r\u0259find\u0259n birba\u015fa Vladimir Putin\u0259 y\u00f6n\u0259lmi\u015f siyasi ismar\u0131\u015f kimi qiym\u0259tl\u0259ndirilir. \u00c7\u00fcnki Putinin son ill\u0259rd\u0259 \u0259sas m\u0259qs\u0259di Rus \u0130mperiyas\u0131n\u0131 geni\u015fl\u0259ndirm\u0259k, \u201ctarixi s\u0259rh\u0259dl\u0259ri\u201d b\u0259rpa etm\u0259k idi. O, bu iddia il\u0259 Ukraynaya h\u00fccum etdi, \u201c\u015e\u0259rqi slavyanlar\u0131n birl\u0259\u015fdirilm\u0259si\u201d plan\u0131n\u0131 ir\u0259li s\u00fcrd\u00fc. Lakin art\u0131q 3 il yar\u0131md\u0131r davam ed\u0259n qanl\u0131 m\u00fcharib\u0259 iki slavyan xalq\u0131n\u0131 qar\u015f\u0131-qar\u015f\u0131ya qoymaqla yana\u015f\u0131, Rusiyan\u0131 beyn\u0259lxalq arenada tam t\u0259crid v\u0259ziyy\u0259tin\u0259 sal\u0131b. Q\u0259rb d\u00f6vl\u0259tl\u0259ri s\u0259rt sanksiyalar t\u0259tbiq edib, Moskva diplomatik v\u0259 iqtisadi blokada il\u0259 \u00fcz-\u00fcz\u0259 qal\u0131b.<\/strong><\/p>\n<p>Putinin yanl\u0131\u015f siyas\u0259ti n\u0259tic\u0259sind\u0259 Rusiya t\u0259kc\u0259 n\u00fcfuz dair\u0259sini geni\u015fl\u0259ndir\u0259 bilm\u0259di, \u0259ksin\u0259, onu daraltd\u0131. C\u0259nubi Qafqazda \u0259sas forpostu olan Erm\u0259nistan\u0131 itirdi, Az\u0259rbaycanla m\u00fcnasib\u0259tl\u0259r k\u0259skin g\u0259rginl\u0259\u015fdi. Bu, Rusiyan\u0131n regiondak\u0131 t\u0259sir imkanlar\u0131n\u0131n xeyli z\u0259ifl\u0259m\u0259si il\u0259 n\u0259tic\u0259l\u0259ndi. Duqinin \u201c\u00c7ar var &#8211; beyin yoxdur\u201d ifad\u0259si, \u0259slind\u0259 Kremlin m\u00f6vcud strategiyas\u0131n\u0131n iflasa u\u011frad\u0131\u011f\u0131n\u0131 v\u0259 idar\u0259etm\u0259d\u0259 ideya bo\u015flu\u011funun yarand\u0131\u011f\u0131n\u0131 a\u00e7\u0131q \u015f\u0259kild\u0259 g\u00f6st\u0259rir.<\/p>\n<p><img src=\"https:\/\/lh3.googleusercontent.com\/proxy\/q9kKRl2fV-Zieef4KU3_3m-oh9YoTCEm_dvuK8h_QJ4xcgRvCRdaskaexWhaswGkLL86Iy95xAQ7-7RZ1kCWXkV_u0Ebv7n9bKjzxgA8AmvKcA4ToFWdokmUbeUSmA\" alt=\"Professor Qabil H\u00fcseynlinin 70 ili - yubilyara t\u0259brik mesaj\u0131...\" \/><\/p>\n<p><strong>Qabil H\u00fcseynli\u00a0<\/strong><\/p>\n<p><strong>Professor Qabil H\u00fcseynli \u201cYeni M\u00fcsavat\u201da a\u00e7\u0131qlamas\u0131nda qeyd edib ki, bu b\u0259yanatlar Rusiyan\u0131n isterika i\u00e7\u0259risind\u0259 oldu\u011funu g\u00f6st\u0259rir. Onun s\u00f6zl\u0259rin\u0259 g\u00f6r\u0259, Kreml strateji m\u0259\u011flubiyy\u0259tini etiraf edir v\u0259 imperiya zehniyy\u0259tini gizl\u0259d\u0259 bilmir: \u201cDan\u0131\u015fan Duqin olsa da, \u0259slind\u0259 Putindir. Rusiya hirsind\u0259n dodaqlar\u0131n\u0131 \u00e7eyn\u0259yir v\u0259 fiaskoya u\u011frayan Ukrayna \u0259m\u0259liyyat\u0131n\u0131n alt\u0131n\u0131 \u00e7\u0259kir. Bunun n\u0259tic\u0259l\u0259ri onun postsovet m\u0259kan\u0131nda, C\u0259nubi Qafqazda, Suriyada m\u00f6vqel\u0259rini itirm\u0259sidir. Duqin d\u0259 bunu dem\u0259k ist\u0259yir ki, biz ke\u00e7mi\u015f SSR\u0130 m\u0259kan\u0131nda a\u011fa idik, \u201darxa ba\u011f\u00e7am\u0131z&#8221; \u0259limizd\u0259n \u00e7\u0131x\u0131b. X\u00fcsus\u0259n d\u0259 C\u0259nubi Qafqaz Rusiyan\u0131n \u201c\u00fcr\u0259yi\u201d idi v\u0259 Birl\u0259\u015fmi\u015f \u015etatlar onu \u00fcr\u0259yind\u0259n \u201cvurdu\u201d. \u018fg\u0259r Duqinin sahibi olan Kreml lideri s\u0259mimi \u015f\u0259kild\u0259 s\u00fclh ist\u0259s\u0259ydi, sazi\u015f Va\u015finqtonda deyil, Moskvada paraflana bil\u0259rdi. Ancaq Rusiya s\u00fclh \u0259leyhdar\u0131d\u0131r, b\u00f6lg\u0259ni h\u0259r zaman qar\u0131\u015fd\u0131rmaq, m\u00fcnaqi\u015f\u0259 v\u0259ziyy\u0259tind\u0259 saxlamaqda maraql\u0131 olub. Bel\u0259 bir qon\u015fudan vaxtil\u0259 forpostu olmu\u015f Erm\u0259nistan da uzaqla\u015far, dig\u0259r postsovet respublikalar\u0131 da. Rusiya bu d\u00f6vl\u0259tl\u0259r \u00fc\u00e7\u00fcn c\u0259lbedici deyil, \u00e7\u00fcnki yax\u015f\u0131 he\u00e7 n\u0259 t\u0259klif etmir. Ona g\u00f6r\u0259 d\u0259 Duqin v\u0259 Kreml saray\u0131nda olanlar Rusiyan\u0131n regionu n\u0259 \u00fc\u00e7\u00fcn itirm\u0259sinin s\u0259b\u0259bl\u0259rini \u00f6zl\u0259rind\u0259 axtarmal\u0131d\u0131rlar&#8221;.<\/strong><\/p>\n<p>Q.H\u00fcseynli hesab edir ki, Rusiyan\u0131n Ukrayna c\u0259bh\u0259sind\u0259 di\u015fl\u0259ri \u00e7\u0259kilib v\u0259 \u0259vv\u0259lki g\u00fcc\u00fc qalmay\u0131b: \u201cDuqin d\u0259 bunu etiraf edir. Bu s\u0259b\u0259bd\u0259n, Rusiya t\u0259hl\u00fck\u0259li oldu\u011fu q\u0259d\u0259r d\u0259 z\u0259ifdir. Y\u0259ni onun yeni c\u0259bh\u0259l\u0259r a\u00e7maq, postsovet \u00f6lk\u0259l\u0259rin\u0259 h\u00fccum \u00fc\u00e7\u00fcn heyi qalmay\u0131b. \u00dcst\u0259lik, \u00f6lk\u0259l\u0259rin t\u0259r\u0259fda\u015flar\u0131, m\u00fctt\u0259fiql\u0259ri var. Art\u0131q C\u0259nubi Qafqaz v\u0259 Orta Asiya t\u0259kl\u0259n\u0259 bilm\u0259z. Biz T\u00fcrkiy\u0259nin, AB\u015e-nin, \u00c7inin, Avropa Birliyinin h\u0259r iki regionda t\u0259sirl\u0259rinin artd\u0131\u011f\u0131n\u0131 bilm\u0259liyik. Rusiya \u0259vv\u0259lki ritorika il\u0259 dan\u0131\u015fa bilm\u0259z. Ancaq, t\u0259bii ki, b\u00f6lg\u0259 d\u00f6vl\u0259tl\u0259ri \u00fc\u00e7\u00fcn t\u0259hl\u00fck\u0259siz d\u0259 deyil. Rusiya t\u0259f\u0259kk\u00fcr\u00fcn\u00fc, imperiya zehniyy\u0259tini, doktrinas\u0131n\u0131 d\u0259yi\u015fm\u0259yinc\u0259, qon\u015fular\u0131 il\u0259 normal m\u00fcnasib\u0259tl\u0259r qura bilm\u0259y\u0259c\u0259k. \u018fg\u0259r bu \u00f6lk\u0259l\u0259r yax\u0131n qon\u015funu qoyub uzaq Amerikaya, Avropaya p\u0259nah apar\u0131rsa, ona inteqrasiya etm\u0259yi se\u00e7irs\u0259, dem\u0259li, s\u0259b\u0259bi var. Rusiya is\u0259 qaba, t\u0259cav\u00fczkar siyas\u0259tind\u0259n imtina etm\u0259lidir. Duqinin \u00e7\u0131x\u0131\u015f\u0131 da bu bax\u0131mdan \u0259h\u0259miyy\u0259tlidir ki, Rusiya art\u0131q \u015fizofrenik yana\u015fmalar ortaya qoyur. Bu da m\u0259\u011flubiyy\u0259tin g\u00f6st\u0259ricisidir. Uduzan t\u0259r\u0259f h\u0259mi\u015f\u0259 q\u0259z\u0259bli olur. M\u0259n ilk g\u00fcnd\u0259n demi\u015fdim ki, Rusiya Ukrayna m\u00fcharib\u0259sind\u0259n qalib \u00e7\u0131xmayacaq v\u0259 bu da n\u0259tic\u0259sidir. \u0130ndi Putin Tramp\u0131n aya\u011f\u0131na gedir ki, s\u00fcr\u00fcn\u0259n sava\u015f\u0131 dayand\u0131rs\u0131nlar. \u00c7\u00fcnki resurslar t\u00fck\u0259nir\u201d.<\/p>\n<p><strong>Emil SALAMO\u011eLU,<\/strong><br \/>\n<strong>\u201cYeni M\u00fcsavat\u201d<\/strong><\/p>\n","protected":false},"excerpt":{"rendered":"<p>Duqinin \u201c\u00c7ar var &#8211; beyin yoxdur\u201d ifad\u0259si Putinin strategiyas\u0131n\u0131n iflasa u\u011frad\u0131\u011f\u0131n\u0131 g\u00f6st\u0259rir; Rusiya \u201cb\u00f6y\u00fck d\u00f6vl\u0259t statusunu\u201d b\u0259rpa etm\u0259k haz\u0131rl\u0131\u011f\u0131nda &#8211; t\u0259hlil Az\u0259rbaycan, AB\u015e v\u0259 Erm\u0259nistan liderl\u0259rinin A\u011f Evd\u0259 imzalad\u0131\u011f\u0131 Birg\u0259 B\u0259yannam\u0259d\u0259n \u0259n \u00e7ox Rusiyan\u0131n narahat olaca\u011f\u0131 g\u00f6zl\u0259nilirdi. El\u0259 d\u0259 oldu. H\u0259r\u00e7\u0259nd Ukrayna m\u0259s\u0259l\u0259sin\u0259 g\u00f6r\u0259 r\u0259smi Moskva \u00f6z t\u0259la\u015f\u0131n\u0131, h\u0259l\u0259 ki, tam b\u00fcruz\u0259 vermir. Kreml\u0259 yax\u0131n avrasiya\u00e7\u0131 politoloq, mifik \u201cRus d\u00fcnyas\u0131\u201dn\u0131n \u0259sas ideoloqlar\u0131ndan v\u0259 t\u0259bli\u011fat\u00e7\u0131lar\u0131ndan olan Aleksandr Duqin is\u0259 art\u0131q \u00f6z\u00fcn\u0259 xas t\u0259rzd\u0259 hadis\u0259y\u0259 reaksiya bildirib. O, Va\u015finqton anla\u015fmas\u0131n\u0131 \u201cRusiyan\u0131n C\u0259nubi Qafqazdak\u0131 siyas\u0259tinin iflas\u0131\u201d adland\u0131r\u0131b. \u201cRusiya regionda n\u00fcfuzunu itirib, g\u00fcnahkarlar is\u0259&hellip;<\/p>\n","protected":false},"author":2,"featured_media":820772,"comment_status":"closed","ping_status":"closed","sticky":false,"template":"","format":"standard","meta":{"om_disable_all_campaigns":false,"_monsterinsights_skip_tracking":false,"_monsterinsights_sitenote_active":false,"_monsterinsights_sitenote_note":"","_monsterinsights_sitenote_category":0},"categories":[19],"tags":[],"aioseo_notices":[],"gutentor_comment":0,"rttpg_featured_image_url":{"full":["https:\/\/arantv.az\/wp-content\/uploads\/2025\/08\/9ed9bb8f1b0fc2c4cb11ebe98fa203fd.png",592,341,false],"landscape":["https:\/\/arantv.az\/wp-content\/uploads\/2025\/08\/9ed9bb8f1b0fc2c4cb11ebe98fa203fd.png",592,341,false],"portraits":["https:\/\/arantv.az\/wp-content\/uploads\/2025\/08\/9ed9bb8f1b0fc2c4cb11ebe98fa203fd.png",592,341,false],"thumbnail":["https:\/\/arantv.az\/wp-content\/uploads\/2025\/08\/9ed9bb8f1b0fc2c4cb11ebe98fa203fd-500x280.png",500,280,true],"medium":["https:\/\/arantv.az\/wp-content\/uploads\/2025\/08\/9ed9bb8f1b0fc2c4cb11ebe98fa203fd.png",592,341,false],"large":["https:\/\/arantv.az\/wp-content\/uploads\/2025\/08\/9ed9bb8f1b0fc2c4cb11ebe98fa203fd.png",592,341,false],"1536x1536":["https:\/\/arantv.az\/wp-content\/uploads\/2025\/08\/9ed9bb8f1b0fc2c4cb11ebe98fa203fd.png",592,341,false],"2048x2048":["https:\/\/arantv.az\/wp-content\/uploads\/2025\/08\/9ed9bb8f1b0fc2c4cb11ebe98fa203fd.png",592,341,false],"post-thumbnail":["https:\/\/arantv.az\/wp-content\/uploads\/2025\/08\/9ed9bb8f1b0fc2c4cb11ebe98fa203fd-240x172.png",240,172,true],"advps-thumb-one":["https:\/\/arantv.az\/wp-content\/uploads\/2025\/08\/9ed9bb8f1b0fc2c4cb11ebe98fa203fd.png",592,341,false]},"rttpg_author":{"display_name":"V\u00fcsal Rafiqo\u011flu","author_link":"https:\/\/arantv.az\/?author=2"},"rttpg_comment":0,"rttpg_category":"<a href=\"https:\/\/arantv.az\/?cat=19\" rel=\"category\">G\u00fcnd\u0259m<\/a>","rttpg_excerpt":"Duqinin \u201c\u00c7ar var &#8211; beyin yoxdur\u201d ifad\u0259si Putinin strategiyas\u0131n\u0131n iflasa u\u011frad\u0131\u011f\u0131n\u0131 g\u00f6st\u0259rir; Rusiya \u201cb\u00f6y\u00fck d\u00f6vl\u0259t statusunu\u201d b\u0259rpa etm\u0259k haz\u0131rl\u0131\u011f\u0131nda &#8211; t\u0259hlil Az\u0259rbaycan, AB\u015e v\u0259 Erm\u0259nistan liderl\u0259rinin A\u011f Evd\u0259 imzalad\u0131\u011f\u0131 Birg\u0259 B\u0259yannam\u0259d\u0259n \u0259n \u00e7ox Rusiyan\u0131n narahat olaca\u011f\u0131 g\u00f6zl\u0259nilirdi. El\u0259 d\u0259 oldu. H\u0259r\u00e7\u0259nd Ukrayna m\u0259s\u0259l\u0259sin\u0259 g\u00f6r\u0259 r\u0259smi Moskva \u00f6z t\u0259la\u015f\u0131n\u0131, h\u0259l\u0259 ki, tam b\u00fcruz\u0259 vermir. Kreml\u0259 yax\u0131n&hellip;","_links":{"self":[{"href":"https:\/\/arantv.az\/index.php?rest_route=\/wp\/v2\/posts\/820771"}],"collection":[{"href":"https:\/\/arantv.az\/index.php?rest_route=\/wp\/v2\/posts"}],"about":[{"href":"https:\/\/arantv.az\/index.php?rest_route=\/wp\/v2\/types\/post"}],"author":[{"embeddable":true,"href":"https:\/\/arantv.az\/index.php?rest_route=\/wp\/v2\/users\/2"}],"replies":[{"embeddable":true,"href":"https:\/\/arantv.az\/index.php?rest_route=%2Fwp%2Fv2%2Fcomments&post=820771"}],"version-history":[{"count":2,"href":"https:\/\/arantv.az\/index.php?rest_route=\/wp\/v2\/posts\/820771\/revisions"}],"predecessor-version":[{"id":820774,"href":"https:\/\/arantv.az\/index.php?rest_route=\/wp\/v2\/posts\/820771\/revisions\/820774"}],"wp:featuredmedia":[{"embeddable":true,"href":"https:\/\/arantv.az\/index.php?rest_route=\/wp\/v2\/media\/820772"}],"wp:attachment":[{"href":"https:\/\/arantv.az\/index.php?rest_route=%2Fwp%2Fv2%2Fmedia&parent=820771"}],"wp:term":[{"taxonomy":"category","embeddable":true,"href":"https:\/\/arantv.az\/index.php?rest_route=%2Fwp%2Fv2%2Fcategories&post=820771"},{"taxonomy":"post_tag","embeddable":true,"href":"https:\/\/arantv.az\/index.php?rest_route=%2Fwp%2Fv2%2Ftags&post=820771"}],"curies":[{"name":"wp","href":"https:\/\/api.w.org\/{rel}","templated":true}]}}