{"id":820911,"date":"2025-08-15T08:11:20","date_gmt":"2025-08-15T04:11:20","guid":{"rendered":"https:\/\/arantv.az\/?p=820911"},"modified":"2025-08-15T08:11:20","modified_gmt":"2025-08-15T04:11:20","slug":"naxcivanda-agir-yol-q%c9%99zasinda-avtomobil-hiss%c9%99l%c9%99r%c9%99-bolunub-iki-n%c9%99f%c9%99r-olub","status":"publish","type":"post","link":"https:\/\/arantv.az\/?p=820911","title":{"rendered":"Nax\u00e7\u0131vanda a\u011f\u0131r yol q\u0259zas\u0131nda avtomobil hiss\u0259l\u0259r\u0259 b\u00f6l\u00fcn\u00fcb, iki n\u0259f\u0259r \u00f6l\u00fcb"},"content":{"rendered":"<p>Nax\u00e7\u0131vanda iki n\u0259f\u0259rin \u00f6l\u00fcm\u00fc il\u0259 n\u0259tic\u0259l\u0259n\u0259n yol q\u0259zas\u0131 ba\u015f verib.<\/p>\n<p>\u201cReport\u201dun yerli b\u00fcrosu x\u0259b\u0259r verir ki, hadis\u0259 Bab\u0259k rayonunun Qahab k\u0259ndi \u0259razisind\u0259 qeyd\u0259 al\u0131n\u0131b.<\/p>\n<p>Bel\u0259 ki, 33 ya\u015fl\u0131 Zamanov M\u00f6hl\u0259t Baxt\u0131camal o\u011flunun idar\u0259 etdiyi \u201cMercedes\u201d markal\u0131 avtomobil \u201cFord\u201d markal\u0131 n\u0259qliyyat vasit\u0259sil\u0259 toqqu\u015fub.<\/p>\n<p>N\u0259tic\u0259d\u0259 Bab\u0259k rayon Qahab k\u0259nd sakini, Zamanov M\u00f6hl\u0259t Baxt\u0131camal o\u011flu v\u0259 27 ya\u015fl\u0131 Bab\u0259k rayon Nax\u0131\u015fn\u0259rgiz k\u0259nd sakini, Zamanov M\u0259nsur M\u0259rdan o\u011flu hadis\u0259 yerind\u0259 d\u00fcnyas\u0131n\u0131 d\u0259yi\u015fib.<\/p>\n<p>Avtomobilin dig\u0259r s\u0259rni\u015fini, Nax\u0131\u015fn\u0259rgiz k\u0259nd sakini, 30 ya\u015fl\u0131 Zamanov \u015e\u00f6hr\u0259t Ayd\u0131n is\u0259 a\u011f\u0131r b\u0259d\u0259n x\u0259sar\u0259tl\u0259ri il\u0259 Nax\u00e7\u0131van Muxtar Respublika x\u0259st\u0259xanas\u0131n\u0131n travmatologiya \u015f\u00f6b\u0259sin\u0259 yerl\u0259\u015fdirilib. Onun v\u0259ziyy\u0259tinin orta-a\u011f\u0131r oldu\u011fu deyilir. .<\/p>\n<p>Hadis\u0259 yerin\u0259 Daxili \u0130\u015fl\u0259r Nazirliyinin \u0259m\u0259kda\u015flar\u0131 v\u0259 FHN-nin X\u00fcsusi xilasetm\u0259 qrupu c\u0259lb olunub. Faktla ba\u011fl\u0131 ara\u015fd\u0131rma apar\u0131l\u0131r.<\/p>\n<p>Qeyd ed\u0259k ki, yol q\u0259zas\u0131nda \u201cMercedes\u201d markal\u0131 avtomobil hiss\u0259l\u0259r\u0259 b\u00f6l\u00fcn\u00fcb.<\/p>\n","protected":false},"excerpt":{"rendered":"<p>Nax\u00e7\u0131vanda iki n\u0259f\u0259rin \u00f6l\u00fcm\u00fc il\u0259 n\u0259tic\u0259l\u0259n\u0259n yol q\u0259zas\u0131 ba\u015f verib. \u201cReport\u201dun yerli b\u00fcrosu x\u0259b\u0259r verir ki, hadis\u0259 Bab\u0259k rayonunun Qahab k\u0259ndi \u0259razisind\u0259 qeyd\u0259 al\u0131n\u0131b. Bel\u0259 ki, 33 ya\u015fl\u0131 Zamanov M\u00f6hl\u0259t Baxt\u0131camal o\u011flunun idar\u0259 etdiyi \u201cMercedes\u201d markal\u0131 avtomobil \u201cFord\u201d markal\u0131 n\u0259qliyyat vasit\u0259sil\u0259 toqqu\u015fub. N\u0259tic\u0259d\u0259 Bab\u0259k rayon Qahab k\u0259nd sakini, Zamanov M\u00f6hl\u0259t Baxt\u0131camal o\u011flu v\u0259 27 ya\u015fl\u0131 Bab\u0259k rayon Nax\u0131\u015fn\u0259rgiz k\u0259nd sakini, Zamanov M\u0259nsur M\u0259rdan o\u011flu hadis\u0259 yerind\u0259 d\u00fcnyas\u0131n\u0131 d\u0259yi\u015fib. Avtomobilin dig\u0259r s\u0259rni\u015fini, Nax\u0131\u015fn\u0259rgiz k\u0259nd sakini, 30 ya\u015fl\u0131 Zamanov \u015e\u00f6hr\u0259t Ayd\u0131n is\u0259 a\u011f\u0131r b\u0259d\u0259n x\u0259sar\u0259tl\u0259ri il\u0259 Nax\u00e7\u0131van Muxtar Respublika x\u0259st\u0259xanas\u0131n\u0131n travmatologiya \u015f\u00f6b\u0259sin\u0259&hellip;<\/p>\n","protected":false},"author":2,"featured_media":820912,"comment_status":"closed","ping_status":"closed","sticky":false,"template":"","format":"standard","meta":{"om_disable_all_campaigns":false,"_monsterinsights_skip_tracking":false,"_monsterinsights_sitenote_active":false,"_monsterinsights_sitenote_note":"","_monsterinsights_sitenote_category":0},"categories":[5],"tags":[],"aioseo_notices":[],"gutentor_comment":0,"rttpg_featured_image_url":{"full":["https:\/\/arantv.az\/wp-content\/uploads\/2025\/08\/e30cce62500b09af9ab9830ecfcc994e.png",806,500,false],"landscape":["https:\/\/arantv.az\/wp-content\/uploads\/2025\/08\/e30cce62500b09af9ab9830ecfcc994e.png",806,500,false],"portraits":["https:\/\/arantv.az\/wp-content\/uploads\/2025\/08\/e30cce62500b09af9ab9830ecfcc994e.png",806,500,false],"thumbnail":["https:\/\/arantv.az\/wp-content\/uploads\/2025\/08\/e30cce62500b09af9ab9830ecfcc994e-500x280.png",500,280,true],"medium":["https:\/\/arantv.az\/wp-content\/uploads\/2025\/08\/e30cce62500b09af9ab9830ecfcc994e-588x365.png",588,365,true],"large":["https:\/\/arantv.az\/wp-content\/uploads\/2025\/08\/e30cce62500b09af9ab9830ecfcc994e.png",640,397,false],"1536x1536":["https:\/\/arantv.az\/wp-content\/uploads\/2025\/08\/e30cce62500b09af9ab9830ecfcc994e.png",806,500,false],"2048x2048":["https:\/\/arantv.az\/wp-content\/uploads\/2025\/08\/e30cce62500b09af9ab9830ecfcc994e.png",806,500,false],"post-thumbnail":["https:\/\/arantv.az\/wp-content\/uploads\/2025\/08\/e30cce62500b09af9ab9830ecfcc994e-240x172.png",240,172,true],"advps-thumb-one":["https:\/\/arantv.az\/wp-content\/uploads\/2025\/08\/e30cce62500b09af9ab9830ecfcc994e.png",806,500,false]},"rttpg_author":{"display_name":"V\u00fcsal Rafiqo\u011flu","author_link":"https:\/\/arantv.az\/?author=2"},"rttpg_comment":0,"rttpg_category":"<a href=\"https:\/\/arantv.az\/?cat=5\" rel=\"category\">Hadis\u0259<\/a>","rttpg_excerpt":"Nax\u00e7\u0131vanda iki n\u0259f\u0259rin \u00f6l\u00fcm\u00fc il\u0259 n\u0259tic\u0259l\u0259n\u0259n yol q\u0259zas\u0131 ba\u015f verib. \u201cReport\u201dun yerli b\u00fcrosu x\u0259b\u0259r verir ki, hadis\u0259 Bab\u0259k rayonunun Qahab k\u0259ndi \u0259razisind\u0259 qeyd\u0259 al\u0131n\u0131b. Bel\u0259 ki, 33 ya\u015fl\u0131 Zamanov M\u00f6hl\u0259t Baxt\u0131camal o\u011flunun idar\u0259 etdiyi \u201cMercedes\u201d markal\u0131 avtomobil \u201cFord\u201d markal\u0131 n\u0259qliyyat vasit\u0259sil\u0259 toqqu\u015fub. N\u0259tic\u0259d\u0259 Bab\u0259k rayon Qahab k\u0259nd sakini, Zamanov M\u00f6hl\u0259t Baxt\u0131camal o\u011flu v\u0259 27 ya\u015fl\u0131&hellip;","_links":{"self":[{"href":"https:\/\/arantv.az\/index.php?rest_route=\/wp\/v2\/posts\/820911"}],"collection":[{"href":"https:\/\/arantv.az\/index.php?rest_route=\/wp\/v2\/posts"}],"about":[{"href":"https:\/\/arantv.az\/index.php?rest_route=\/wp\/v2\/types\/post"}],"author":[{"embeddable":true,"href":"https:\/\/arantv.az\/index.php?rest_route=\/wp\/v2\/users\/2"}],"replies":[{"embeddable":true,"href":"https:\/\/arantv.az\/index.php?rest_route=%2Fwp%2Fv2%2Fcomments&post=820911"}],"version-history":[{"count":1,"href":"https:\/\/arantv.az\/index.php?rest_route=\/wp\/v2\/posts\/820911\/revisions"}],"predecessor-version":[{"id":820913,"href":"https:\/\/arantv.az\/index.php?rest_route=\/wp\/v2\/posts\/820911\/revisions\/820913"}],"wp:featuredmedia":[{"embeddable":true,"href":"https:\/\/arantv.az\/index.php?rest_route=\/wp\/v2\/media\/820912"}],"wp:attachment":[{"href":"https:\/\/arantv.az\/index.php?rest_route=%2Fwp%2Fv2%2Fmedia&parent=820911"}],"wp:term":[{"taxonomy":"category","embeddable":true,"href":"https:\/\/arantv.az\/index.php?rest_route=%2Fwp%2Fv2%2Fcategories&post=820911"},{"taxonomy":"post_tag","embeddable":true,"href":"https:\/\/arantv.az\/index.php?rest_route=%2Fwp%2Fv2%2Ftags&post=820911"}],"curies":[{"name":"wp","href":"https:\/\/api.w.org\/{rel}","templated":true}]}}