{"id":82102,"date":"2019-09-28T10:17:48","date_gmt":"2019-09-28T07:17:48","guid":{"rendered":"http:\/\/arantv.az\/?p=82102"},"modified":"2019-09-28T10:17:48","modified_gmt":"2019-09-28T07:17:48","slug":"istanbullular-z%c9%99lz%c9%99l%c9%99-qorxusundan-parklarda-yatirlar","status":"publish","type":"post","link":"https:\/\/arantv.az\/?p=82102","title":{"rendered":"\u0130stanbullular z\u0259lz\u0259l\u0259 qorxusundan parklarda yat\u0131rlar"},"content":{"rendered":"<p>Sentyabr\u0131n 26-da \u0130stanbulun Silivri rayonunda ba\u015f ver\u0259n 5,8 maqnitudal\u0131 z\u0259lz\u0259l\u0259d\u0259n iki g\u00fcn ke\u00e7m\u0259sin\u0259 baxmayaraq, sakinl\u0259r h\u0259l\u0259 d\u0259 gec\u0259l\u0259r qorxudan k\u00fc\u00e7\u0259d\u0259 yat\u0131rlar.<\/p>\n<p><b>ARANTV.AZ\u00a0<\/b>\u00a0qafqazinfo-ya istinad\u0259n x\u0259b\u0259r verir ki, v\u0259t\u0259nda\u015flar F\u00f6vq\u0259lad\u0259 Hallar\u0131n \u0130dar\u0259 Olunmas\u0131 Agentliyinin (AFAD) parklarda qurdu\u011fu \u00e7ad\u0131rlarda gec\u0259l\u0259yirl\u0259r.<\/p>\n<p>Qeyd ed\u0259k ki, t\u00fcrkiy\u0259li aliml\u0259r yeni z\u0259lz\u0259l\u0259l\u0259rin ola bil\u0259c\u0259yini ehtimal edirl\u0259r.<\/p>\n","protected":false},"excerpt":{"rendered":"<p>Sentyabr\u0131n 26-da \u0130stanbulun Silivri rayonunda ba\u015f ver\u0259n 5,8 maqnitudal\u0131 z\u0259lz\u0259l\u0259d\u0259n iki g\u00fcn ke\u00e7m\u0259sin\u0259 baxmayaraq, sakinl\u0259r h\u0259l\u0259 d\u0259 gec\u0259l\u0259r qorxudan k\u00fc\u00e7\u0259d\u0259 yat\u0131rlar. ARANTV.AZ\u00a0\u00a0qafqazinfo-ya istinad\u0259n x\u0259b\u0259r verir ki, v\u0259t\u0259nda\u015flar F\u00f6vq\u0259lad\u0259 Hallar\u0131n \u0130dar\u0259 Olunmas\u0131 Agentliyinin (AFAD) parklarda qurdu\u011fu \u00e7ad\u0131rlarda gec\u0259l\u0259yirl\u0259r. Qeyd ed\u0259k ki, t\u00fcrkiy\u0259li aliml\u0259r yeni z\u0259lz\u0259l\u0259l\u0259rin ola bil\u0259c\u0259yini ehtimal edirl\u0259r.<\/p>\n","protected":false},"author":2,"featured_media":82103,"comment_status":"closed","ping_status":"closed","sticky":false,"template":"","format":"standard","meta":{"om_disable_all_campaigns":false,"_monsterinsights_skip_tracking":false,"_monsterinsights_sitenote_active":false,"_monsterinsights_sitenote_note":"","_monsterinsights_sitenote_category":0},"categories":[7],"tags":[],"aioseo_notices":[],"gutentor_comment":0,"rttpg_featured_image_url":{"full":["https:\/\/arantv.az\/wp-content\/uploads\/2019\/09\/789904.jpg",549,412,false],"landscape":["https:\/\/arantv.az\/wp-content\/uploads\/2019\/09\/789904.jpg",549,412,false],"portraits":["https:\/\/arantv.az\/wp-content\/uploads\/2019\/09\/789904.jpg",549,412,false],"thumbnail":["https:\/\/arantv.az\/wp-content\/uploads\/2019\/09\/789904-150x150.jpg",150,150,true],"medium":["https:\/\/arantv.az\/wp-content\/uploads\/2019\/09\/789904-300x225.jpg",300,225,true],"large":["https:\/\/arantv.az\/wp-content\/uploads\/2019\/09\/789904.jpg",549,412,false],"1536x1536":["https:\/\/arantv.az\/wp-content\/uploads\/2019\/09\/789904.jpg",549,412,false],"2048x2048":["https:\/\/arantv.az\/wp-content\/uploads\/2019\/09\/789904.jpg",549,412,false],"post-thumbnail":["https:\/\/arantv.az\/wp-content\/uploads\/2019\/09\/789904-240x172.jpg",240,172,true],"advps-thumb-one":["https:\/\/arantv.az\/wp-content\/uploads\/2019\/09\/789904.jpg",549,412,false]},"rttpg_author":{"display_name":"V\u00fcsal Rafiqo\u011flu","author_link":"https:\/\/arantv.az\/?author=2"},"rttpg_comment":0,"rttpg_category":"<a href=\"https:\/\/arantv.az\/?cat=7\" rel=\"category\">D\u00fcnya<\/a>","rttpg_excerpt":"Sentyabr\u0131n 26-da \u0130stanbulun Silivri rayonunda ba\u015f ver\u0259n 5,8 maqnitudal\u0131 z\u0259lz\u0259l\u0259d\u0259n iki g\u00fcn ke\u00e7m\u0259sin\u0259 baxmayaraq, sakinl\u0259r h\u0259l\u0259 d\u0259 gec\u0259l\u0259r qorxudan k\u00fc\u00e7\u0259d\u0259 yat\u0131rlar. ARANTV.AZ\u00a0\u00a0qafqazinfo-ya istinad\u0259n x\u0259b\u0259r verir ki, v\u0259t\u0259nda\u015flar F\u00f6vq\u0259lad\u0259 Hallar\u0131n \u0130dar\u0259 Olunmas\u0131 Agentliyinin (AFAD) parklarda qurdu\u011fu \u00e7ad\u0131rlarda gec\u0259l\u0259yirl\u0259r. Qeyd ed\u0259k ki, t\u00fcrkiy\u0259li aliml\u0259r yeni z\u0259lz\u0259l\u0259l\u0259rin ola bil\u0259c\u0259yini ehtimal edirl\u0259r.","_links":{"self":[{"href":"https:\/\/arantv.az\/index.php?rest_route=\/wp\/v2\/posts\/82102"}],"collection":[{"href":"https:\/\/arantv.az\/index.php?rest_route=\/wp\/v2\/posts"}],"about":[{"href":"https:\/\/arantv.az\/index.php?rest_route=\/wp\/v2\/types\/post"}],"author":[{"embeddable":true,"href":"https:\/\/arantv.az\/index.php?rest_route=\/wp\/v2\/users\/2"}],"replies":[{"embeddable":true,"href":"https:\/\/arantv.az\/index.php?rest_route=%2Fwp%2Fv2%2Fcomments&post=82102"}],"version-history":[{"count":0,"href":"https:\/\/arantv.az\/index.php?rest_route=\/wp\/v2\/posts\/82102\/revisions"}],"wp:featuredmedia":[{"embeddable":true,"href":"https:\/\/arantv.az\/index.php?rest_route=\/wp\/v2\/media\/82103"}],"wp:attachment":[{"href":"https:\/\/arantv.az\/index.php?rest_route=%2Fwp%2Fv2%2Fmedia&parent=82102"}],"wp:term":[{"taxonomy":"category","embeddable":true,"href":"https:\/\/arantv.az\/index.php?rest_route=%2Fwp%2Fv2%2Fcategories&post=82102"},{"taxonomy":"post_tag","embeddable":true,"href":"https:\/\/arantv.az\/index.php?rest_route=%2Fwp%2Fv2%2Ftags&post=82102"}],"curies":[{"name":"wp","href":"https:\/\/api.w.org\/{rel}","templated":true}]}}