{"id":821079,"date":"2025-08-15T21:18:59","date_gmt":"2025-08-15T17:18:59","guid":{"rendered":"https:\/\/arantv.az\/?p=821079"},"modified":"2025-08-15T21:18:59","modified_gmt":"2025-08-15T17:18:59","slug":"yanvar-iyun-aylarinda-az%c9%99rbaycanda-45-mind%c9%99n-cox-korp%c9%99-dogulub","status":"publish","type":"post","link":"https:\/\/arantv.az\/?p=821079","title":{"rendered":"Yanvar-iyun aylar\u0131nda Az\u0259rbaycanda 45 mind\u0259n \u00e7ox k\u00f6rp\u0259 do\u011fulub"},"content":{"rendered":"<p>Cari ilin yanvar-iyun aylar\u0131nda Az\u0259rbaycan \u018fdliyy\u0259 Nazirliyinin rayon (\u015f\u0259h\u0259r) qeydiyyat \u015f\u00f6b\u0259l\u0259ri t\u0259r\u0259find\u0259n 45 min 616 do\u011fulan k\u00f6rp\u0259 qeyd\u0259 al\u0131n\u0131b.<\/p>\n<p><a class=\"azertac-link\" href=\"https:\/\/azertag.az\/\" target=\"_blank\" rel=\"noopener\">AZ\u018fRTAC<\/a>\u00a0x\u0259b\u0259r verir ki, bu bar\u0259d\u0259 D\u00f6vl\u0259t Statistika Komit\u0259sinin a\u00e7\u0131qlad\u0131\u011f\u0131 statistik m\u0259lumatda qeyd olunub. Bildirilib ki, \u00f6t\u0259n ilin m\u00fcvafiq d\u00f6vr\u00fc il\u0259 m\u00fcqayis\u0259d\u0259 \u0259halinin h\u0259r 1000 n\u0259f\u0259rin\u0259 bu g\u00f6st\u0259rici azalaraq 9,6-dan 9-a d\u00fc\u015f\u00fcb. Do\u011fulan k\u00f6rp\u0259l\u0259r aras\u0131nda o\u011flan u\u015faqlar\u0131n\u0131n x\u00fcsusi \u00e7\u0259kisi 53,3 faiz, q\u0131z u\u015faqlar\u0131n\u0131n x\u00fcsusi \u00e7\u0259kisi is\u0259 46,7 faiz olub. K\u00f6rp\u0259l\u0259rd\u0259n 1510-u \u0259kiz, 63-\u00fc is\u0259 \u00fc\u00e7\u0259m do\u011fulub.<\/p>\n<p>Do\u011fum s\u0259viyy\u0259si \u0259halinin h\u0259r 1000 n\u0259f\u0259rin\u0259 Da\u011fl\u0131q \u015eirvan (11,4), L\u0259nk\u0259ran-Astara (11,0),Qaraba\u011f v\u0259 \u015e\u0259rqi Z\u0259ng\u0259zur (10,6), Mil-Mu\u011fan (10,3), \u015eirvan-Salyan (10,1), Quba-Xa\u00e7maz v\u0259 M\u0259rk\u0259zi Aran (9,9),Qazax-Tovuz (9,8) iqtisadi rayonlar\u0131nda \u00f6lk\u0259 g\u00f6st\u0259ricisind\u0259n (9,0) y\u00fcks\u0259k olub.<\/p>\n<p>Bu ilin yanvar-iyun aylar\u0131 \u0259rzind\u0259 \u00f6lk\u0259d\u0259 29 min 400 \u00f6l\u00fcm hal\u0131 qeyd\u0259 al\u0131n\u0131b v\u0259 2024-c\u00fc ilin m\u00fcvafiq d\u00f6vr\u00fc il\u0259 m\u00fcqayis\u0259d\u0259 \u0259halinin h\u0259r 1000 n\u0259f\u0259rin\u0259 h\u0259min g\u00f6st\u0259rici azalaraq 5,9-dan 5,8-\u0259 d\u00fc\u015f\u00fcb.<\/p>\n","protected":false},"excerpt":{"rendered":"<p>Cari ilin yanvar-iyun aylar\u0131nda Az\u0259rbaycan \u018fdliyy\u0259 Nazirliyinin rayon (\u015f\u0259h\u0259r) qeydiyyat \u015f\u00f6b\u0259l\u0259ri t\u0259r\u0259find\u0259n 45 min 616 do\u011fulan k\u00f6rp\u0259 qeyd\u0259 al\u0131n\u0131b. AZ\u018fRTAC\u00a0x\u0259b\u0259r verir ki, bu bar\u0259d\u0259 D\u00f6vl\u0259t Statistika Komit\u0259sinin a\u00e7\u0131qlad\u0131\u011f\u0131 statistik m\u0259lumatda qeyd olunub. Bildirilib ki, \u00f6t\u0259n ilin m\u00fcvafiq d\u00f6vr\u00fc il\u0259 m\u00fcqayis\u0259d\u0259 \u0259halinin h\u0259r 1000 n\u0259f\u0259rin\u0259 bu g\u00f6st\u0259rici azalaraq 9,6-dan 9-a d\u00fc\u015f\u00fcb. Do\u011fulan k\u00f6rp\u0259l\u0259r aras\u0131nda o\u011flan u\u015faqlar\u0131n\u0131n x\u00fcsusi \u00e7\u0259kisi 53,3 faiz, q\u0131z u\u015faqlar\u0131n\u0131n x\u00fcsusi \u00e7\u0259kisi is\u0259 46,7 faiz olub. K\u00f6rp\u0259l\u0259rd\u0259n 1510-u \u0259kiz, 63-\u00fc is\u0259 \u00fc\u00e7\u0259m do\u011fulub. Do\u011fum s\u0259viyy\u0259si \u0259halinin h\u0259r 1000 n\u0259f\u0259rin\u0259 Da\u011fl\u0131q \u015eirvan (11,4), L\u0259nk\u0259ran-Astara (11,0),Qaraba\u011f v\u0259 \u015e\u0259rqi Z\u0259ng\u0259zur (10,6), Mil-Mu\u011fan&hellip;<\/p>\n","protected":false},"author":2,"featured_media":821080,"comment_status":"closed","ping_status":"closed","sticky":false,"template":"","format":"standard","meta":{"om_disable_all_campaigns":false,"_monsterinsights_skip_tracking":false,"_monsterinsights_sitenote_active":false,"_monsterinsights_sitenote_note":"","_monsterinsights_sitenote_category":0},"categories":[1],"tags":[],"aioseo_notices":[],"gutentor_comment":0,"rttpg_featured_image_url":{"full":["https:\/\/arantv.az\/wp-content\/uploads\/2025\/08\/1755262625355943335_1200x630.jpg",924,630,false],"landscape":["https:\/\/arantv.az\/wp-content\/uploads\/2025\/08\/1755262625355943335_1200x630.jpg",924,630,false],"portraits":["https:\/\/arantv.az\/wp-content\/uploads\/2025\/08\/1755262625355943335_1200x630.jpg",924,630,false],"thumbnail":["https:\/\/arantv.az\/wp-content\/uploads\/2025\/08\/1755262625355943335_1200x630-500x280.jpg",500,280,true],"medium":["https:\/\/arantv.az\/wp-content\/uploads\/2025\/08\/1755262625355943335_1200x630-535x365.jpg",535,365,true],"large":["https:\/\/arantv.az\/wp-content\/uploads\/2025\/08\/1755262625355943335_1200x630-840x573.jpg",640,437,true],"1536x1536":["https:\/\/arantv.az\/wp-content\/uploads\/2025\/08\/1755262625355943335_1200x630.jpg",924,630,false],"2048x2048":["https:\/\/arantv.az\/wp-content\/uploads\/2025\/08\/1755262625355943335_1200x630.jpg",924,630,false],"post-thumbnail":["https:\/\/arantv.az\/wp-content\/uploads\/2025\/08\/1755262625355943335_1200x630-240x172.jpg",240,172,true],"advps-thumb-one":["https:\/\/arantv.az\/wp-content\/uploads\/2025\/08\/1755262625355943335_1200x630-924x620.jpg",924,620,true]},"rttpg_author":{"display_name":"V\u00fcsal Rafiqo\u011flu","author_link":"https:\/\/arantv.az\/?author=2"},"rttpg_comment":0,"rttpg_category":"<a href=\"https:\/\/arantv.az\/?cat=1\" rel=\"category\">C\u0259miyy\u0259t<\/a>","rttpg_excerpt":"Cari ilin yanvar-iyun aylar\u0131nda Az\u0259rbaycan \u018fdliyy\u0259 Nazirliyinin rayon (\u015f\u0259h\u0259r) qeydiyyat \u015f\u00f6b\u0259l\u0259ri t\u0259r\u0259find\u0259n 45 min 616 do\u011fulan k\u00f6rp\u0259 qeyd\u0259 al\u0131n\u0131b. AZ\u018fRTAC\u00a0x\u0259b\u0259r verir ki, bu bar\u0259d\u0259 D\u00f6vl\u0259t Statistika Komit\u0259sinin a\u00e7\u0131qlad\u0131\u011f\u0131 statistik m\u0259lumatda qeyd olunub. Bildirilib ki, \u00f6t\u0259n ilin m\u00fcvafiq d\u00f6vr\u00fc il\u0259 m\u00fcqayis\u0259d\u0259 \u0259halinin h\u0259r 1000 n\u0259f\u0259rin\u0259 bu g\u00f6st\u0259rici azalaraq 9,6-dan 9-a d\u00fc\u015f\u00fcb. Do\u011fulan k\u00f6rp\u0259l\u0259r aras\u0131nda o\u011flan u\u015faqlar\u0131n\u0131n&hellip;","_links":{"self":[{"href":"https:\/\/arantv.az\/index.php?rest_route=\/wp\/v2\/posts\/821079"}],"collection":[{"href":"https:\/\/arantv.az\/index.php?rest_route=\/wp\/v2\/posts"}],"about":[{"href":"https:\/\/arantv.az\/index.php?rest_route=\/wp\/v2\/types\/post"}],"author":[{"embeddable":true,"href":"https:\/\/arantv.az\/index.php?rest_route=\/wp\/v2\/users\/2"}],"replies":[{"embeddable":true,"href":"https:\/\/arantv.az\/index.php?rest_route=%2Fwp%2Fv2%2Fcomments&post=821079"}],"version-history":[{"count":2,"href":"https:\/\/arantv.az\/index.php?rest_route=\/wp\/v2\/posts\/821079\/revisions"}],"predecessor-version":[{"id":821082,"href":"https:\/\/arantv.az\/index.php?rest_route=\/wp\/v2\/posts\/821079\/revisions\/821082"}],"wp:featuredmedia":[{"embeddable":true,"href":"https:\/\/arantv.az\/index.php?rest_route=\/wp\/v2\/media\/821080"}],"wp:attachment":[{"href":"https:\/\/arantv.az\/index.php?rest_route=%2Fwp%2Fv2%2Fmedia&parent=821079"}],"wp:term":[{"taxonomy":"category","embeddable":true,"href":"https:\/\/arantv.az\/index.php?rest_route=%2Fwp%2Fv2%2Fcategories&post=821079"},{"taxonomy":"post_tag","embeddable":true,"href":"https:\/\/arantv.az\/index.php?rest_route=%2Fwp%2Fv2%2Ftags&post=821079"}],"curies":[{"name":"wp","href":"https:\/\/api.w.org\/{rel}","templated":true}]}}