{"id":821084,"date":"2025-08-15T21:19:34","date_gmt":"2025-08-15T17:19:34","guid":{"rendered":"https:\/\/arantv.az\/?p=821084"},"modified":"2025-08-15T21:19:34","modified_gmt":"2025-08-15T17:19:34","slug":"az%c9%99rbaycan-%c9%99halisinin-sayi-aciqlanib-9","status":"publish","type":"post","link":"https:\/\/arantv.az\/?p=821084","title":{"rendered":"Az\u0259rbaycan \u0259halisinin say\u0131 a\u00e7\u0131qlan\u0131b"},"content":{"rendered":"<p>Bu ilin \u0259vv\u0259lind\u0259n iyulun 1-d\u0259k \u00f6lk\u0259 \u0259halisinin say\u0131 16 min 833 n\u0259f\u0259r v\u0259 ya 0,2 faiz artaraq, 10 milyon 241 min 722 n\u0259f\u0259r\u0259 \u00e7at\u0131b.<\/p>\n<p><a class=\"azertac-link\" href=\"https:\/\/azertag.az\/\" target=\"_blank\" rel=\"noopener\">AZ\u018fRTAC<\/a>\u00a0D\u00f6vl\u0259t Statistika Komit\u0259sin\u0259 istinadla bildirir ki, \u0259halinin \u00fcmumi say\u0131n\u0131n 54,4 faizini \u015f\u0259h\u0259r, 45,6 faizini k\u0259nd sakinl\u0259ri, 49,8 faizini ki\u015fil\u0259r, 50,2 faizini is\u0259 qad\u0131nlar t\u0259\u015fkil edir.<\/p>\n<p>Qa\u00e7q\u0131nlar\u0131n v\u0259 M\u0259cburi K\u00f6\u00e7k\u00fcnl\u0259rin \u0130\u015fl\u0259ri \u00fczr\u0259 D\u00f6vl\u0259t Komit\u0259sinin m\u0259lumat\u0131na g\u00f6r\u0259, Az\u0259rbaycan Respublikas\u0131 Prezidentinin m\u00fcvafiq S\u0259r\u0259ncam\u0131 il\u0259 t\u0259sdiq edilmi\u015f \u201cAz\u0259rbaycan Respublikas\u0131n\u0131n i\u015f\u011faldan azad edilmi\u015f \u0259razil\u0259rin\u0259 B\u00f6y\u00fck Qay\u0131d\u0131\u015fa dair I D\u00f6vl\u0259t Proqram\u0131\u201dna \u0259sas\u0259n i\u015f\u011faldan azad edilmi\u015f \u0259razil\u0259rin b\u0259rpa olunmu\u015f ya\u015fay\u0131\u015f m\u0259nt\u0259q\u0259l\u0259rin\u0259 avqustun 1-d\u0259k 17 min 204 n\u0259f\u0259rd\u0259n ibar\u0259t 4 min 325 ail\u0259nin qay\u0131d\u0131\u015f\u0131 t\u0259min edilib.<\/p>\n<p>\u018fm\u0259k v\u0259 \u018fhalinin Sosial M\u00fcdafi\u0259si Nazirliyinin m\u0259lumat\u0131na g\u00f6r\u0259, h\u0259min tarix\u0259 i\u015f\u011faldan azad edilmi\u015f \u0259razil\u0259rd\u0259 b\u0259rpa-quruculuq i\u015fl\u0259ri v\u0259 dig\u0259r pe\u015f\u0259 f\u0259aliyy\u0259ti il\u0259 ba\u011fl\u0131 m\u00fcv\u0259qq\u0259ti ya\u015fayan \u015f\u0259xsl\u0259rin v\u0259 onlar\u0131n ail\u0259 \u00fczvl\u0259rinin say\u0131 is\u0259 35 min 385 n\u0259f\u0259r t\u0259\u015fkil edib. Xank\u0259ndi \u015f\u0259h\u0259rind\u0259 yerl\u0259\u015f\u0259n Qaraba\u011f Universitetind\u0259 t\u0259hsil alan 1150 n\u0259f\u0259r t\u0259l\u0259b\u0259 d\u0259 n\u0259z\u0259r\u0259 al\u0131nmaqla, i\u015f\u011faldan azad olunmu\u015f \u0259razil\u0259rd\u0259 m\u0259skunla\u015fm\u0131\u015f \u0259halinin \u00fcmumi say\u0131 53 min 739 n\u0259f\u0259rdir.<\/p>\n<p>Cari ilin iyul ay\u0131n\u0131n \u0259vv\u0259lin\u0259 \u0259halinin 4,6 faizi Nax\u00e7\u0131van Muxtar Respublikas\u0131n\u0131n, 23 faizi Bak\u0131 \u015f\u0259h\u0259rinin, 9,2 faizi L\u0259nk\u0259ran-Astara, 8,6 faizi Abseron-X\u0131z\u0131, 7,3 faizi Qarabag, 7,1 faizi M\u0259rk\u0259zi Aran, 6,6 faizi Qazax-Tovuz, 6,1 faizi \u015e\u0259ki-Zaqatala, 5,8 faizi G\u0259nc\u0259-Da\u015fk\u0259s\u0259n, 5,4 faizi Quba-Xa\u00e7maz, 5,2 faizi Mil-Mugan, 4,9 faizi Sirvan-Salyan, 3,2 faizi Da\u011fl\u0131q \u015eirvan,3 faizi \u015e\u0259rqi Z\u0259ng\u0259zur iqtisadi rayonlar\u0131n\u0131n pay\u0131na d\u00fc\u015f\u00fcb.<\/p>\n","protected":false},"excerpt":{"rendered":"<p>Bu ilin \u0259vv\u0259lind\u0259n iyulun 1-d\u0259k \u00f6lk\u0259 \u0259halisinin say\u0131 16 min 833 n\u0259f\u0259r v\u0259 ya 0,2 faiz artaraq, 10 milyon 241 min 722 n\u0259f\u0259r\u0259 \u00e7at\u0131b. AZ\u018fRTAC\u00a0D\u00f6vl\u0259t Statistika Komit\u0259sin\u0259 istinadla bildirir ki, \u0259halinin \u00fcmumi say\u0131n\u0131n 54,4 faizini \u015f\u0259h\u0259r, 45,6 faizini k\u0259nd sakinl\u0259ri, 49,8 faizini ki\u015fil\u0259r, 50,2 faizini is\u0259 qad\u0131nlar t\u0259\u015fkil edir. Qa\u00e7q\u0131nlar\u0131n v\u0259 M\u0259cburi K\u00f6\u00e7k\u00fcnl\u0259rin \u0130\u015fl\u0259ri \u00fczr\u0259 D\u00f6vl\u0259t Komit\u0259sinin m\u0259lumat\u0131na g\u00f6r\u0259, Az\u0259rbaycan Respublikas\u0131 Prezidentinin m\u00fcvafiq S\u0259r\u0259ncam\u0131 il\u0259 t\u0259sdiq edilmi\u015f \u201cAz\u0259rbaycan Respublikas\u0131n\u0131n i\u015f\u011faldan azad edilmi\u015f \u0259razil\u0259rin\u0259 B\u00f6y\u00fck Qay\u0131d\u0131\u015fa dair I D\u00f6vl\u0259t Proqram\u0131\u201dna \u0259sas\u0259n i\u015f\u011faldan azad edilmi\u015f \u0259razil\u0259rin b\u0259rpa olunmu\u015f ya\u015fay\u0131\u015f m\u0259nt\u0259q\u0259l\u0259rin\u0259 avqustun 1-d\u0259k&hellip;<\/p>\n","protected":false},"author":2,"featured_media":821085,"comment_status":"closed","ping_status":"closed","sticky":false,"template":"","format":"standard","meta":{"om_disable_all_campaigns":false,"_monsterinsights_skip_tracking":false,"_monsterinsights_sitenote_active":false,"_monsterinsights_sitenote_note":"","_monsterinsights_sitenote_category":0},"categories":[1],"tags":[],"aioseo_notices":[],"gutentor_comment":0,"rttpg_featured_image_url":{"full":["https:\/\/arantv.az\/wp-content\/uploads\/2025\/08\/17552613591560232286_1200x630.jpg",923,630,false],"landscape":["https:\/\/arantv.az\/wp-content\/uploads\/2025\/08\/17552613591560232286_1200x630.jpg",923,630,false],"portraits":["https:\/\/arantv.az\/wp-content\/uploads\/2025\/08\/17552613591560232286_1200x630.jpg",923,630,false],"thumbnail":["https:\/\/arantv.az\/wp-content\/uploads\/2025\/08\/17552613591560232286_1200x630-500x280.jpg",500,280,true],"medium":["https:\/\/arantv.az\/wp-content\/uploads\/2025\/08\/17552613591560232286_1200x630-535x365.jpg",535,365,true],"large":["https:\/\/arantv.az\/wp-content\/uploads\/2025\/08\/17552613591560232286_1200x630-840x573.jpg",640,437,true],"1536x1536":["https:\/\/arantv.az\/wp-content\/uploads\/2025\/08\/17552613591560232286_1200x630.jpg",923,630,false],"2048x2048":["https:\/\/arantv.az\/wp-content\/uploads\/2025\/08\/17552613591560232286_1200x630.jpg",923,630,false],"post-thumbnail":["https:\/\/arantv.az\/wp-content\/uploads\/2025\/08\/17552613591560232286_1200x630-240x172.jpg",240,172,true],"advps-thumb-one":["https:\/\/arantv.az\/wp-content\/uploads\/2025\/08\/17552613591560232286_1200x630-923x620.jpg",923,620,true]},"rttpg_author":{"display_name":"V\u00fcsal Rafiqo\u011flu","author_link":"https:\/\/arantv.az\/?author=2"},"rttpg_comment":0,"rttpg_category":"<a href=\"https:\/\/arantv.az\/?cat=1\" rel=\"category\">C\u0259miyy\u0259t<\/a>","rttpg_excerpt":"Bu ilin \u0259vv\u0259lind\u0259n iyulun 1-d\u0259k \u00f6lk\u0259 \u0259halisinin say\u0131 16 min 833 n\u0259f\u0259r v\u0259 ya 0,2 faiz artaraq, 10 milyon 241 min 722 n\u0259f\u0259r\u0259 \u00e7at\u0131b. AZ\u018fRTAC\u00a0D\u00f6vl\u0259t Statistika Komit\u0259sin\u0259 istinadla bildirir ki, \u0259halinin \u00fcmumi say\u0131n\u0131n 54,4 faizini \u015f\u0259h\u0259r, 45,6 faizini k\u0259nd sakinl\u0259ri, 49,8 faizini ki\u015fil\u0259r, 50,2 faizini is\u0259 qad\u0131nlar t\u0259\u015fkil edir. Qa\u00e7q\u0131nlar\u0131n v\u0259 M\u0259cburi K\u00f6\u00e7k\u00fcnl\u0259rin \u0130\u015fl\u0259ri \u00fczr\u0259&hellip;","_links":{"self":[{"href":"https:\/\/arantv.az\/index.php?rest_route=\/wp\/v2\/posts\/821084"}],"collection":[{"href":"https:\/\/arantv.az\/index.php?rest_route=\/wp\/v2\/posts"}],"about":[{"href":"https:\/\/arantv.az\/index.php?rest_route=\/wp\/v2\/types\/post"}],"author":[{"embeddable":true,"href":"https:\/\/arantv.az\/index.php?rest_route=\/wp\/v2\/users\/2"}],"replies":[{"embeddable":true,"href":"https:\/\/arantv.az\/index.php?rest_route=%2Fwp%2Fv2%2Fcomments&post=821084"}],"version-history":[{"count":1,"href":"https:\/\/arantv.az\/index.php?rest_route=\/wp\/v2\/posts\/821084\/revisions"}],"predecessor-version":[{"id":821086,"href":"https:\/\/arantv.az\/index.php?rest_route=\/wp\/v2\/posts\/821084\/revisions\/821086"}],"wp:featuredmedia":[{"embeddable":true,"href":"https:\/\/arantv.az\/index.php?rest_route=\/wp\/v2\/media\/821085"}],"wp:attachment":[{"href":"https:\/\/arantv.az\/index.php?rest_route=%2Fwp%2Fv2%2Fmedia&parent=821084"}],"wp:term":[{"taxonomy":"category","embeddable":true,"href":"https:\/\/arantv.az\/index.php?rest_route=%2Fwp%2Fv2%2Fcategories&post=821084"},{"taxonomy":"post_tag","embeddable":true,"href":"https:\/\/arantv.az\/index.php?rest_route=%2Fwp%2Fv2%2Ftags&post=821084"}],"curies":[{"name":"wp","href":"https:\/\/api.w.org\/{rel}","templated":true}]}}