{"id":821091,"date":"2025-08-15T23:12:30","date_gmt":"2025-08-15T19:12:30","guid":{"rendered":"https:\/\/arantv.az\/?p=821091"},"modified":"2025-08-15T23:12:30","modified_gmt":"2025-08-15T19:12:30","slug":"hindistanda-m%c9%99shur-turb%c9%99-ucdu-ol%c9%99nl%c9%99r-var","status":"publish","type":"post","link":"https:\/\/arantv.az\/?p=821091","title":{"rendered":"Hindistanda m\u0259\u015fhur t\u00fcrb\u0259 u\u00e7du, \u00f6l\u0259nl\u0259r var"},"content":{"rendered":"<p><strong>Hindistan\u0131n Yeni Dehli \u015f\u0259h\u0259rind\u0259 m\u0259\u015fhur Mo\u011fol h\u00f6kmdar\u0131 H\u00fcmayunun h\u0259yat yolda\u015f\u0131n\u0131n \u0259mri il\u0259 tikilmi\u015f H\u00fcmayun t\u00fcrb\u0259 kompleksinin g\u00fcnb\u0259zi u\u00e7ub.<\/strong><\/p>\n<p>Bu bar\u0259d\u0259 NDTV m\u0259lumat yay\u0131b.<\/p>\n<p>\u0130nsident n\u0259tic\u0259sind\u0259 5 n\u0259f\u0259r \u00f6l\u00fcb. Da\u011f\u0131nt\u0131lar alt\u0131nda insanlar ola bil\u0259r.<\/p>\n<p>Hadis\u0259 yerin\u0259 xilasedicil\u0259r g\u0259lib.<\/p>\n<p>Qeyd ed\u0259k ki, t\u00fcrb\u0259nin tikintisin\u0259 1562-ci ild\u0259 ba\u015flan\u0131l\u0131b v\u0259 tikinti tam olaraq 1572-ci ild\u0259 ba\u015fa \u00e7at\u0131b. T\u00fcrb\u0259 1993-c\u00fc ild\u0259 UNESCO-nun D\u00fcnya irs siyah\u0131s\u0131na daxil edilib.\/\/Report<\/p>\n","protected":false},"excerpt":{"rendered":"<p>Hindistan\u0131n Yeni Dehli \u015f\u0259h\u0259rind\u0259 m\u0259\u015fhur Mo\u011fol h\u00f6kmdar\u0131 H\u00fcmayunun h\u0259yat yolda\u015f\u0131n\u0131n \u0259mri il\u0259 tikilmi\u015f H\u00fcmayun t\u00fcrb\u0259 kompleksinin g\u00fcnb\u0259zi u\u00e7ub. Bu bar\u0259d\u0259 NDTV m\u0259lumat yay\u0131b. \u0130nsident n\u0259tic\u0259sind\u0259 5 n\u0259f\u0259r \u00f6l\u00fcb. Da\u011f\u0131nt\u0131lar alt\u0131nda insanlar ola bil\u0259r. Hadis\u0259 yerin\u0259 xilasedicil\u0259r g\u0259lib. Qeyd ed\u0259k ki, t\u00fcrb\u0259nin tikintisin\u0259 1562-ci ild\u0259 ba\u015flan\u0131l\u0131b v\u0259 tikinti tam olaraq 1572-ci ild\u0259 ba\u015fa \u00e7at\u0131b. T\u00fcrb\u0259 1993-c\u00fc ild\u0259 UNESCO-nun D\u00fcnya irs siyah\u0131s\u0131na daxil edilib.\/\/Report<\/p>\n","protected":false},"author":2,"featured_media":821092,"comment_status":"closed","ping_status":"closed","sticky":false,"template":"","format":"standard","meta":{"om_disable_all_campaigns":false,"_monsterinsights_skip_tracking":false,"_monsterinsights_sitenote_active":false,"_monsterinsights_sitenote_note":"","_monsterinsights_sitenote_category":0},"categories":[7],"tags":[],"aioseo_notices":[],"gutentor_comment":0,"rttpg_featured_image_url":{"full":["https:\/\/arantv.az\/wp-content\/uploads\/2025\/08\/6d7e5ce44cff8399b9bcd6140fe0ad52.jpg",850,500,false],"landscape":["https:\/\/arantv.az\/wp-content\/uploads\/2025\/08\/6d7e5ce44cff8399b9bcd6140fe0ad52.jpg",850,500,false],"portraits":["https:\/\/arantv.az\/wp-content\/uploads\/2025\/08\/6d7e5ce44cff8399b9bcd6140fe0ad52.jpg",850,500,false],"thumbnail":["https:\/\/arantv.az\/wp-content\/uploads\/2025\/08\/6d7e5ce44cff8399b9bcd6140fe0ad52-500x280.jpg",500,280,true],"medium":["https:\/\/arantv.az\/wp-content\/uploads\/2025\/08\/6d7e5ce44cff8399b9bcd6140fe0ad52-621x365.jpg",621,365,true],"large":["https:\/\/arantv.az\/wp-content\/uploads\/2025\/08\/6d7e5ce44cff8399b9bcd6140fe0ad52-840x494.jpg",640,376,true],"1536x1536":["https:\/\/arantv.az\/wp-content\/uploads\/2025\/08\/6d7e5ce44cff8399b9bcd6140fe0ad52.jpg",850,500,false],"2048x2048":["https:\/\/arantv.az\/wp-content\/uploads\/2025\/08\/6d7e5ce44cff8399b9bcd6140fe0ad52.jpg",850,500,false],"post-thumbnail":["https:\/\/arantv.az\/wp-content\/uploads\/2025\/08\/6d7e5ce44cff8399b9bcd6140fe0ad52-240x172.jpg",240,172,true],"advps-thumb-one":["https:\/\/arantv.az\/wp-content\/uploads\/2025\/08\/6d7e5ce44cff8399b9bcd6140fe0ad52.jpg",850,500,false]},"rttpg_author":{"display_name":"V\u00fcsal Rafiqo\u011flu","author_link":"https:\/\/arantv.az\/?author=2"},"rttpg_comment":0,"rttpg_category":"<a href=\"https:\/\/arantv.az\/?cat=7\" rel=\"category\">D\u00fcnya<\/a>","rttpg_excerpt":"Hindistan\u0131n Yeni Dehli \u015f\u0259h\u0259rind\u0259 m\u0259\u015fhur Mo\u011fol h\u00f6kmdar\u0131 H\u00fcmayunun h\u0259yat yolda\u015f\u0131n\u0131n \u0259mri il\u0259 tikilmi\u015f H\u00fcmayun t\u00fcrb\u0259 kompleksinin g\u00fcnb\u0259zi u\u00e7ub. Bu bar\u0259d\u0259 NDTV m\u0259lumat yay\u0131b. \u0130nsident n\u0259tic\u0259sind\u0259 5 n\u0259f\u0259r \u00f6l\u00fcb. Da\u011f\u0131nt\u0131lar alt\u0131nda insanlar ola bil\u0259r. Hadis\u0259 yerin\u0259 xilasedicil\u0259r g\u0259lib. Qeyd ed\u0259k ki, t\u00fcrb\u0259nin tikintisin\u0259 1562-ci ild\u0259 ba\u015flan\u0131l\u0131b v\u0259 tikinti tam olaraq 1572-ci ild\u0259 ba\u015fa \u00e7at\u0131b. T\u00fcrb\u0259 1993-c\u00fc&hellip;","_links":{"self":[{"href":"https:\/\/arantv.az\/index.php?rest_route=\/wp\/v2\/posts\/821091"}],"collection":[{"href":"https:\/\/arantv.az\/index.php?rest_route=\/wp\/v2\/posts"}],"about":[{"href":"https:\/\/arantv.az\/index.php?rest_route=\/wp\/v2\/types\/post"}],"author":[{"embeddable":true,"href":"https:\/\/arantv.az\/index.php?rest_route=\/wp\/v2\/users\/2"}],"replies":[{"embeddable":true,"href":"https:\/\/arantv.az\/index.php?rest_route=%2Fwp%2Fv2%2Fcomments&post=821091"}],"version-history":[{"count":2,"href":"https:\/\/arantv.az\/index.php?rest_route=\/wp\/v2\/posts\/821091\/revisions"}],"predecessor-version":[{"id":821094,"href":"https:\/\/arantv.az\/index.php?rest_route=\/wp\/v2\/posts\/821091\/revisions\/821094"}],"wp:featuredmedia":[{"embeddable":true,"href":"https:\/\/arantv.az\/index.php?rest_route=\/wp\/v2\/media\/821092"}],"wp:attachment":[{"href":"https:\/\/arantv.az\/index.php?rest_route=%2Fwp%2Fv2%2Fmedia&parent=821091"}],"wp:term":[{"taxonomy":"category","embeddable":true,"href":"https:\/\/arantv.az\/index.php?rest_route=%2Fwp%2Fv2%2Fcategories&post=821091"},{"taxonomy":"post_tag","embeddable":true,"href":"https:\/\/arantv.az\/index.php?rest_route=%2Fwp%2Fv2%2Ftags&post=821091"}],"curies":[{"name":"wp","href":"https:\/\/api.w.org\/{rel}","templated":true}]}}