{"id":82110,"date":"2019-09-28T10:35:50","date_gmt":"2019-09-28T07:35:50","guid":{"rendered":"http:\/\/arantv.az\/?p=82110"},"modified":"2019-09-28T10:35:50","modified_gmt":"2019-09-28T07:35:50","slug":"penitensiar-xidm%c9%99t-c%c9%99zac%c9%99km%c9%99-mu%c9%99ssis%c9%99l%c9%99rind%c9%99-isg%c9%99nc%c9%99d%c9%99n-sohb%c9%99t-ged%c9%99-bilm%c9%99z","status":"publish","type":"post","link":"https:\/\/arantv.az\/?p=82110","title":{"rendered":"Penitensiar Xidm\u0259t: \u201cC\u0259za\u00e7\u0259km\u0259 m\u00fc\u0259ssis\u0259l\u0259rind\u0259 i\u015fg\u0259nc\u0259d\u0259n s\u00f6hb\u0259t ged\u0259 bilm\u0259z\u201d"},"content":{"rendered":"<p><strong>Penitensiar Xidm\u0259t sosial \u015f\u0259b\u0259k\u0259l\u0259rd\u0259 13 sayl\u0131 c\u0259za\u00e7\u0259km\u0259 m\u00fc\u0259ssis\u0259sinin r\u0259isinin dustaqlara i\u015fg\u0259nc\u0259 verm\u0259si il\u0259 ba\u011fl\u0131 yay\u0131lan m\u0259lumatlara m\u00fcnasib\u0259t bildirib.\u00a0<\/strong><\/p>\n<p><strong>ARANTV.AZ<\/strong>\u00a0 x\u0259b\u0259r verir ki, Penitensiar Xidm\u0259tin ictimaiyy\u0259tl\u0259 \u0259laq\u0259l\u0259r \u015f\u00f6b\u0259sinin r\u0259isi Mehman Sad\u0131qov\u00a0APA-ya a\u00e7\u0131qlamas\u0131nda deyib ki, yay\u0131lan m\u0259lumatlar h\u0259qiq\u0259t\u0259 uy\u011fun deyil: &#8220;He\u00e7 bir i\u015fg\u0259nc\u0259d\u0259n s\u00f6hb\u0259t ged\u0259 bilm\u0259z. N\u0259inki 13 sayl\u0131 c\u0259za\u00e7\u0259km\u0259 m\u00fc\u0259ssis\u0259sind\u0259, Penitensiar Xidm\u0259tin c\u0259za\u00e7\u0259km\u0259 m\u00fc\u0259ssis\u0259l\u0259rind\u0259 i\u015fg\u0259nc\u0259 fakt\u0131 ola bilm\u0259z. Bu, \u00e7ox absurd iddiad\u0131r. H\u0259r bir c\u0259za\u00e7\u0259km\u0259 m\u00fc\u0259ssis\u0259sind\u0259 &#8220;Qaynar x\u0259tt&#8221; var. \u0130\u015fg\u0259nc\u0259y\u0259 m\u0259ruz qalan dustaq varsa, o &#8220;Qaynar x\u0259tt&#8221;l\u0259 n\u0259inki Penitensiar Xidm\u0259t\u0259, daha yuxar\u0131 instansiyalara da m\u00fcraci\u0259t ed\u0259 bil\u0259r. Ora g\u0259l\u0259n m\u00fcraci\u0259tl\u0259r d\u0259rhal yoxlan\u0131l\u0131r. Yen\u0259 d\u0259 qeyd etm\u0259k ist\u0259yir\u0259m ki, Penitensiar Xidm\u0259tin he\u00e7 bir c\u0259za\u00e7\u0259km\u0259 m\u00fc\u0259ssis\u0259l\u0259rind\u0259 i\u015fg\u0259nc\u0259d\u0259n s\u00f6hb\u0259t ged\u0259 bilm\u0259z&#8221;<\/p>\n<p>Qeyd ed\u0259k ki, sosial \u015f\u0259b\u0259k\u0259l\u0259rd\u0259 13 sayl\u0131 c\u0259za\u00e7\u0259km\u0259 m\u00fc\u0259ssis\u0259sinin r\u0259isi \u00c7ingiz Yunisovun dustaqlara i\u015fg\u0259nc\u0259 verm\u0259si il\u0259 ba\u011fl\u0131 m\u0259lumatlar yay\u0131l\u0131b.<\/p>\n","protected":false},"excerpt":{"rendered":"<p>Penitensiar Xidm\u0259t sosial \u015f\u0259b\u0259k\u0259l\u0259rd\u0259 13 sayl\u0131 c\u0259za\u00e7\u0259km\u0259 m\u00fc\u0259ssis\u0259sinin r\u0259isinin dustaqlara i\u015fg\u0259nc\u0259 verm\u0259si il\u0259 ba\u011fl\u0131 yay\u0131lan m\u0259lumatlara m\u00fcnasib\u0259t bildirib.\u00a0 ARANTV.AZ\u00a0 x\u0259b\u0259r verir ki, Penitensiar Xidm\u0259tin ictimaiyy\u0259tl\u0259 \u0259laq\u0259l\u0259r \u015f\u00f6b\u0259sinin r\u0259isi Mehman Sad\u0131qov\u00a0APA-ya a\u00e7\u0131qlamas\u0131nda deyib ki, yay\u0131lan m\u0259lumatlar h\u0259qiq\u0259t\u0259 uy\u011fun deyil: &#8220;He\u00e7 bir i\u015fg\u0259nc\u0259d\u0259n s\u00f6hb\u0259t ged\u0259 bilm\u0259z. N\u0259inki 13 sayl\u0131 c\u0259za\u00e7\u0259km\u0259 m\u00fc\u0259ssis\u0259sind\u0259, Penitensiar Xidm\u0259tin c\u0259za\u00e7\u0259km\u0259 m\u00fc\u0259ssis\u0259l\u0259rind\u0259 i\u015fg\u0259nc\u0259 fakt\u0131 ola bilm\u0259z. Bu, \u00e7ox absurd iddiad\u0131r. H\u0259r bir c\u0259za\u00e7\u0259km\u0259 m\u00fc\u0259ssis\u0259sind\u0259 &#8220;Qaynar x\u0259tt&#8221; var. \u0130\u015fg\u0259nc\u0259y\u0259 m\u0259ruz qalan dustaq varsa, o &#8220;Qaynar x\u0259tt&#8221;l\u0259 n\u0259inki Penitensiar Xidm\u0259t\u0259, daha yuxar\u0131 instansiyalara da m\u00fcraci\u0259t ed\u0259 bil\u0259r. Ora g\u0259l\u0259n m\u00fcraci\u0259tl\u0259r d\u0259rhal&hellip;<\/p>\n","protected":false},"author":2,"featured_media":82111,"comment_status":"closed","ping_status":"closed","sticky":false,"template":"","format":"standard","meta":{"om_disable_all_campaigns":false,"_monsterinsights_skip_tracking":false,"_monsterinsights_sitenote_active":false,"_monsterinsights_sitenote_note":"","_monsterinsights_sitenote_category":0},"categories":[1],"tags":[],"aioseo_notices":[],"gutentor_comment":0,"rttpg_featured_image_url":{"full":["https:\/\/arantv.az\/wp-content\/uploads\/2019\/09\/789912.jpg",800,600,false],"landscape":["https:\/\/arantv.az\/wp-content\/uploads\/2019\/09\/789912.jpg",800,600,false],"portraits":["https:\/\/arantv.az\/wp-content\/uploads\/2019\/09\/789912.jpg",800,600,false],"thumbnail":["https:\/\/arantv.az\/wp-content\/uploads\/2019\/09\/789912-150x150.jpg",150,150,true],"medium":["https:\/\/arantv.az\/wp-content\/uploads\/2019\/09\/789912-300x225.jpg",300,225,true],"large":["https:\/\/arantv.az\/wp-content\/uploads\/2019\/09\/789912.jpg",640,480,false],"1536x1536":["https:\/\/arantv.az\/wp-content\/uploads\/2019\/09\/789912.jpg",800,600,false],"2048x2048":["https:\/\/arantv.az\/wp-content\/uploads\/2019\/09\/789912.jpg",800,600,false],"post-thumbnail":["https:\/\/arantv.az\/wp-content\/uploads\/2019\/09\/789912-240x172.jpg",240,172,true],"advps-thumb-one":["https:\/\/arantv.az\/wp-content\/uploads\/2019\/09\/789912.jpg",800,600,false]},"rttpg_author":{"display_name":"V\u00fcsal Rafiqo\u011flu","author_link":"https:\/\/arantv.az\/?author=2"},"rttpg_comment":0,"rttpg_category":"<a href=\"https:\/\/arantv.az\/?cat=1\" rel=\"category\">C\u0259miyy\u0259t<\/a>","rttpg_excerpt":"Penitensiar Xidm\u0259t sosial \u015f\u0259b\u0259k\u0259l\u0259rd\u0259 13 sayl\u0131 c\u0259za\u00e7\u0259km\u0259 m\u00fc\u0259ssis\u0259sinin r\u0259isinin dustaqlara i\u015fg\u0259nc\u0259 verm\u0259si il\u0259 ba\u011fl\u0131 yay\u0131lan m\u0259lumatlara m\u00fcnasib\u0259t bildirib.\u00a0 ARANTV.AZ\u00a0 x\u0259b\u0259r verir ki, Penitensiar Xidm\u0259tin ictimaiyy\u0259tl\u0259 \u0259laq\u0259l\u0259r \u015f\u00f6b\u0259sinin r\u0259isi Mehman Sad\u0131qov\u00a0APA-ya a\u00e7\u0131qlamas\u0131nda deyib ki, yay\u0131lan m\u0259lumatlar h\u0259qiq\u0259t\u0259 uy\u011fun deyil: &#8220;He\u00e7 bir i\u015fg\u0259nc\u0259d\u0259n s\u00f6hb\u0259t ged\u0259 bilm\u0259z. N\u0259inki 13 sayl\u0131 c\u0259za\u00e7\u0259km\u0259 m\u00fc\u0259ssis\u0259sind\u0259, Penitensiar Xidm\u0259tin c\u0259za\u00e7\u0259km\u0259 m\u00fc\u0259ssis\u0259l\u0259rind\u0259 i\u015fg\u0259nc\u0259 fakt\u0131&hellip;","_links":{"self":[{"href":"https:\/\/arantv.az\/index.php?rest_route=\/wp\/v2\/posts\/82110"}],"collection":[{"href":"https:\/\/arantv.az\/index.php?rest_route=\/wp\/v2\/posts"}],"about":[{"href":"https:\/\/arantv.az\/index.php?rest_route=\/wp\/v2\/types\/post"}],"author":[{"embeddable":true,"href":"https:\/\/arantv.az\/index.php?rest_route=\/wp\/v2\/users\/2"}],"replies":[{"embeddable":true,"href":"https:\/\/arantv.az\/index.php?rest_route=%2Fwp%2Fv2%2Fcomments&post=82110"}],"version-history":[{"count":0,"href":"https:\/\/arantv.az\/index.php?rest_route=\/wp\/v2\/posts\/82110\/revisions"}],"wp:featuredmedia":[{"embeddable":true,"href":"https:\/\/arantv.az\/index.php?rest_route=\/wp\/v2\/media\/82111"}],"wp:attachment":[{"href":"https:\/\/arantv.az\/index.php?rest_route=%2Fwp%2Fv2%2Fmedia&parent=82110"}],"wp:term":[{"taxonomy":"category","embeddable":true,"href":"https:\/\/arantv.az\/index.php?rest_route=%2Fwp%2Fv2%2Fcategories&post=82110"},{"taxonomy":"post_tag","embeddable":true,"href":"https:\/\/arantv.az\/index.php?rest_route=%2Fwp%2Fv2%2Ftags&post=82110"}],"curies":[{"name":"wp","href":"https:\/\/api.w.org\/{rel}","templated":true}]}}