{"id":82118,"date":"2019-09-28T11:56:25","date_gmt":"2019-09-28T08:56:25","guid":{"rendered":"http:\/\/arantv.az\/?p=82118"},"modified":"2019-09-28T11:56:25","modified_gmt":"2019-09-28T08:56:25","slug":"vilay%c9%99t-eyvazovdan-yeni-t%c9%99yinat-5","status":"publish","type":"post","link":"https:\/\/arantv.az\/?p=82118","title":{"rendered":"Vilay\u0259t Eyvazovdan yeni &#8211; T\u018fY\u0130NAT"},"content":{"rendered":"<p>Daxili \u0130\u015fl\u0259r orqanlar\u0131nda kadr d\u0259yi\u015fikliyi olub.<\/p>\n<p><strong>ARANTV.AZ\u00a0<\/strong>\u00a0x\u0259b\u0259r verir ki,\u00a0bu bar\u0259d\u0259 Daxili \u0130\u015fl\u0259r naziri, general-polkovnik Vilay\u0259t Eyvazov \u0259mr imzalay\u0131b.<\/p>\n<div id=\"AdviadNativeVideo0\" class=\"AdviadNativeVideo\"><\/div>\n<p>\u018fmr\u0259 \u0259sas\u0259n, polis\u00a0mayoru\u00a0Mehman H\u0259s\u0259nov Samux Rayon Polis \u015e\u00f6b\u0259sinin kadrlar \u015f\u00f6b\u0259sin\u0259 r\u0259is t\u0259yin edilib.<\/p>\n<p>Qeyd ed\u0259k ki, M.H\u0259s\u0259nov bu t\u0259yinatdan \u0259vv\u0259l G\u0259nc\u0259 \u015f\u0259h\u0259ri, K\u0259p\u0259z Rayon Polis \u015e\u00f6b\u0259sind\u0259 \u00e7al\u0131\u015f\u0131b.oxu.az<\/p>\n","protected":false},"excerpt":{"rendered":"<p>Daxili \u0130\u015fl\u0259r orqanlar\u0131nda kadr d\u0259yi\u015fikliyi olub. ARANTV.AZ\u00a0\u00a0x\u0259b\u0259r verir ki,\u00a0bu bar\u0259d\u0259 Daxili \u0130\u015fl\u0259r naziri, general-polkovnik Vilay\u0259t Eyvazov \u0259mr imzalay\u0131b. \u018fmr\u0259 \u0259sas\u0259n, polis\u00a0mayoru\u00a0Mehman H\u0259s\u0259nov Samux Rayon Polis \u015e\u00f6b\u0259sinin kadrlar \u015f\u00f6b\u0259sin\u0259 r\u0259is t\u0259yin edilib. Qeyd ed\u0259k ki, M.H\u0259s\u0259nov bu t\u0259yinatdan \u0259vv\u0259l G\u0259nc\u0259 \u015f\u0259h\u0259ri, K\u0259p\u0259z Rayon Polis \u015e\u00f6b\u0259sind\u0259 \u00e7al\u0131\u015f\u0131b.oxu.az<\/p>\n","protected":false},"author":2,"featured_media":82119,"comment_status":"closed","ping_status":"closed","sticky":false,"template":"","format":"standard","meta":{"om_disable_all_campaigns":false,"_monsterinsights_skip_tracking":false,"_monsterinsights_sitenote_active":false,"_monsterinsights_sitenote_note":"","_monsterinsights_sitenote_category":0},"categories":[1],"tags":[],"aioseo_notices":[],"gutentor_comment":0,"rttpg_featured_image_url":{"full":["https:\/\/arantv.az\/wp-content\/uploads\/2019\/09\/vil.jpg",620,410,false],"landscape":["https:\/\/arantv.az\/wp-content\/uploads\/2019\/09\/vil.jpg",620,410,false],"portraits":["https:\/\/arantv.az\/wp-content\/uploads\/2019\/09\/vil.jpg",620,410,false],"thumbnail":["https:\/\/arantv.az\/wp-content\/uploads\/2019\/09\/vil-150x150.jpg",150,150,true],"medium":["https:\/\/arantv.az\/wp-content\/uploads\/2019\/09\/vil-300x198.jpg",300,198,true],"large":["https:\/\/arantv.az\/wp-content\/uploads\/2019\/09\/vil.jpg",620,410,false],"1536x1536":["https:\/\/arantv.az\/wp-content\/uploads\/2019\/09\/vil.jpg",620,410,false],"2048x2048":["https:\/\/arantv.az\/wp-content\/uploads\/2019\/09\/vil.jpg",620,410,false],"post-thumbnail":["https:\/\/arantv.az\/wp-content\/uploads\/2019\/09\/vil-240x172.jpg",240,172,true],"advps-thumb-one":["https:\/\/arantv.az\/wp-content\/uploads\/2019\/09\/vil.jpg",620,410,false]},"rttpg_author":{"display_name":"V\u00fcsal Rafiqo\u011flu","author_link":"https:\/\/arantv.az\/?author=2"},"rttpg_comment":0,"rttpg_category":"<a href=\"https:\/\/arantv.az\/?cat=1\" rel=\"category\">C\u0259miyy\u0259t<\/a>","rttpg_excerpt":"Daxili \u0130\u015fl\u0259r orqanlar\u0131nda kadr d\u0259yi\u015fikliyi olub. ARANTV.AZ\u00a0\u00a0x\u0259b\u0259r verir ki,\u00a0bu bar\u0259d\u0259 Daxili \u0130\u015fl\u0259r naziri, general-polkovnik Vilay\u0259t Eyvazov \u0259mr imzalay\u0131b. \u018fmr\u0259 \u0259sas\u0259n, polis\u00a0mayoru\u00a0Mehman H\u0259s\u0259nov Samux Rayon Polis \u015e\u00f6b\u0259sinin kadrlar \u015f\u00f6b\u0259sin\u0259 r\u0259is t\u0259yin edilib. Qeyd ed\u0259k ki, M.H\u0259s\u0259nov bu t\u0259yinatdan \u0259vv\u0259l G\u0259nc\u0259 \u015f\u0259h\u0259ri, K\u0259p\u0259z Rayon Polis \u015e\u00f6b\u0259sind\u0259 \u00e7al\u0131\u015f\u0131b.oxu.az","_links":{"self":[{"href":"https:\/\/arantv.az\/index.php?rest_route=\/wp\/v2\/posts\/82118"}],"collection":[{"href":"https:\/\/arantv.az\/index.php?rest_route=\/wp\/v2\/posts"}],"about":[{"href":"https:\/\/arantv.az\/index.php?rest_route=\/wp\/v2\/types\/post"}],"author":[{"embeddable":true,"href":"https:\/\/arantv.az\/index.php?rest_route=\/wp\/v2\/users\/2"}],"replies":[{"embeddable":true,"href":"https:\/\/arantv.az\/index.php?rest_route=%2Fwp%2Fv2%2Fcomments&post=82118"}],"version-history":[{"count":0,"href":"https:\/\/arantv.az\/index.php?rest_route=\/wp\/v2\/posts\/82118\/revisions"}],"wp:featuredmedia":[{"embeddable":true,"href":"https:\/\/arantv.az\/index.php?rest_route=\/wp\/v2\/media\/82119"}],"wp:attachment":[{"href":"https:\/\/arantv.az\/index.php?rest_route=%2Fwp%2Fv2%2Fmedia&parent=82118"}],"wp:term":[{"taxonomy":"category","embeddable":true,"href":"https:\/\/arantv.az\/index.php?rest_route=%2Fwp%2Fv2%2Fcategories&post=82118"},{"taxonomy":"post_tag","embeddable":true,"href":"https:\/\/arantv.az\/index.php?rest_route=%2Fwp%2Fv2%2Ftags&post=82118"}],"curies":[{"name":"wp","href":"https:\/\/api.w.org\/{rel}","templated":true}]}}