{"id":82126,"date":"2019-09-28T12:02:37","date_gmt":"2019-09-28T09:02:37","guid":{"rendered":"http:\/\/arantv.az\/?p=82126"},"modified":"2019-09-28T12:02:37","modified_gmt":"2019-09-28T09:02:37","slug":"nazirlik-bal-idxalina-qadaga-qoyulmasi-il%c9%99-bagli-t%c9%99klifi-arasdirir","status":"publish","type":"post","link":"https:\/\/arantv.az\/?p=82126","title":{"rendered":"Nazirlik bal idxal\u0131na qada\u011fa qoyulmas\u0131 il\u0259 ba\u011fl\u0131 t\u0259klifi ara\u015fd\u0131r\u0131r"},"content":{"rendered":"<blockquote><p><em><strong>K\u0259nd T\u0259s\u0259rr\u00fcfat\u0131 Nazirliyi \u00f6lk\u0259d\u0259 bal\u0131n idxal\u0131na qada\u011fa qoyulmas\u0131 il\u0259 ba\u011fl\u0131 t\u0259klifi ara\u015fd\u0131r\u0131r.<\/strong><\/em><\/p><\/blockquote>\n<p><strong>ARANTV.AZ<\/strong>\u00a0\u00a0<a href=\"https:\/\/az.trend.az\/\" target=\"_blank\" rel=\"noopener\">Trend<\/a>-\u0259 istinad\u0259n x\u0259b\u0259r verir ki, bunu K\u0259nd T\u0259s\u0259rr\u00fcfat\u0131 nazirinin m\u00fcavini Seyf\u0259ddin Tal\u0131bov bildirib.<\/p>\n<p>Nazir m\u00fcavini vur\u011fulay\u0131b ki, \u0259laq\u0259dar qurumlarla birg\u0259 bu istiqam\u0259td\u0259 ciddi ara\u015fd\u0131rmalar apar\u0131l\u0131r.<\/p>\n<p>Xat\u0131rladaq ki, Az\u0259rbaycan Ar\u0131\u00e7\u0131lar Assosiasiyas\u0131 \u00f6lk\u0259y\u0259 bal\u0131n idxal\u0131n\u0131 qada\u011fan edilm\u0259si il\u0259 ba\u011fl\u0131 t\u0259klifl\u0259 \u00e7\u0131x\u0131\u015f edib.<\/p>\n<p>Nazir m\u00fcavini ar\u0131\u00e7\u0131l\u0131q i\u015find\u0259 g\u0259l\u0259c\u0259k m\u0259qs\u0259dl\u0259rd\u0259n d\u0259 dan\u0131\u015f\u0131b. Bildirib ki, mahsuldarl\u0131\u011f\u0131n art\u0131m\u0131nda bir ne\u00e7\u0259 m\u0259qs\u0259d var: &#8220;Bal m\u0259hsuldarl\u0131\u011f\u0131n\u0131n art\u0131r\u0131lmas\u0131 m\u0259qs\u0259di il\u0259 bizim qar\u015f\u0131m\u0131zda bir ne\u00e7\u0259 ciddi v\u0259zif\u0259l\u0259r dayan\u0131b. Burada \u0259n vacibl\u0259rind\u0259n biri, Az\u0259rbaycan\u0131n brend ar\u0131\u00e7\u0131l\u0131q cinsl\u0259ri &#8220;Bozda\u011f&#8221;, &#8220;Qafqaz&#8221; cinsi v\u0259 &#8220;Sar\u0131&#8221; ar\u0131 &#8220;Qafqaz&#8221; cinsinin tam t\u0259mizliyin\u0259 nail olmaqd\u0131r. Bu cins genetik m\u0259hsuldarl\u0131\u011f\u0131n art\u0131m\u0131nda \u00f6n\u0259mli bir rol oynay\u0131r. \u0130kinci m\u0259s\u0259l\u0259 is\u0259 ar\u0131\u00e7\u0131l\u0131\u011f\u0131n yem t\u0259minat\u0131n\u0131n yax\u015f\u0131la\u015fd\u0131r\u0131lmas\u0131d\u0131r&#8221;.<\/p>\n","protected":false},"excerpt":{"rendered":"<p>K\u0259nd T\u0259s\u0259rr\u00fcfat\u0131 Nazirliyi \u00f6lk\u0259d\u0259 bal\u0131n idxal\u0131na qada\u011fa qoyulmas\u0131 il\u0259 ba\u011fl\u0131 t\u0259klifi ara\u015fd\u0131r\u0131r. ARANTV.AZ\u00a0\u00a0Trend-\u0259 istinad\u0259n x\u0259b\u0259r verir ki, bunu K\u0259nd T\u0259s\u0259rr\u00fcfat\u0131 nazirinin m\u00fcavini Seyf\u0259ddin Tal\u0131bov bildirib. Nazir m\u00fcavini vur\u011fulay\u0131b ki, \u0259laq\u0259dar qurumlarla birg\u0259 bu istiqam\u0259td\u0259 ciddi ara\u015fd\u0131rmalar apar\u0131l\u0131r. Xat\u0131rladaq ki, Az\u0259rbaycan Ar\u0131\u00e7\u0131lar Assosiasiyas\u0131 \u00f6lk\u0259y\u0259 bal\u0131n idxal\u0131n\u0131 qada\u011fan edilm\u0259si il\u0259 ba\u011fl\u0131 t\u0259klifl\u0259 \u00e7\u0131x\u0131\u015f edib. Nazir m\u00fcavini ar\u0131\u00e7\u0131l\u0131q i\u015find\u0259 g\u0259l\u0259c\u0259k m\u0259qs\u0259dl\u0259rd\u0259n d\u0259 dan\u0131\u015f\u0131b. Bildirib ki, mahsuldarl\u0131\u011f\u0131n art\u0131m\u0131nda bir ne\u00e7\u0259 m\u0259qs\u0259d var: &#8220;Bal m\u0259hsuldarl\u0131\u011f\u0131n\u0131n art\u0131r\u0131lmas\u0131 m\u0259qs\u0259di il\u0259 bizim qar\u015f\u0131m\u0131zda bir ne\u00e7\u0259 ciddi v\u0259zif\u0259l\u0259r dayan\u0131b. Burada \u0259n vacibl\u0259rind\u0259n biri, Az\u0259rbaycan\u0131n brend ar\u0131\u00e7\u0131l\u0131q cinsl\u0259ri &#8220;Bozda\u011f&#8221;, &#8220;Qafqaz&#8221;&hellip;<\/p>\n","protected":false},"author":2,"featured_media":82127,"comment_status":"closed","ping_status":"closed","sticky":false,"template":"","format":"standard","meta":{"om_disable_all_campaigns":false,"_monsterinsights_skip_tracking":false,"_monsterinsights_sitenote_active":false,"_monsterinsights_sitenote_note":"","_monsterinsights_sitenote_category":0},"categories":[19],"tags":[],"aioseo_notices":[],"gutentor_comment":0,"rttpg_featured_image_url":{"full":["https:\/\/arantv.az\/wp-content\/uploads\/2019\/09\/789939.jpg",800,600,false],"landscape":["https:\/\/arantv.az\/wp-content\/uploads\/2019\/09\/789939.jpg",800,600,false],"portraits":["https:\/\/arantv.az\/wp-content\/uploads\/2019\/09\/789939.jpg",800,600,false],"thumbnail":["https:\/\/arantv.az\/wp-content\/uploads\/2019\/09\/789939-150x150.jpg",150,150,true],"medium":["https:\/\/arantv.az\/wp-content\/uploads\/2019\/09\/789939-300x225.jpg",300,225,true],"large":["https:\/\/arantv.az\/wp-content\/uploads\/2019\/09\/789939.jpg",640,480,false],"1536x1536":["https:\/\/arantv.az\/wp-content\/uploads\/2019\/09\/789939.jpg",800,600,false],"2048x2048":["https:\/\/arantv.az\/wp-content\/uploads\/2019\/09\/789939.jpg",800,600,false],"post-thumbnail":["https:\/\/arantv.az\/wp-content\/uploads\/2019\/09\/789939-240x172.jpg",240,172,true],"advps-thumb-one":["https:\/\/arantv.az\/wp-content\/uploads\/2019\/09\/789939.jpg",800,600,false]},"rttpg_author":{"display_name":"V\u00fcsal Rafiqo\u011flu","author_link":"https:\/\/arantv.az\/?author=2"},"rttpg_comment":0,"rttpg_category":"<a href=\"https:\/\/arantv.az\/?cat=19\" rel=\"category\">G\u00fcnd\u0259m<\/a>","rttpg_excerpt":"K\u0259nd T\u0259s\u0259rr\u00fcfat\u0131 Nazirliyi \u00f6lk\u0259d\u0259 bal\u0131n idxal\u0131na qada\u011fa qoyulmas\u0131 il\u0259 ba\u011fl\u0131 t\u0259klifi ara\u015fd\u0131r\u0131r. ARANTV.AZ\u00a0\u00a0Trend-\u0259 istinad\u0259n x\u0259b\u0259r verir ki, bunu K\u0259nd T\u0259s\u0259rr\u00fcfat\u0131 nazirinin m\u00fcavini Seyf\u0259ddin Tal\u0131bov bildirib. Nazir m\u00fcavini vur\u011fulay\u0131b ki, \u0259laq\u0259dar qurumlarla birg\u0259 bu istiqam\u0259td\u0259 ciddi ara\u015fd\u0131rmalar apar\u0131l\u0131r. Xat\u0131rladaq ki, Az\u0259rbaycan Ar\u0131\u00e7\u0131lar Assosiasiyas\u0131 \u00f6lk\u0259y\u0259 bal\u0131n idxal\u0131n\u0131 qada\u011fan edilm\u0259si il\u0259 ba\u011fl\u0131 t\u0259klifl\u0259 \u00e7\u0131x\u0131\u015f edib. Nazir m\u00fcavini ar\u0131\u00e7\u0131l\u0131q&hellip;","_links":{"self":[{"href":"https:\/\/arantv.az\/index.php?rest_route=\/wp\/v2\/posts\/82126"}],"collection":[{"href":"https:\/\/arantv.az\/index.php?rest_route=\/wp\/v2\/posts"}],"about":[{"href":"https:\/\/arantv.az\/index.php?rest_route=\/wp\/v2\/types\/post"}],"author":[{"embeddable":true,"href":"https:\/\/arantv.az\/index.php?rest_route=\/wp\/v2\/users\/2"}],"replies":[{"embeddable":true,"href":"https:\/\/arantv.az\/index.php?rest_route=%2Fwp%2Fv2%2Fcomments&post=82126"}],"version-history":[{"count":0,"href":"https:\/\/arantv.az\/index.php?rest_route=\/wp\/v2\/posts\/82126\/revisions"}],"wp:featuredmedia":[{"embeddable":true,"href":"https:\/\/arantv.az\/index.php?rest_route=\/wp\/v2\/media\/82127"}],"wp:attachment":[{"href":"https:\/\/arantv.az\/index.php?rest_route=%2Fwp%2Fv2%2Fmedia&parent=82126"}],"wp:term":[{"taxonomy":"category","embeddable":true,"href":"https:\/\/arantv.az\/index.php?rest_route=%2Fwp%2Fv2%2Fcategories&post=82126"},{"taxonomy":"post_tag","embeddable":true,"href":"https:\/\/arantv.az\/index.php?rest_route=%2Fwp%2Fv2%2Ftags&post=82126"}],"curies":[{"name":"wp","href":"https:\/\/api.w.org\/{rel}","templated":true}]}}