{"id":82130,"date":"2019-09-28T12:03:33","date_gmt":"2019-09-28T09:03:33","guid":{"rendered":"http:\/\/arantv.az\/?p=82130"},"modified":"2019-09-28T12:03:33","modified_gmt":"2019-09-28T09:03:33","slug":"az%c9%99rbaycan-numay%c9%99nd%c9%99-hey%c9%99ti-as-pa-nin-payiz-sessiyasinda-istirak-ed%c9%99c%c9%99k","status":"publish","type":"post","link":"https:\/\/arantv.az\/?p=82130","title":{"rendered":"Az\u0259rbaycan n\u00fcmay\u0259nd\u0259 hey\u0259ti A\u015e PA-n\u0131n pay\u0131z sessiyas\u0131nda i\u015ftirak ed\u0259c\u0259k"},"content":{"rendered":"<p><strong>Milli M\u0259clisin Beyn\u0259lxalq m\u00fcnasib\u0259tl\u0259r v\u0259 parlamentl\u0259raras\u0131 \u0259laq\u0259l\u0259r Komit\u0259sinin s\u0259dri, Avropa \u015euras\u0131 Parlament Assambleyas\u0131ndak\u0131 (A\u015e PA) daimi n\u00fcmay\u0259nd\u0259 hey\u0259tinin r\u0259hb\u0259ri S\u0259m\u0259d Seyidov v\u0259 bir qrup deputat A\u015e PA-n\u0131n pay\u0131z sessiyas\u0131nda i\u015ftirak etm\u0259k \u00fc\u00e7\u00fcn sentyabr\u0131n 29-dan oktyabr\u0131n 7-d\u0259k Strasburqda s\u0259f\u0259rd\u0259 olacaqlar.<\/strong><\/p>\n<p><strong>ARANTV.AZ<\/strong>\u00a0<a href=\"https:\/\/az.trend.az\/\" target=\"_blank\" rel=\"noopener\">Trend<\/a>-\u0259 istinad\u0259n x\u0259b\u0259r verir ki, n\u00fcmay\u0259nd\u0259 hey\u0259tin\u0259 Milli M\u0259clisin M\u0259d\u0259niyy\u0259t komit\u0259sinin s\u0259dri Rafael H\u00fcseynov, deputatlardan Sevinc F\u0259t\u0259liyeva, Sahib\u0259 Qafarova v\u0259 El\u015fad H\u0259s\u0259nov daxildirl\u0259r.<\/p>\n<p>Sessiya d\u00f6vr\u00fcnd\u0259 Assambleya B\u00fcrosunun v\u0259 Daimi Komit\u0259nin g\u00f6r\u00fcl\u0259n i\u015fl\u0259r bar\u0259d\u0259 hesabat\u0131 dinl\u0259nil\u0259c\u0259k, Avropada Ombudsman institutlar\u0131n\u0131n v\u0259ziyy\u0259ti, Avropa \u015euras\u0131n\u0131n \u0130nki\u015faf Bank\u0131, Terror qurbanlar\u0131n\u0131n qorunmas\u0131 v\u0259 d\u0259st\u0259kl\u0259nm\u0259si, \u015eimali Makedoniya il\u0259 post monitorinq dialoqu, Moldovada demokratik institutlar, Y\u0259hudi m\u0259d\u0259ni irsinin qorunub saxlanmas\u0131 v\u0259 dig\u0259r m\u00f6vzularda fikir m\u00fcbadil\u0259si apar\u0131lacaq.<\/p>\n<p>Sessiya \u00e7\u0259r\u00e7iv\u0259sind\u0259 Avropa \u015euras\u0131n\u0131n yarad\u0131lmas\u0131n\u0131n 70 illik yubileyi v\u0259 A\u015e PA-dak\u0131 Az\u0259rbaycan n\u00fcmay\u0259nd\u0259 hey\u0259tinin t\u0259\u015fkilat\u00e7\u0131l\u0131\u011f\u0131 il\u0259 &#8220;Az\u0259rbaycanda qad\u0131n se\u00e7ki h\u00fcququnun 100 illiyi&#8221; m\u00f6vzusunda t\u0259dbirl\u0259r d\u0259 ke\u00e7iril\u0259c\u0259k.<\/p>\n","protected":false},"excerpt":{"rendered":"<p>Milli M\u0259clisin Beyn\u0259lxalq m\u00fcnasib\u0259tl\u0259r v\u0259 parlamentl\u0259raras\u0131 \u0259laq\u0259l\u0259r Komit\u0259sinin s\u0259dri, Avropa \u015euras\u0131 Parlament Assambleyas\u0131ndak\u0131 (A\u015e PA) daimi n\u00fcmay\u0259nd\u0259 hey\u0259tinin r\u0259hb\u0259ri S\u0259m\u0259d Seyidov v\u0259 bir qrup deputat A\u015e PA-n\u0131n pay\u0131z sessiyas\u0131nda i\u015ftirak etm\u0259k \u00fc\u00e7\u00fcn sentyabr\u0131n 29-dan oktyabr\u0131n 7-d\u0259k Strasburqda s\u0259f\u0259rd\u0259 olacaqlar. ARANTV.AZ\u00a0Trend-\u0259 istinad\u0259n x\u0259b\u0259r verir ki, n\u00fcmay\u0259nd\u0259 hey\u0259tin\u0259 Milli M\u0259clisin M\u0259d\u0259niyy\u0259t komit\u0259sinin s\u0259dri Rafael H\u00fcseynov, deputatlardan Sevinc F\u0259t\u0259liyeva, Sahib\u0259 Qafarova v\u0259 El\u015fad H\u0259s\u0259nov daxildirl\u0259r. Sessiya d\u00f6vr\u00fcnd\u0259 Assambleya B\u00fcrosunun v\u0259 Daimi Komit\u0259nin g\u00f6r\u00fcl\u0259n i\u015fl\u0259r bar\u0259d\u0259 hesabat\u0131 dinl\u0259nil\u0259c\u0259k, Avropada Ombudsman institutlar\u0131n\u0131n v\u0259ziyy\u0259ti, Avropa \u015euras\u0131n\u0131n \u0130nki\u015faf Bank\u0131, Terror qurbanlar\u0131n\u0131n qorunmas\u0131 v\u0259 d\u0259st\u0259kl\u0259nm\u0259si, \u015eimali Makedoniya il\u0259&hellip;<\/p>\n","protected":false},"author":2,"featured_media":82131,"comment_status":"closed","ping_status":"closed","sticky":false,"template":"","format":"standard","meta":{"om_disable_all_campaigns":false,"_monsterinsights_skip_tracking":false,"_monsterinsights_sitenote_active":false,"_monsterinsights_sitenote_note":"","_monsterinsights_sitenote_category":0},"categories":[4],"tags":[],"aioseo_notices":[],"gutentor_comment":0,"rttpg_featured_image_url":{"full":["https:\/\/arantv.az\/wp-content\/uploads\/2019\/09\/789931.jpg",800,600,false],"landscape":["https:\/\/arantv.az\/wp-content\/uploads\/2019\/09\/789931.jpg",800,600,false],"portraits":["https:\/\/arantv.az\/wp-content\/uploads\/2019\/09\/789931.jpg",800,600,false],"thumbnail":["https:\/\/arantv.az\/wp-content\/uploads\/2019\/09\/789931-150x150.jpg",150,150,true],"medium":["https:\/\/arantv.az\/wp-content\/uploads\/2019\/09\/789931-300x225.jpg",300,225,true],"large":["https:\/\/arantv.az\/wp-content\/uploads\/2019\/09\/789931.jpg",640,480,false],"1536x1536":["https:\/\/arantv.az\/wp-content\/uploads\/2019\/09\/789931.jpg",800,600,false],"2048x2048":["https:\/\/arantv.az\/wp-content\/uploads\/2019\/09\/789931.jpg",800,600,false],"post-thumbnail":["https:\/\/arantv.az\/wp-content\/uploads\/2019\/09\/789931-240x172.jpg",240,172,true],"advps-thumb-one":["https:\/\/arantv.az\/wp-content\/uploads\/2019\/09\/789931.jpg",800,600,false]},"rttpg_author":{"display_name":"V\u00fcsal Rafiqo\u011flu","author_link":"https:\/\/arantv.az\/?author=2"},"rttpg_comment":0,"rttpg_category":"<a href=\"https:\/\/arantv.az\/?cat=4\" rel=\"category\">Siyas\u0259t<\/a>","rttpg_excerpt":"Milli M\u0259clisin Beyn\u0259lxalq m\u00fcnasib\u0259tl\u0259r v\u0259 parlamentl\u0259raras\u0131 \u0259laq\u0259l\u0259r Komit\u0259sinin s\u0259dri, Avropa \u015euras\u0131 Parlament Assambleyas\u0131ndak\u0131 (A\u015e PA) daimi n\u00fcmay\u0259nd\u0259 hey\u0259tinin r\u0259hb\u0259ri S\u0259m\u0259d Seyidov v\u0259 bir qrup deputat A\u015e PA-n\u0131n pay\u0131z sessiyas\u0131nda i\u015ftirak etm\u0259k \u00fc\u00e7\u00fcn sentyabr\u0131n 29-dan oktyabr\u0131n 7-d\u0259k Strasburqda s\u0259f\u0259rd\u0259 olacaqlar. ARANTV.AZ\u00a0Trend-\u0259 istinad\u0259n x\u0259b\u0259r verir ki, n\u00fcmay\u0259nd\u0259 hey\u0259tin\u0259 Milli M\u0259clisin M\u0259d\u0259niyy\u0259t komit\u0259sinin s\u0259dri Rafael H\u00fcseynov, deputatlardan Sevinc&hellip;","_links":{"self":[{"href":"https:\/\/arantv.az\/index.php?rest_route=\/wp\/v2\/posts\/82130"}],"collection":[{"href":"https:\/\/arantv.az\/index.php?rest_route=\/wp\/v2\/posts"}],"about":[{"href":"https:\/\/arantv.az\/index.php?rest_route=\/wp\/v2\/types\/post"}],"author":[{"embeddable":true,"href":"https:\/\/arantv.az\/index.php?rest_route=\/wp\/v2\/users\/2"}],"replies":[{"embeddable":true,"href":"https:\/\/arantv.az\/index.php?rest_route=%2Fwp%2Fv2%2Fcomments&post=82130"}],"version-history":[{"count":0,"href":"https:\/\/arantv.az\/index.php?rest_route=\/wp\/v2\/posts\/82130\/revisions"}],"wp:featuredmedia":[{"embeddable":true,"href":"https:\/\/arantv.az\/index.php?rest_route=\/wp\/v2\/media\/82131"}],"wp:attachment":[{"href":"https:\/\/arantv.az\/index.php?rest_route=%2Fwp%2Fv2%2Fmedia&parent=82130"}],"wp:term":[{"taxonomy":"category","embeddable":true,"href":"https:\/\/arantv.az\/index.php?rest_route=%2Fwp%2Fv2%2Fcategories&post=82130"},{"taxonomy":"post_tag","embeddable":true,"href":"https:\/\/arantv.az\/index.php?rest_route=%2Fwp%2Fv2%2Ftags&post=82130"}],"curies":[{"name":"wp","href":"https:\/\/api.w.org\/{rel}","templated":true}]}}