{"id":821329,"date":"2025-08-18T21:11:16","date_gmt":"2025-08-18T17:11:16","guid":{"rendered":"https:\/\/arantv.az\/?p=821329"},"modified":"2025-08-18T21:11:16","modified_gmt":"2025-08-18T17:11:16","slug":"qarabagi-t%c9%99rk-etmis-erm%c9%99nil%c9%99r-az%c9%99rbaycana-qayidacaqmi-pasinyandan-aciqlama","status":"publish","type":"post","link":"https:\/\/arantv.az\/?p=821329","title":{"rendered":"Qaraba\u011f\u0131 t\u0259rk etmi\u015f erm\u0259nil\u0259r Az\u0259rbaycana qay\u0131dacaqm\u0131? &#8211; Pa\u015finyandan a\u00e7\u0131qlama"},"content":{"rendered":"<p><strong>&#8220;Qaraba\u011f m\u0259s\u0259l\u0259sinin Va\u015finqton raz\u0131la\u015fmas\u0131 il\u0259 bird\u0259f\u0259lik ba\u011fland\u0131\u011f\u0131 bar\u0259d\u0259 t\u0259nqidl\u0259r e\u015fidir\u0259m. Xat\u0131rlatmal\u0131yam ki, h\u0259l\u0259 2025-ci ilin mart\u0131nda m\u0259n parlamentd\u0259 a\u00e7\u0131q \u015f\u0259kild\u0259 b\u0259yan etmi\u015fdim ki, Erm\u0259nistan\u0131 Qaraba\u011f h\u0259r\u0259kat\u0131n\u0131n davam etdirilm\u0259sini istisna ed\u0259n yolla aparaca\u011fam. Demi\u015fdim ki, xalq bununla raz\u0131 deyils\u0259, onu inqilaba \u00e7a\u011f\u0131r\u0131ram. Xalq &#8211; siz, \u0259ziz v\u0259t\u0259nda\u015flar, ona g\u00f6r\u0259 inqilab etm\u0259diniz ki, anlad\u0131n\u0131z: Qaraba\u011f m\u0259s\u0259l\u0259si ba\u011flanmadan s\u00fclhd\u0259n s\u00f6hb\u0259t ged\u0259 bilm\u0259z&#8221;.<\/strong><\/p>\n<p>Bunu Erm\u0259nistan\u0131n Ba\u015f naziri Nikol Pa\u015finyan bu g\u00fcn xalqa m\u00fcraci\u0259tind\u0259 deyib.<\/p>\n<p><strong>Ba\u015f nazir bildirib ki, Qaraba\u011f m\u0259s\u0259l\u0259si b\u0259zi q\u00fcvv\u0259l\u0259r t\u0259r\u0259find\u0259n Erm\u0259nistan\u0131n m\u00fcst\u0259qilliyi v\u0259 d\u00f6vl\u0259t\u00e7iliyini inki\u015faf etdirm\u0259sinin qar\u015f\u0131s\u0131n\u0131 almaq \u00fc\u00e7\u00fcn al\u0259t kimi istifad\u0259 olunub.<\/strong><\/p>\n<p>O, Qaraba\u011f\u0131 k\u00f6n\u00fcll\u00fc t\u0259rk etmi\u015f erm\u0259ni \u0259silli \u015f\u0259xsl\u0259r bar\u0259d\u0259 d\u0259 dan\u0131\u015f\u0131b.<\/p>\n<p>&#8220;Bu bar\u0259d\u0259 bildirmi\u015fdim, t\u0259krar edir\u0259m: onlar\u0131n Az\u0259rbaycana qay\u0131tmas\u0131 qeyri-reald\u0131r v\u0259 s\u00fclh \u00fc\u00e7\u00fcn t\u0259hl\u00fck\u0259lidir. Erm\u0259nistan beyn\u0259lxalq ictimaiyy\u0259tl\u0259 birlikd\u0259 onlar\u0131n \u00f6lk\u0259mizd\u0259 ya\u015famas\u0131 v\u0259 inteqrasiyas\u0131 \u00fc\u00e7\u00fcn \u015f\u0259rait yaratmal\u0131d\u0131r&#8221;. \/APA<\/p>\n","protected":false},"excerpt":{"rendered":"<p>&#8220;Qaraba\u011f m\u0259s\u0259l\u0259sinin Va\u015finqton raz\u0131la\u015fmas\u0131 il\u0259 bird\u0259f\u0259lik ba\u011fland\u0131\u011f\u0131 bar\u0259d\u0259 t\u0259nqidl\u0259r e\u015fidir\u0259m. Xat\u0131rlatmal\u0131yam ki, h\u0259l\u0259 2025-ci ilin mart\u0131nda m\u0259n parlamentd\u0259 a\u00e7\u0131q \u015f\u0259kild\u0259 b\u0259yan etmi\u015fdim ki, Erm\u0259nistan\u0131 Qaraba\u011f h\u0259r\u0259kat\u0131n\u0131n davam etdirilm\u0259sini istisna ed\u0259n yolla aparaca\u011fam. Demi\u015fdim ki, xalq bununla raz\u0131 deyils\u0259, onu inqilaba \u00e7a\u011f\u0131r\u0131ram. Xalq &#8211; siz, \u0259ziz v\u0259t\u0259nda\u015flar, ona g\u00f6r\u0259 inqilab etm\u0259diniz ki, anlad\u0131n\u0131z: Qaraba\u011f m\u0259s\u0259l\u0259si ba\u011flanmadan s\u00fclhd\u0259n s\u00f6hb\u0259t ged\u0259 bilm\u0259z&#8221;. Bunu Erm\u0259nistan\u0131n Ba\u015f naziri Nikol Pa\u015finyan bu g\u00fcn xalqa m\u00fcraci\u0259tind\u0259 deyib. Ba\u015f nazir bildirib ki, Qaraba\u011f m\u0259s\u0259l\u0259si b\u0259zi q\u00fcvv\u0259l\u0259r t\u0259r\u0259find\u0259n Erm\u0259nistan\u0131n m\u00fcst\u0259qilliyi v\u0259 d\u00f6vl\u0259t\u00e7iliyini inki\u015faf etdirm\u0259sinin qar\u015f\u0131s\u0131n\u0131 almaq \u00fc\u00e7\u00fcn al\u0259t kimi&hellip;<\/p>\n","protected":false},"author":2,"featured_media":821330,"comment_status":"closed","ping_status":"closed","sticky":false,"template":"","format":"standard","meta":{"om_disable_all_campaigns":false,"_monsterinsights_skip_tracking":false,"_monsterinsights_sitenote_active":false,"_monsterinsights_sitenote_note":"","_monsterinsights_sitenote_category":0},"categories":[19],"tags":[],"aioseo_notices":[],"gutentor_comment":0,"rttpg_featured_image_url":{"full":["https:\/\/arantv.az\/wp-content\/uploads\/2025\/08\/a37f136ea3efbd5863d76c29bd74945d.jpg",700,394,false],"landscape":["https:\/\/arantv.az\/wp-content\/uploads\/2025\/08\/a37f136ea3efbd5863d76c29bd74945d.jpg",700,394,false],"portraits":["https:\/\/arantv.az\/wp-content\/uploads\/2025\/08\/a37f136ea3efbd5863d76c29bd74945d.jpg",700,394,false],"thumbnail":["https:\/\/arantv.az\/wp-content\/uploads\/2025\/08\/a37f136ea3efbd5863d76c29bd74945d-500x280.jpg",500,280,true],"medium":["https:\/\/arantv.az\/wp-content\/uploads\/2025\/08\/a37f136ea3efbd5863d76c29bd74945d-648x365.jpg",648,365,true],"large":["https:\/\/arantv.az\/wp-content\/uploads\/2025\/08\/a37f136ea3efbd5863d76c29bd74945d.jpg",640,360,false],"1536x1536":["https:\/\/arantv.az\/wp-content\/uploads\/2025\/08\/a37f136ea3efbd5863d76c29bd74945d.jpg",700,394,false],"2048x2048":["https:\/\/arantv.az\/wp-content\/uploads\/2025\/08\/a37f136ea3efbd5863d76c29bd74945d.jpg",700,394,false],"post-thumbnail":["https:\/\/arantv.az\/wp-content\/uploads\/2025\/08\/a37f136ea3efbd5863d76c29bd74945d-240x172.jpg",240,172,true],"advps-thumb-one":["https:\/\/arantv.az\/wp-content\/uploads\/2025\/08\/a37f136ea3efbd5863d76c29bd74945d.jpg",700,394,false]},"rttpg_author":{"display_name":"V\u00fcsal Rafiqo\u011flu","author_link":"https:\/\/arantv.az\/?author=2"},"rttpg_comment":0,"rttpg_category":"<a href=\"https:\/\/arantv.az\/?cat=19\" rel=\"category\">G\u00fcnd\u0259m<\/a>","rttpg_excerpt":"&#8220;Qaraba\u011f m\u0259s\u0259l\u0259sinin Va\u015finqton raz\u0131la\u015fmas\u0131 il\u0259 bird\u0259f\u0259lik ba\u011fland\u0131\u011f\u0131 bar\u0259d\u0259 t\u0259nqidl\u0259r e\u015fidir\u0259m. Xat\u0131rlatmal\u0131yam ki, h\u0259l\u0259 2025-ci ilin mart\u0131nda m\u0259n parlamentd\u0259 a\u00e7\u0131q \u015f\u0259kild\u0259 b\u0259yan etmi\u015fdim ki, Erm\u0259nistan\u0131 Qaraba\u011f h\u0259r\u0259kat\u0131n\u0131n davam etdirilm\u0259sini istisna ed\u0259n yolla aparaca\u011fam. Demi\u015fdim ki, xalq bununla raz\u0131 deyils\u0259, onu inqilaba \u00e7a\u011f\u0131r\u0131ram. Xalq &#8211; siz, \u0259ziz v\u0259t\u0259nda\u015flar, ona g\u00f6r\u0259 inqilab etm\u0259diniz ki, anlad\u0131n\u0131z: Qaraba\u011f m\u0259s\u0259l\u0259si ba\u011flanmadan&hellip;","_links":{"self":[{"href":"https:\/\/arantv.az\/index.php?rest_route=\/wp\/v2\/posts\/821329"}],"collection":[{"href":"https:\/\/arantv.az\/index.php?rest_route=\/wp\/v2\/posts"}],"about":[{"href":"https:\/\/arantv.az\/index.php?rest_route=\/wp\/v2\/types\/post"}],"author":[{"embeddable":true,"href":"https:\/\/arantv.az\/index.php?rest_route=\/wp\/v2\/users\/2"}],"replies":[{"embeddable":true,"href":"https:\/\/arantv.az\/index.php?rest_route=%2Fwp%2Fv2%2Fcomments&post=821329"}],"version-history":[{"count":1,"href":"https:\/\/arantv.az\/index.php?rest_route=\/wp\/v2\/posts\/821329\/revisions"}],"predecessor-version":[{"id":821331,"href":"https:\/\/arantv.az\/index.php?rest_route=\/wp\/v2\/posts\/821329\/revisions\/821331"}],"wp:featuredmedia":[{"embeddable":true,"href":"https:\/\/arantv.az\/index.php?rest_route=\/wp\/v2\/media\/821330"}],"wp:attachment":[{"href":"https:\/\/arantv.az\/index.php?rest_route=%2Fwp%2Fv2%2Fmedia&parent=821329"}],"wp:term":[{"taxonomy":"category","embeddable":true,"href":"https:\/\/arantv.az\/index.php?rest_route=%2Fwp%2Fv2%2Fcategories&post=821329"},{"taxonomy":"post_tag","embeddable":true,"href":"https:\/\/arantv.az\/index.php?rest_route=%2Fwp%2Fv2%2Ftags&post=821329"}],"curies":[{"name":"wp","href":"https:\/\/api.w.org\/{rel}","templated":true}]}}