{"id":821335,"date":"2025-08-18T22:36:20","date_gmt":"2025-08-18T18:36:20","guid":{"rendered":"https:\/\/arantv.az\/?p=821335"},"modified":"2025-08-18T22:36:20","modified_gmt":"2025-08-18T18:36:20","slug":"bmt-bas-katibi-yaponiyaya-s%c9%99f%c9%99r-ed%c9%99c%c9%99k","status":"publish","type":"post","link":"https:\/\/arantv.az\/?p=821335","title":{"rendered":"BMT ba\u015f katibi Yaponiyaya s\u0259f\u0259r ed\u0259c\u0259k"},"content":{"rendered":"<p>BMT ba\u015f katibi Antoniu Quterre\u015f Yaponiyaya s\u0259f\u0259r ed\u0259c\u0259k.<\/p>\n<p>\u201cReport\u201dun AB\u015e b\u00fcrosu x\u0259b\u0259r verir ki, bunu BMT Ba\u015f katibinin r\u0259smi n\u00fcmay\u0259nd\u0259si Stefan Dujarrik jurnalistl\u0259r\u0259 a\u00e7\u0131qlamas\u0131nda bildirib.<\/p>\n<p>O, ba\u015f katib 20-22 avqustda Yaponiyada ke\u00e7iril\u0259c\u0259k Afrikan\u0131n \u0130nki\u015faf\u0131na dair Tokio Beyn\u0259lxalq Konfrans\u0131nda i\u015ftirak ed\u0259c\u0259k v\u0259 BMT-nin d\u0259 n\u00fcmayi\u015f olundu\u011fu d\u00fcnya s\u0259rgisin\u0259 ba\u015f \u00e7\u0259k\u0259c\u0259k.<\/p>\n<p>S\u0259f\u0259r \u00e7\u0259r\u00e7iv\u0259sind\u0259 A.Quterre\u015f Yaponiyan\u0131n Ba\u015f naziri \u015eigeru \u0130\u015fiba il\u0259 g\u00f6r\u00fc\u015f\u0259c\u0259k, h\u0259m\u00e7inin \u00f6lk\u0259nin ke\u00e7mi\u015f paytaxt\u0131 Kiotoya s\u0259f\u0259r ed\u0259c\u0259k.<\/p>\n","protected":false},"excerpt":{"rendered":"<p>BMT ba\u015f katibi Antoniu Quterre\u015f Yaponiyaya s\u0259f\u0259r ed\u0259c\u0259k. \u201cReport\u201dun AB\u015e b\u00fcrosu x\u0259b\u0259r verir ki, bunu BMT Ba\u015f katibinin r\u0259smi n\u00fcmay\u0259nd\u0259si Stefan Dujarrik jurnalistl\u0259r\u0259 a\u00e7\u0131qlamas\u0131nda bildirib. O, ba\u015f katib 20-22 avqustda Yaponiyada ke\u00e7iril\u0259c\u0259k Afrikan\u0131n \u0130nki\u015faf\u0131na dair Tokio Beyn\u0259lxalq Konfrans\u0131nda i\u015ftirak ed\u0259c\u0259k v\u0259 BMT-nin d\u0259 n\u00fcmayi\u015f olundu\u011fu d\u00fcnya s\u0259rgisin\u0259 ba\u015f \u00e7\u0259k\u0259c\u0259k. S\u0259f\u0259r \u00e7\u0259r\u00e7iv\u0259sind\u0259 A.Quterre\u015f Yaponiyan\u0131n Ba\u015f naziri \u015eigeru \u0130\u015fiba il\u0259 g\u00f6r\u00fc\u015f\u0259c\u0259k, h\u0259m\u00e7inin \u00f6lk\u0259nin ke\u00e7mi\u015f paytaxt\u0131 Kiotoya s\u0259f\u0259r ed\u0259c\u0259k.<\/p>\n","protected":false},"author":2,"featured_media":821336,"comment_status":"closed","ping_status":"closed","sticky":false,"template":"","format":"standard","meta":{"om_disable_all_campaigns":false,"_monsterinsights_skip_tracking":false,"_monsterinsights_sitenote_active":false,"_monsterinsights_sitenote_note":"","_monsterinsights_sitenote_category":0},"categories":[7],"tags":[],"aioseo_notices":[],"gutentor_comment":0,"rttpg_featured_image_url":{"full":["https:\/\/arantv.az\/wp-content\/uploads\/2025\/08\/02b0f9e2773a3d424f91652f594fc36b.png",810,500,false],"landscape":["https:\/\/arantv.az\/wp-content\/uploads\/2025\/08\/02b0f9e2773a3d424f91652f594fc36b.png",810,500,false],"portraits":["https:\/\/arantv.az\/wp-content\/uploads\/2025\/08\/02b0f9e2773a3d424f91652f594fc36b.png",810,500,false],"thumbnail":["https:\/\/arantv.az\/wp-content\/uploads\/2025\/08\/02b0f9e2773a3d424f91652f594fc36b-500x280.png",500,280,true],"medium":["https:\/\/arantv.az\/wp-content\/uploads\/2025\/08\/02b0f9e2773a3d424f91652f594fc36b-591x365.png",591,365,true],"large":["https:\/\/arantv.az\/wp-content\/uploads\/2025\/08\/02b0f9e2773a3d424f91652f594fc36b.png",640,395,false],"1536x1536":["https:\/\/arantv.az\/wp-content\/uploads\/2025\/08\/02b0f9e2773a3d424f91652f594fc36b.png",810,500,false],"2048x2048":["https:\/\/arantv.az\/wp-content\/uploads\/2025\/08\/02b0f9e2773a3d424f91652f594fc36b.png",810,500,false],"post-thumbnail":["https:\/\/arantv.az\/wp-content\/uploads\/2025\/08\/02b0f9e2773a3d424f91652f594fc36b-240x172.png",240,172,true],"advps-thumb-one":["https:\/\/arantv.az\/wp-content\/uploads\/2025\/08\/02b0f9e2773a3d424f91652f594fc36b.png",810,500,false]},"rttpg_author":{"display_name":"V\u00fcsal Rafiqo\u011flu","author_link":"https:\/\/arantv.az\/?author=2"},"rttpg_comment":0,"rttpg_category":"<a href=\"https:\/\/arantv.az\/?cat=7\" rel=\"category\">D\u00fcnya<\/a>","rttpg_excerpt":"BMT ba\u015f katibi Antoniu Quterre\u015f Yaponiyaya s\u0259f\u0259r ed\u0259c\u0259k. \u201cReport\u201dun AB\u015e b\u00fcrosu x\u0259b\u0259r verir ki, bunu BMT Ba\u015f katibinin r\u0259smi n\u00fcmay\u0259nd\u0259si Stefan Dujarrik jurnalistl\u0259r\u0259 a\u00e7\u0131qlamas\u0131nda bildirib. O, ba\u015f katib 20-22 avqustda Yaponiyada ke\u00e7iril\u0259c\u0259k Afrikan\u0131n \u0130nki\u015faf\u0131na dair Tokio Beyn\u0259lxalq Konfrans\u0131nda i\u015ftirak ed\u0259c\u0259k v\u0259 BMT-nin d\u0259 n\u00fcmayi\u015f olundu\u011fu d\u00fcnya s\u0259rgisin\u0259 ba\u015f \u00e7\u0259k\u0259c\u0259k. S\u0259f\u0259r \u00e7\u0259r\u00e7iv\u0259sind\u0259 A.Quterre\u015f Yaponiyan\u0131n Ba\u015f naziri&hellip;","_links":{"self":[{"href":"https:\/\/arantv.az\/index.php?rest_route=\/wp\/v2\/posts\/821335"}],"collection":[{"href":"https:\/\/arantv.az\/index.php?rest_route=\/wp\/v2\/posts"}],"about":[{"href":"https:\/\/arantv.az\/index.php?rest_route=\/wp\/v2\/types\/post"}],"author":[{"embeddable":true,"href":"https:\/\/arantv.az\/index.php?rest_route=\/wp\/v2\/users\/2"}],"replies":[{"embeddable":true,"href":"https:\/\/arantv.az\/index.php?rest_route=%2Fwp%2Fv2%2Fcomments&post=821335"}],"version-history":[{"count":1,"href":"https:\/\/arantv.az\/index.php?rest_route=\/wp\/v2\/posts\/821335\/revisions"}],"predecessor-version":[{"id":821338,"href":"https:\/\/arantv.az\/index.php?rest_route=\/wp\/v2\/posts\/821335\/revisions\/821338"}],"wp:featuredmedia":[{"embeddable":true,"href":"https:\/\/arantv.az\/index.php?rest_route=\/wp\/v2\/media\/821336"}],"wp:attachment":[{"href":"https:\/\/arantv.az\/index.php?rest_route=%2Fwp%2Fv2%2Fmedia&parent=821335"}],"wp:term":[{"taxonomy":"category","embeddable":true,"href":"https:\/\/arantv.az\/index.php?rest_route=%2Fwp%2Fv2%2Fcategories&post=821335"},{"taxonomy":"post_tag","embeddable":true,"href":"https:\/\/arantv.az\/index.php?rest_route=%2Fwp%2Fv2%2Ftags&post=821335"}],"curies":[{"name":"wp","href":"https:\/\/api.w.org\/{rel}","templated":true}]}}