{"id":821374,"date":"2025-08-19T09:15:19","date_gmt":"2025-08-19T05:15:19","guid":{"rendered":"https:\/\/arantv.az\/?p=821374"},"modified":"2025-08-19T09:15:19","modified_gmt":"2025-08-19T05:15:19","slug":"az%c9%99rbaycandan-absurd-t%c9%99l%c9%99b-tarix-d%c9%99rsliyini-d%c9%99yism%c9%99liyik","status":"publish","type":"post","link":"https:\/\/arantv.az\/?p=821374","title":{"rendered":"Az\u0259rbaycandan absurd t\u0259l\u0259b: tarix d\u0259rsliyini d\u0259yi\u015fm\u0259liyik?"},"content":{"rendered":"<h3><strong>Qafar \u00c7axmaql\u0131: \u201cErm\u0259ni d\u0259rs kitablar\u0131 k\u00f6k\u00fcnd\u0259n d\u0259yi\u015fm\u0259lidir, \u00e7\u00fcnki&#8230;\u201d<\/strong><\/h3>\n<p><strong>Erm\u0259nistanda Az\u0259rbaycan\u0131n tarix d\u0259rslikl\u0259rin\u0259 d\u0259yi\u015fiklik edilm\u0259si \u00e7a\u011f\u0131r\u0131\u015flar\u0131 e\u015fidilir. M\u0259s\u0259l\u0259n, ekspert Tatevik Ayrapetyan yaz\u0131b ki, \u00fcmumt\u0259hsil m\u0259kt\u0259bl\u0259ri \u00fc\u00e7\u00fcn Az\u0259rbaycan d\u0259rslikl\u0259rin\u0259 d\u0259yi\u015fiklik t\u0259l\u0259b edilm\u0259lidir.<\/strong><\/p>\n<p>Onun s\u00f6zl\u0259rin\u0259\u00a0 g\u00f6r\u0259, m\u0259s\u0259l\u0259n, Az\u0259rbaycan\u0131n 5-ci sinif d\u0259rsliyind\u0259 yaz\u0131l\u0131b: \u201cErm\u0259nistan SSR tarixi Az\u0259rbaycan torpaqlar\u0131n\u0131n q\u0259rb hiss\u0259sind\u0259 yarad\u0131lm\u0131\u015fd\u0131r. Sonralar Moskva r\u0259hb\u0259rliyi Az\u0259rbaycan SSR-y\u0259 m\u0259xsus torpaqlar\u0131n bir hiss\u0259sini, o c\u00fcml\u0259d\u0259n \u015e\u0259rur-D\u0259r\u0259l\u0259y\u0259z v\u0259 Q\u0259rbi Z\u0259ng\u0259zuru Erm\u0259nistan SSR-y\u0259 verdi. N\u0259tic\u0259d\u0259 Az\u0259rbaycan Nax\u00e7\u0131vandan ayr\u0131ld\u0131. Ata-baba yurdlar\u0131ndan zorla qovulan soyda\u015flar\u0131m\u0131z sonradan &#8220;Q\u0259rbi Az\u0259rbaycan&#8221; icmas\u0131n\u0131 yaratd\u0131lar. Bu icma Q\u0259rbi Az\u0259rbaycanda tarixi irsimizin qorunub saxlanmas\u0131n\u0131, k\u00f6\u00e7k\u00fcn \u0259halinin h\u00fcquqlar\u0131n\u0131 beyn\u0259lxalq t\u0259\u015fkilatlarda m\u00fcdafi\u0259 edir. Onlar \u00f6z v\u0259t\u0259nl\u0259rin\u0259 qay\u0131tmaq \u00fc\u00e7\u00fcn m\u00fcbariz\u0259ni davam etdirirl\u0259r&#8221;.<\/p>\n<p><strong>Bu, Az\u0259rbaycanda b\u00fct\u00f6v bir n\u0259slin yeti\u015fdirildiyi Erm\u0259nistan Respublikas\u0131na qar\u015f\u0131 d\u00f6vl\u0259t t\u0259bli\u011fat proqram\u0131 deyils\u0259, n\u0259dir? Yeri g\u0259lmi\u015fk\u0259n, qeyd edim ki, 2020-ci ild\u0259n d\u0259rslikl\u0259r d\u0259yi\u015fdirilib, bununla ba\u011fl\u0131 m\u0259n bir daha \u00f6z ara\u015fd\u0131rmalar\u0131m\u0131 payla\u015faca\u011fam&#8221;, &#8211; Ayrapetyan yaz\u0131b.<\/strong><\/p>\n<p>Bu kimi \u00e7a\u011f\u0131r\u0131\u015flar n\u0259d\u0259n x\u0259b\u0259r verir? Erm\u0259nistan\u0131n yaranma tarixinin \u015fahidi olan el\u0259 insanlar var ki, h\u0259l\u0259 d\u00fcnyas\u0131n\u0131 d\u0259yi\u015fm\u0259yib. Biz Erm\u0259nistan\u0131n xo\u015funa g\u0259lsin dey\u0259 tariximizi t\u0259hrif etm\u0259liyikmi? B\u00fct\u00fcn d\u00fcnyaya b\u0259llidir ki, Erm\u0259nistan adl\u0131 d\u00f6vl\u0259t C\u0259nubi Qafqazda Rusiyan\u0131n t\u0259\u015f\u0259bb\u00fcs\u00fc il\u0259, Az\u0259rbaycan torpaqlar\u0131nda yarad\u0131l\u0131b. Erm\u0259nil\u0259rin C\u0259nubi Qafqaza k\u00f6\u00e7\u00fc is\u0259 1828-ci ild\u0259 \u0130ranla Rusiya aras\u0131nda ba\u011flanan T\u00fcrkm\u0259n\u00e7ay s\u00fclh m\u00fcqavil\u0259sind\u0259n sonra ba\u015flay\u0131b. Bunu bildiyimiz halda, Va\u015finqton raz\u0131la\u015fmas\u0131ndan sonra tarix d\u0259rslikl\u0259rin\u0259 d\u0259yi\u015fiklik etm\u0259liyikmi?<\/p>\n<p><strong>M\u00f6vzu il\u0259 ba\u011fl\u0131 Erm\u0259ni Ara\u015fd\u0131rmalar\u0131 M\u0259rk\u0259zinin r\u0259hb\u0259ri, erm\u0259ni\u015f\u00fcnas alim Qafar \u00c7axmaql\u0131 \u201cYeni M\u00fcsavat\u201da dan\u0131\u015f\u0131b. Qafar \u00c7axmaql\u0131 qeyd edib ki, Tatevik Hayrapetyan kimi \u015f\u0259xsl\u0259r ill\u0259rdir Az\u0259rbaycan h\u0259qiq\u0259tl\u0259rini t\u0259hrif etm\u0259kl\u0259 m\u0259\u015f\u011fuldur v\u0259 bu i\u015fd\u0259 ucuz t\u0259bli\u011fat \u00fcsullar\u0131ndan istifad\u0259 edirl\u0259r:<\/strong>\u00a0\u201cTatevik Hayrapetyan \u00fczd\u0259niraq az\u0259rbaycan\u015f\u00fcnaslardan biridir v\u0259 yaz\u0131lar\u0131nda, \u00e7\u0131x\u0131\u015flar\u0131nda erm\u0259ni c\u0259miyy\u0259tin\u0259 Az\u0259rbaycan ger\u00e7\u0259kl\u0259rini t\u0259hrif etm\u0259kl\u0259 m\u0259\u015f\u011fuldur. H\u0259m d\u0259 bu i\u015fi g\u00f6r\u0259rk\u0259n bel\u0259 ucuz \u00fcsullardan istifad\u0259 edir. O, t\u0259k deyil. Az\u0259rbaycan d\u0259rs kitablar\u0131nda tarixi ger\u00e7\u0259kl\u0259ri d\u0259yi\u015fdirm\u0259k fikrini t\u0259lqin ed\u0259rk\u0259n, bel\u0259 dem\u0259k m\u00fcmk\u00fcns\u0259, qabaqdang\u0259lmi\u015flik edir.<\/p>\n<p><img src=\"https:\/\/lh5.googleusercontent.com\/proxy\/1IbONt0dvnYMBOjtUVxk74gxVSZY24CmAS9xLjpTJEGnL8T2lB7iF71bHLPRwnv562mhfhiKnSVQWM_vtQ8UMsFGNuhf2QLwaypMNrEN0AHF31duxYolUsdCHRe7Gw\" alt=\"Bu, Rusiyan\u0131 imperialist maraqlardan \u00e7\u0259kindirm\u0259yin bir yoludur\u201d - Qafar  \u00c7axmaql\u0131\" \/><\/p>\n<p><strong>Qafar \u00c7axmaql\u0131\u00a0<\/strong><\/p>\n<p>\u018fslind\u0259 h\u0259l\u0259 Va\u015finqton b\u0259yannam\u0259si yay\u0131lmam\u0131\u015fdan \u00f6nc\u0259 erm\u0259ni d\u0259rs kitablar\u0131nda d\u0259yi\u015fiklik m\u0259s\u0259l\u0259si Erm\u0259nistan\u0131n \u00f6z\u00fcnd\u0259 xeyli m\u00fczakir\u0259 edilmi\u015fdi. H\u0259tta bu m\u00fczakir\u0259l\u0259r\u0259 Pa\u015finyan\u0131n \u00f6z\u00fc d\u0259 qo\u015fulmu\u015fdu. Erm\u0259ni irq\u00e7i d\u00fc\u015f\u00fcnc\u0259sinin bu kitablarda yer almas\u0131 fakt\u0131 dan\u0131lmaz ger\u00e7\u0259kdir v\u0259 Erm\u0259nistanda bu proses art\u0131q ba\u015flanmaqdad\u0131r. Erm\u0259nistan T\u0259hsil Nazirliyin\u0259 2024-c\u00fc ild\u0259 h\u00f6kum\u0259tin bu y\u00f6nd\u0259 t\u0259limat\u0131 verilib. \u0130ndi Erm\u0259nistanda Tatevikin dilind\u0259n bel\u0259 bir iddian\u0131n s\u0259sl\u0259ndirilm\u0259si il\u0259 dem\u0259k ist\u0259yirl\u0259r ki, \u0259g\u0259r biz d\u0259rs kitablar\u0131n\u0131 d\u0259yi\u015fdiririks\u0259, o zaman Az\u0259rbaycan da bunu etsin. Va\u015finqton b\u0259yannam\u0259sind\u0259 bel\u0259 add\u0131m\u0131n at\u0131lmas\u0131 t\u0259r\u0259fl\u0259rin \u00f6hd\u0259liyi kimi g\u00f6st\u0259rilir. Bu is\u0259 yen\u0259 d\u0259 bir erm\u0259ni bicliyidir &#8211; f\u00fcrs\u0259td\u0259n istifad\u0259 etm\u0259k c\u0259hdidir&#8221;.<\/p>\n<p><strong>Onun s\u00f6zl\u0259rin\u0259 g\u00f6r\u0259, Erm\u0259nistan d\u0259rs kitablar\u0131nda saxta tarix t\u0259qdim olunmaqla yana\u015f\u0131, irq\u00e7i v\u0259 \u015fovinist ideologiya da a\u015f\u0131lan\u0131r. Erm\u0259nistanda u\u015faqlar h\u0259l\u0259 m\u0259kt\u0259b partas\u0131ndan Az\u0259rbaycan v\u0259 T\u00fcrkiy\u0259y\u0259 nifr\u0259t ruhunda b\u00f6y\u00fcd\u00fcl\u00fcr:<\/strong>\u00a0\u201cOnlar\u0131n dil\u0259 g\u0259tirdiyi d\u0259rs kitablar\u0131nda Erm\u0259nistan d\u00f6vl\u0259tinin Az\u0259rbaycan torpaqlar\u0131nda yarad\u0131lmas\u0131 fakt\u0131, 1920-ci ild\u0259 Q\u0259rbi Z\u0259ng\u0259zurun, \u015e\u0259rur-D\u0259r\u0259l\u0259y\u0259zin, G\u00f6y\u00e7\u0259 \u0259traf\u0131 k\u0259ndl\u0259rin Erm\u0259nistan SSR-\u0259 verilm\u0259si hans\u0131 yanl\u0131\u015fl\u0131qd\u0131r? B\u0259li, 1918-ci ild\u0259 elan olunan Erm\u0259nistan d\u00f6vl\u0259ti Az\u0259rbaycan torpaqlar\u0131nda yarad\u0131l\u0131b. O zaman bu respublikan\u0131n \u0259razisi 9 min kvadrat kilometr idi. B\u0259s nec\u0259 oldu ki, Erm\u0259nistan\u0131n \u0259razisi 29 min 743 kvadrat kilometr\u0259 \u00e7atd\u0131? Biz u\u015faqlar\u0131m\u0131za bunlar\u0131 izah etm\u0259m\u0259liyikmi? Q\u0259rbi Az\u0259rbaycanla ba\u011fl\u0131 qurumun d\u0259rs kitablar\u0131nda \u00f6yr\u0259dilm\u0259sind\u0259 n\u0259 q\u0259bah\u0259t var? Amma Erm\u0259nistan d\u0259rs kitablar\u0131nda Az\u0259rbaycana, T\u00fcrkiy\u0259y\u0259 qar\u015f\u0131 \u0259razi iddialar\u0131 yer al\u0131r, biz\u0259 nifr\u0259t a\u015f\u0131lan\u0131r.<\/p>\n<p>Bu m\u0259s\u0259l\u0259l\u0259rl\u0259 ba\u011fl\u0131 m\u0259nim yazd\u0131\u011f\u0131m m\u0259qal\u0259l\u0259r var. Erm\u0259ni d\u0259rs kitablar\u0131nda fa\u015fizm t\u0259bli\u011f olunur, terror\u00e7ular q\u0259hr\u0259man kimi t\u0259qdim edilir. X\u00fcsusil\u0259 tarix d\u0259rs kitablar\u0131nda Andranik Ozanyan, Garegin Njde, So\u011fomon Teyliryan, Monte Melkonyan erm\u0259ni mill\u0259tinin q\u0259hr\u0259manlar\u0131 hesab olunur. Erm\u0259nic\u0259 d\u0259rs kitablar\u0131nda Njded\u0259n b\u0259hs edil\u0259n hiss\u0259d\u0259 onun fa\u015fizmi t\u0259bli\u011f ed\u0259n, bununla \u00f6y\u00fcn\u0259n fikri verilir:<\/p>\n<p><strong>\u201cFa\u015fizmin varl\u0131\u011f\u0131, hitlerizm haqq\u0131nda bir bilgi yoxk\u0259n bu ideologiyan\u0131 1919-da S\u00fcnik da\u011flar\u0131nda bizim David Bek qisas\u00e7\u0131lar\u0131 ayaqda tuturdular\u201d.<\/strong><\/p>\n<p>H\u0259min d\u00f6vrd\u0259 v\u0259 daha sonrak\u0131 ill\u0259rd\u0259 Njde da\u015fnaklar t\u0259r\u0259find\u0259n n\u0259\u015fr olunan \u201cHayastan\u201d (Plovdiv), \u201cAraks\u201d (Sofiya), \u201cAzatamart\u201d (Paris) kimi m\u00fcxt\u0259lif jurnal v\u0259 q\u0259zetl\u0259rd\u0259 aktiv rol alm\u0131\u015fd\u0131. B\u00fct\u00fcn yaz\u0131lar\u0131n\u0131n t\u0259k h\u0259d\u0259fi t\u00fcrkl\u0259r v\u0259 T\u00fcrkiy\u0259, Az\u0259rbaycan idi. T\u0259k m\u0259qs\u0259di d\u0259 xarici \u00f6lk\u0259l\u0259r\u0259 da\u011f\u0131lm\u0131\u015f erm\u0259nil\u0259rd\u0259 t\u00fcrkl\u0259r\u0259 qar\u015f\u0131 genetik bir nifr\u0259t meydana g\u0259tirm\u0259k idi. 1919-cu il\u0259 aid erm\u0259nic\u0259 s\u0259n\u0259dl\u0259rd\u0259 b\u00fct\u00fcn bunlar \u00f6z \u0259ksini tap\u0131b &#8211; Az\u0259rbaycan v\u0259 T\u00fcrkiy\u0259y\u0259, \u00fcmumilikd\u0259 mill\u0259timiz\u0259 genetik nifr\u0259t!<\/p>\n<p><strong>9-cu sinifl\u0259r \u00fc\u00e7\u00fcn \u201cErm\u0259ni tarixi\u201d kitab\u0131nda (\u201cErm\u0259ni tarixi. Yeni d\u00f6vr. 2-ci hiss\u0259. D\u0259rs kitab\u0131. 9-cu sinifl\u0259r \u00fc\u00e7\u00fcn. \u0130r\u0259van, Marmar, 2019, s.96) Njde bel\u0259 t\u0259qdim olunur: \u201dKiml\u0259r \u00fc\u00e7\u00fcns\u0259 \u2018h\u0259rbi cani\u2019, bizim \u00fc\u00e7\u00fcn is\u0259 Erm\u0259nistan\u0131n xilaskar\u0131d\u0131r Garegin Njde.&#8221;<\/strong><\/p>\n<p>Kitab\u0131n ba\u015fqa bir yerind\u0259 is\u0259 Njdenin bu fikirl\u0259ri \u00e7atd\u0131r\u0131l\u0131r: \u201cKim T\u00fcrkiy\u0259 il\u0259 b\u0259rab\u0259rdirs\u0259, o m\u0259nim mill\u0259timin v\u0259 bizim tarixi \u0259razil\u0259rimiz\u0259 sahib olma haqq\u0131m\u0131z\u0131n d\u00fc\u015fm\u0259nidir&#8230; El\u0259 bir d\u00fc\u015fm\u0259n ki, onu he\u00e7 Allah bel\u0259 m\u0259niml\u0259 bar\u0131\u015fd\u0131ra bilm\u0259z. Budur m\u0259nim siyasi davran\u0131\u015f t\u0259rzim&#8230;\u201d<\/p>\n<p>D\u0259rs kitablar\u0131nda bel\u0259 irq\u00e7i d\u00fc\u015f\u00fcnc\u0259l\u0259r olduqca \u00e7oxdur. H\u0259l\u0259 m\u0259n \u00e7ap edil\u0259n kitablar\u0131, b\u0259zi erm\u0259ni yaz\u0131\u00e7\u0131lar\u0131n\u0131 demir\u0259m ki, onlar da d\u00fc\u015fm\u0259n\u00e7iliyi t\u0259bli\u011f edirl\u0259r. Erm\u0259ni d\u0259rs kitablar\u0131 k\u00f6k\u00fcnd\u0259n d\u0259yi\u015fm\u0259lidir. Bunu ed\u0259c\u0259kl\u0259rmi? Tatevik kimi \u201caz\u0259rbaycan\u015f\u00fcnaslar\u0131n\u201d biz\u0259 h\u00fccumlar\u0131n\u0131n arxas\u0131nda b\u0259lli m\u0259tl\u0259b dayan\u0131r: onlar\u0131 d\u0259yi\u015fdirm\u0259m\u0259k, fa\u015fist ideologiyadan imtina etm\u0259m\u0259k \u00fc\u00e7\u00fcn b\u0259han\u0259l\u0259r axtarmaq&#8230; Tan\u0131\u015f erm\u0259ni \u00fcsuludur&#8221;.<\/p>\n<p><strong>Xalid\u0259 G\u018fRAY,<\/strong><br \/>\n<strong>\u201cYeni M\u00fcsavat\u201d<\/strong><\/p>\n","protected":false},"excerpt":{"rendered":"<p>Qafar \u00c7axmaql\u0131: \u201cErm\u0259ni d\u0259rs kitablar\u0131 k\u00f6k\u00fcnd\u0259n d\u0259yi\u015fm\u0259lidir, \u00e7\u00fcnki&#8230;\u201d Erm\u0259nistanda Az\u0259rbaycan\u0131n tarix d\u0259rslikl\u0259rin\u0259 d\u0259yi\u015fiklik edilm\u0259si \u00e7a\u011f\u0131r\u0131\u015flar\u0131 e\u015fidilir. M\u0259s\u0259l\u0259n, ekspert Tatevik Ayrapetyan yaz\u0131b ki, \u00fcmumt\u0259hsil m\u0259kt\u0259bl\u0259ri \u00fc\u00e7\u00fcn Az\u0259rbaycan d\u0259rslikl\u0259rin\u0259 d\u0259yi\u015fiklik t\u0259l\u0259b edilm\u0259lidir. Onun s\u00f6zl\u0259rin\u0259\u00a0 g\u00f6r\u0259, m\u0259s\u0259l\u0259n, Az\u0259rbaycan\u0131n 5-ci sinif d\u0259rsliyind\u0259 yaz\u0131l\u0131b: \u201cErm\u0259nistan SSR tarixi Az\u0259rbaycan torpaqlar\u0131n\u0131n q\u0259rb hiss\u0259sind\u0259 yarad\u0131lm\u0131\u015fd\u0131r. Sonralar Moskva r\u0259hb\u0259rliyi Az\u0259rbaycan SSR-y\u0259 m\u0259xsus torpaqlar\u0131n bir hiss\u0259sini, o c\u00fcml\u0259d\u0259n \u015e\u0259rur-D\u0259r\u0259l\u0259y\u0259z v\u0259 Q\u0259rbi Z\u0259ng\u0259zuru Erm\u0259nistan SSR-y\u0259 verdi. N\u0259tic\u0259d\u0259 Az\u0259rbaycan Nax\u00e7\u0131vandan ayr\u0131ld\u0131. Ata-baba yurdlar\u0131ndan zorla qovulan soyda\u015flar\u0131m\u0131z sonradan &#8220;Q\u0259rbi Az\u0259rbaycan&#8221; icmas\u0131n\u0131 yaratd\u0131lar. Bu icma Q\u0259rbi Az\u0259rbaycanda tarixi irsimizin qorunub saxlanmas\u0131n\u0131, k\u00f6\u00e7k\u00fcn \u0259halinin h\u00fcquqlar\u0131n\u0131&hellip;<\/p>\n","protected":false},"author":2,"featured_media":821375,"comment_status":"closed","ping_status":"closed","sticky":false,"template":"","format":"standard","meta":{"om_disable_all_campaigns":false,"_monsterinsights_skip_tracking":false,"_monsterinsights_sitenote_active":false,"_monsterinsights_sitenote_note":"","_monsterinsights_sitenote_category":0},"categories":[4],"tags":[],"aioseo_notices":[],"gutentor_comment":0,"rttpg_featured_image_url":{"full":["https:\/\/arantv.az\/wp-content\/uploads\/2025\/08\/df9bf9acab54d0fd2ddf6b8c8bb33277.jpg",870,500,false],"landscape":["https:\/\/arantv.az\/wp-content\/uploads\/2025\/08\/df9bf9acab54d0fd2ddf6b8c8bb33277.jpg",870,500,false],"portraits":["https:\/\/arantv.az\/wp-content\/uploads\/2025\/08\/df9bf9acab54d0fd2ddf6b8c8bb33277.jpg",870,500,false],"thumbnail":["https:\/\/arantv.az\/wp-content\/uploads\/2025\/08\/df9bf9acab54d0fd2ddf6b8c8bb33277-500x280.jpg",500,280,true],"medium":["https:\/\/arantv.az\/wp-content\/uploads\/2025\/08\/df9bf9acab54d0fd2ddf6b8c8bb33277-635x365.jpg",635,365,true],"large":["https:\/\/arantv.az\/wp-content\/uploads\/2025\/08\/df9bf9acab54d0fd2ddf6b8c8bb33277-840x483.jpg",640,368,true],"1536x1536":["https:\/\/arantv.az\/wp-content\/uploads\/2025\/08\/df9bf9acab54d0fd2ddf6b8c8bb33277.jpg",870,500,false],"2048x2048":["https:\/\/arantv.az\/wp-content\/uploads\/2025\/08\/df9bf9acab54d0fd2ddf6b8c8bb33277.jpg",870,500,false],"post-thumbnail":["https:\/\/arantv.az\/wp-content\/uploads\/2025\/08\/df9bf9acab54d0fd2ddf6b8c8bb33277-240x172.jpg",240,172,true],"advps-thumb-one":["https:\/\/arantv.az\/wp-content\/uploads\/2025\/08\/df9bf9acab54d0fd2ddf6b8c8bb33277.jpg",870,500,false]},"rttpg_author":{"display_name":"V\u00fcsal Rafiqo\u011flu","author_link":"https:\/\/arantv.az\/?author=2"},"rttpg_comment":0,"rttpg_category":"<a href=\"https:\/\/arantv.az\/?cat=4\" rel=\"category\">Siyas\u0259t<\/a>","rttpg_excerpt":"Qafar \u00c7axmaql\u0131: \u201cErm\u0259ni d\u0259rs kitablar\u0131 k\u00f6k\u00fcnd\u0259n d\u0259yi\u015fm\u0259lidir, \u00e7\u00fcnki&#8230;\u201d Erm\u0259nistanda Az\u0259rbaycan\u0131n tarix d\u0259rslikl\u0259rin\u0259 d\u0259yi\u015fiklik edilm\u0259si \u00e7a\u011f\u0131r\u0131\u015flar\u0131 e\u015fidilir. M\u0259s\u0259l\u0259n, ekspert Tatevik Ayrapetyan yaz\u0131b ki, \u00fcmumt\u0259hsil m\u0259kt\u0259bl\u0259ri \u00fc\u00e7\u00fcn Az\u0259rbaycan d\u0259rslikl\u0259rin\u0259 d\u0259yi\u015fiklik t\u0259l\u0259b edilm\u0259lidir. Onun s\u00f6zl\u0259rin\u0259\u00a0 g\u00f6r\u0259, m\u0259s\u0259l\u0259n, Az\u0259rbaycan\u0131n 5-ci sinif d\u0259rsliyind\u0259 yaz\u0131l\u0131b: \u201cErm\u0259nistan SSR tarixi Az\u0259rbaycan torpaqlar\u0131n\u0131n q\u0259rb hiss\u0259sind\u0259 yarad\u0131lm\u0131\u015fd\u0131r. Sonralar Moskva r\u0259hb\u0259rliyi Az\u0259rbaycan SSR-y\u0259 m\u0259xsus torpaqlar\u0131n bir&hellip;","_links":{"self":[{"href":"https:\/\/arantv.az\/index.php?rest_route=\/wp\/v2\/posts\/821374"}],"collection":[{"href":"https:\/\/arantv.az\/index.php?rest_route=\/wp\/v2\/posts"}],"about":[{"href":"https:\/\/arantv.az\/index.php?rest_route=\/wp\/v2\/types\/post"}],"author":[{"embeddable":true,"href":"https:\/\/arantv.az\/index.php?rest_route=\/wp\/v2\/users\/2"}],"replies":[{"embeddable":true,"href":"https:\/\/arantv.az\/index.php?rest_route=%2Fwp%2Fv2%2Fcomments&post=821374"}],"version-history":[{"count":2,"href":"https:\/\/arantv.az\/index.php?rest_route=\/wp\/v2\/posts\/821374\/revisions"}],"predecessor-version":[{"id":821377,"href":"https:\/\/arantv.az\/index.php?rest_route=\/wp\/v2\/posts\/821374\/revisions\/821377"}],"wp:featuredmedia":[{"embeddable":true,"href":"https:\/\/arantv.az\/index.php?rest_route=\/wp\/v2\/media\/821375"}],"wp:attachment":[{"href":"https:\/\/arantv.az\/index.php?rest_route=%2Fwp%2Fv2%2Fmedia&parent=821374"}],"wp:term":[{"taxonomy":"category","embeddable":true,"href":"https:\/\/arantv.az\/index.php?rest_route=%2Fwp%2Fv2%2Fcategories&post=821374"},{"taxonomy":"post_tag","embeddable":true,"href":"https:\/\/arantv.az\/index.php?rest_route=%2Fwp%2Fv2%2Ftags&post=821374"}],"curies":[{"name":"wp","href":"https:\/\/api.w.org\/{rel}","templated":true}]}}