{"id":82138,"date":"2019-09-28T12:05:21","date_gmt":"2019-09-28T09:05:21","guid":{"rendered":"http:\/\/arantv.az\/?p=82138"},"modified":"2019-09-28T12:05:21","modified_gmt":"2019-09-28T09:05:21","slug":"az%c9%99rbaycan-balinin-ixrac-cografiyasi-genisl%c9%99nib-nazir-muavini","status":"publish","type":"post","link":"https:\/\/arantv.az\/?p=82138","title":{"rendered":"&#8220;Az\u0259rbaycan bal\u0131n\u0131n ixrac co\u011frafiyas\u0131 geni\u015fl\u0259nib&#8221; &#8211; Nazir m\u00fcavini"},"content":{"rendered":"<blockquote><p><em><strong>Ar\u0131\u00e7\u0131l\u0131q sah\u0259sinin inki\u015faf\u0131 aqrar sektorda m\u0259\u015f\u011fullu\u011fu art\u0131ra bil\u0259r.<\/strong><\/em><\/p><\/blockquote>\n<p><strong>ARANTV.AZ<\/strong>\u00a0\u00a0<a href=\"https:\/\/az.trend.az\/\" target=\"_blank\" rel=\"noopener\">Trend<\/a>-\u0259 istinad\u0259n x\u0259b\u0259r verir ki, bunu Ar\u0131\u00e7\u0131l\u0131q m\u0259hsullar\u0131n\u0131n 20-ci Respublika S\u0259rgi-Sat\u0131\u015f Yarmarkas\u0131n\u0131n a\u00e7\u0131l\u0131\u015f m\u0259rasimind\u0259 K\u0259nd t\u0259s\u0259rr\u00fcfat\u0131 nazirinin m\u00fcavini Seyf\u0259ddin Tal\u0131bov bildirib.<\/p>\n<p>Onun s\u00f6zl\u0259rin\u0259 g\u00f6r\u0259, ar\u0131\u00e7\u0131l\u0131q Az\u0259rbaycan\u0131n q\u0259dim \u0259n\u0259n\u0259l\u0259rin\u0259 malik pe\u015f\u0259 sah\u0259sidir: &#8220;\u00d6lk\u0259mizin aqrar sektorunun inki\u015faf\u0131nda ar\u0131\u00e7\u0131l\u0131\u011f\u0131n \u00f6z\u00fcn\u0259m\u0259xsus yeri var. Son iki ild\u0259 ar\u0131\u00e7\u0131l\u0131q sah\u0259sind\u0259 m\u00fch\u00fcm yenilikl\u0259r olub. Ar\u0131 ail\u0259l\u0259rin say\u0131 be\u015f y\u00fcz \u00fc\u00e7 min\u0259 \u00e7at\u0131b&#8221;.<\/p>\n<p>Nazir m\u00fcavini vur\u011fulay\u0131b ki, \u00f6t\u0259n il 5-6 ton bal ixrac edilmi\u015fdi. \u0130ndi bal\u0131n ixrac\u0131 8 tondan \u00e7ox olub v\u0259 ixrac co\u011frafiyas\u0131 geni\u015fl\u0259nib. Biz ar\u0131\u00e7\u0131l\u0131q m\u0259hsullar\u0131n\u0131n ixrac co\u011frafiyas\u0131n\u0131 daha da geni\u015fl\u0259ndir\u0259 bil\u0259rik&#8221;.<\/p>\n<p>S.Tal\u0131bov \u0259lav\u0259 edib ki, ar\u0131\u00e7\u0131l\u0131\u011f\u0131n yem t\u0259minat\u0131n\u0131n yax\u015f\u0131la\u015fd\u0131r\u0131lmas\u0131 istiqam\u0259tind\u0259 t\u0259dbirl\u0259r h\u0259yata ke\u00e7iril\u0259c\u0259k.<\/p>\n<p>Nazirlik r\u0259smisi vur\u011fulay\u0131b ki, yarmarka bitdikd\u0259n sonra keyfiyy\u0259tsiz ballar sahibl\u0259rin\u0259 geri qaytar\u0131lacaq. Keyfiyy\u0259t d\u0259st\u0259yin\u0259 cavab verm\u0259y\u0259n bal m\u0259hsullar\u0131 haz\u0131rda anbarlarda saxlan\u0131l\u0131r: &#8220;Bu il t\u0259qrib\u0259n 120 min tondan \u00e7ox bal sat\u0131\u015fa \u00e7\u0131xar\u0131l\u0131b. Buna baxmayaraq, 14 faiz\u0259d\u0259k keyfiyy\u0259t d\u0259st\u0259yin\u0259 cavab verm\u0259y\u0259n bal m\u0259hsullar\u0131 sat\u0131\u015fdan uzaqla\u015fd\u0131r\u0131l\u0131b. H\u0259min ballar karantin \u015f\u0259raitd\u0259 anbarlarda saxlan\u0131l\u0131r, yarmarka sona \u00e7atd\u0131qda \u00f6z sahibl\u0259rin\u0259 t\u0259hvil veril\u0259c\u0259k&#8221;.<\/p>\n","protected":false},"excerpt":{"rendered":"<p>Ar\u0131\u00e7\u0131l\u0131q sah\u0259sinin inki\u015faf\u0131 aqrar sektorda m\u0259\u015f\u011fullu\u011fu art\u0131ra bil\u0259r. ARANTV.AZ\u00a0\u00a0Trend-\u0259 istinad\u0259n x\u0259b\u0259r verir ki, bunu Ar\u0131\u00e7\u0131l\u0131q m\u0259hsullar\u0131n\u0131n 20-ci Respublika S\u0259rgi-Sat\u0131\u015f Yarmarkas\u0131n\u0131n a\u00e7\u0131l\u0131\u015f m\u0259rasimind\u0259 K\u0259nd t\u0259s\u0259rr\u00fcfat\u0131 nazirinin m\u00fcavini Seyf\u0259ddin Tal\u0131bov bildirib. Onun s\u00f6zl\u0259rin\u0259 g\u00f6r\u0259, ar\u0131\u00e7\u0131l\u0131q Az\u0259rbaycan\u0131n q\u0259dim \u0259n\u0259n\u0259l\u0259rin\u0259 malik pe\u015f\u0259 sah\u0259sidir: &#8220;\u00d6lk\u0259mizin aqrar sektorunun inki\u015faf\u0131nda ar\u0131\u00e7\u0131l\u0131\u011f\u0131n \u00f6z\u00fcn\u0259m\u0259xsus yeri var. Son iki ild\u0259 ar\u0131\u00e7\u0131l\u0131q sah\u0259sind\u0259 m\u00fch\u00fcm yenilikl\u0259r olub. Ar\u0131 ail\u0259l\u0259rin say\u0131 be\u015f y\u00fcz \u00fc\u00e7 min\u0259 \u00e7at\u0131b&#8221;. Nazir m\u00fcavini vur\u011fulay\u0131b ki, \u00f6t\u0259n il 5-6 ton bal ixrac edilmi\u015fdi. \u0130ndi bal\u0131n ixrac\u0131 8 tondan \u00e7ox olub v\u0259 ixrac co\u011frafiyas\u0131 geni\u015fl\u0259nib. Biz ar\u0131\u00e7\u0131l\u0131q m\u0259hsullar\u0131n\u0131n ixrac co\u011frafiyas\u0131n\u0131&hellip;<\/p>\n","protected":false},"author":2,"featured_media":82139,"comment_status":"closed","ping_status":"closed","sticky":false,"template":"","format":"standard","meta":{"om_disable_all_campaigns":false,"_monsterinsights_skip_tracking":false,"_monsterinsights_sitenote_active":false,"_monsterinsights_sitenote_note":"","_monsterinsights_sitenote_category":0},"categories":[1],"tags":[],"aioseo_notices":[],"gutentor_comment":0,"rttpg_featured_image_url":{"full":["https:\/\/arantv.az\/wp-content\/uploads\/2019\/09\/789925.jpg",800,600,false],"landscape":["https:\/\/arantv.az\/wp-content\/uploads\/2019\/09\/789925.jpg",800,600,false],"portraits":["https:\/\/arantv.az\/wp-content\/uploads\/2019\/09\/789925.jpg",800,600,false],"thumbnail":["https:\/\/arantv.az\/wp-content\/uploads\/2019\/09\/789925-150x150.jpg",150,150,true],"medium":["https:\/\/arantv.az\/wp-content\/uploads\/2019\/09\/789925-300x225.jpg",300,225,true],"large":["https:\/\/arantv.az\/wp-content\/uploads\/2019\/09\/789925.jpg",640,480,false],"1536x1536":["https:\/\/arantv.az\/wp-content\/uploads\/2019\/09\/789925.jpg",800,600,false],"2048x2048":["https:\/\/arantv.az\/wp-content\/uploads\/2019\/09\/789925.jpg",800,600,false],"post-thumbnail":["https:\/\/arantv.az\/wp-content\/uploads\/2019\/09\/789925-240x172.jpg",240,172,true],"advps-thumb-one":["https:\/\/arantv.az\/wp-content\/uploads\/2019\/09\/789925.jpg",800,600,false]},"rttpg_author":{"display_name":"V\u00fcsal Rafiqo\u011flu","author_link":"https:\/\/arantv.az\/?author=2"},"rttpg_comment":0,"rttpg_category":"<a href=\"https:\/\/arantv.az\/?cat=1\" rel=\"category\">C\u0259miyy\u0259t<\/a>","rttpg_excerpt":"Ar\u0131\u00e7\u0131l\u0131q sah\u0259sinin inki\u015faf\u0131 aqrar sektorda m\u0259\u015f\u011fullu\u011fu art\u0131ra bil\u0259r. ARANTV.AZ\u00a0\u00a0Trend-\u0259 istinad\u0259n x\u0259b\u0259r verir ki, bunu Ar\u0131\u00e7\u0131l\u0131q m\u0259hsullar\u0131n\u0131n 20-ci Respublika S\u0259rgi-Sat\u0131\u015f Yarmarkas\u0131n\u0131n a\u00e7\u0131l\u0131\u015f m\u0259rasimind\u0259 K\u0259nd t\u0259s\u0259rr\u00fcfat\u0131 nazirinin m\u00fcavini Seyf\u0259ddin Tal\u0131bov bildirib. Onun s\u00f6zl\u0259rin\u0259 g\u00f6r\u0259, ar\u0131\u00e7\u0131l\u0131q Az\u0259rbaycan\u0131n q\u0259dim \u0259n\u0259n\u0259l\u0259rin\u0259 malik pe\u015f\u0259 sah\u0259sidir: &#8220;\u00d6lk\u0259mizin aqrar sektorunun inki\u015faf\u0131nda ar\u0131\u00e7\u0131l\u0131\u011f\u0131n \u00f6z\u00fcn\u0259m\u0259xsus yeri var. Son iki ild\u0259 ar\u0131\u00e7\u0131l\u0131q sah\u0259sind\u0259 m\u00fch\u00fcm yenilikl\u0259r olub.&hellip;","_links":{"self":[{"href":"https:\/\/arantv.az\/index.php?rest_route=\/wp\/v2\/posts\/82138"}],"collection":[{"href":"https:\/\/arantv.az\/index.php?rest_route=\/wp\/v2\/posts"}],"about":[{"href":"https:\/\/arantv.az\/index.php?rest_route=\/wp\/v2\/types\/post"}],"author":[{"embeddable":true,"href":"https:\/\/arantv.az\/index.php?rest_route=\/wp\/v2\/users\/2"}],"replies":[{"embeddable":true,"href":"https:\/\/arantv.az\/index.php?rest_route=%2Fwp%2Fv2%2Fcomments&post=82138"}],"version-history":[{"count":0,"href":"https:\/\/arantv.az\/index.php?rest_route=\/wp\/v2\/posts\/82138\/revisions"}],"wp:featuredmedia":[{"embeddable":true,"href":"https:\/\/arantv.az\/index.php?rest_route=\/wp\/v2\/media\/82139"}],"wp:attachment":[{"href":"https:\/\/arantv.az\/index.php?rest_route=%2Fwp%2Fv2%2Fmedia&parent=82138"}],"wp:term":[{"taxonomy":"category","embeddable":true,"href":"https:\/\/arantv.az\/index.php?rest_route=%2Fwp%2Fv2%2Fcategories&post=82138"},{"taxonomy":"post_tag","embeddable":true,"href":"https:\/\/arantv.az\/index.php?rest_route=%2Fwp%2Fv2%2Ftags&post=82138"}],"curies":[{"name":"wp","href":"https:\/\/api.w.org\/{rel}","templated":true}]}}