{"id":821383,"date":"2025-08-19T09:31:15","date_gmt":"2025-08-19T05:31:15","guid":{"rendered":"https:\/\/arantv.az\/?p=821383"},"modified":"2025-08-19T09:31:15","modified_gmt":"2025-08-19T05:31:15","slug":"alyaskada-tramp-yolu-sohb%c9%99ti-kreml-vali-d%c9%99yisir","status":"publish","type":"post","link":"https:\/\/arantv.az\/?p=821383","title":{"rendered":"Alyaskada \u201cTramp yolu\u201d s\u00f6hb\u0259ti &#8211; Kreml val\u0131 d\u0259yi\u015fir?"},"content":{"rendered":"<div class=\"text-content\" data-id=\"\" data-url=\"\">\n<h3><strong>Bu h\u0259ft\u0259 Moskva Bak\u0131 il\u0259 blokadada olan yollar\u0131 m\u00fczakir\u0259 ed\u0259c\u0259k &#8211; \u0259sas g\u00f6zl\u0259nti<\/strong><\/h3>\n<p><strong>AB\u015e v\u0259 Rusiya prezidentl\u0259rinin 15 avqust Alyaska g\u00f6r\u00fc\u015f\u00fc il\u0259 ba\u011fl\u0131 g\u00f6zl\u0259ntil\u0259rd\u0259n biri d\u0259 C\u0259nubi Qafqazla ba\u011fl\u0131 idi. Ehtimal edilirdi ki, t\u0259r\u0259fl\u0259r 8 avqust tarixind\u0259 A\u011f Evd\u0259 imzalanan anla\u015fmalar, konkret olaraq Z\u0259ng\u0259zur d\u0259hlizi, yaxud \u201cTramp yolu\u201d m\u00f6vzusuna da toxunacaq.<\/strong><\/p>\n<p>Bel\u0259 fikirl\u0259r var ki, Tramp- Putin dialoqunun davam etm\u0259si v\u0259 Kreml sahibinin amerikal\u0131 h\u0259mkar\u0131n\u0131n f\u0259aliyy\u0259tini m\u00fcsb\u0259t qiym\u0259tl\u0259ndirm\u0259si Az\u0259rbaycan\u0131n da maraqlar\u0131na uy\u011fundur, \u00e7\u00fcnki o halda Kreml a\u00e7\u0131q-a\u015fkar Z\u0259ng\u0259zur d\u0259hlizinin i\u015fl\u0259dilm\u0259si \u00fc\u00e7\u00fcn AB\u015e-\u0131n s\u0259yl\u0259rinin qar\u015f\u0131s\u0131n\u0131 almaq ist\u0259m\u0259y\u0259c\u0259k. \u018fks halda, Putin \u201cTramp mar\u015frutu\u201dnun \u0259leyhin\u0259 \u00e7\u0131xm\u0131\u015f olacaq ki, bu da A\u011f Evd\u0259 m\u0259nfi qar\u015f\u0131lanacaq. Bu is\u0259 Az\u0259rbaycanla Erm\u0259nistana imkan yarad\u0131r ki, Z\u0259ng\u0259zur d\u0259hlizinin tikintisi v\u0259 i\u015f\u0259 d\u00fc\u015fm\u0259si prosesini s\u00fcr\u0259tl\u0259ndirsin.<\/p>\n<p>Maraql\u0131d\u0131r ki, Alyaska g\u00f6r\u00fc\u015f\u00fc \u0259r\u0259f\u0259si Rusiya ba\u015f nazirinin m\u00fcavini Aleksey Over\u00e7uk TASS-a a\u00e7\u0131qlamas\u0131nda loyal m\u00fcnasib\u0259t bildirib.<\/p>\n<p><strong>Sitat: \u201cBiz m\u0259s\u0259l\u0259y\u0259 bel\u0259 yana\u015f\u0131r\u0131q: Erm\u0259nistan bizim strateji m\u00fctt\u0259fiqimizdir v\u0259 \u0259g\u0259r Erm\u0259nistan hesab edirs\u0259 ki, hans\u0131sa layih\u0259 onlar \u00fc\u00e7\u00fcn faydal\u0131d\u0131r, biz, t\u0259bii ki, burada Erm\u0259nistan\u0131 d\u0259st\u0259kl\u0259yirik. \u018fg\u0259r \u0130r\u0259van Z\u0259ng\u0259zur d\u0259hlizinin (&#8220;Tramp mar\u015frutu&#8221;) yarad\u0131lmas\u0131n\u0131 z\u0259ruri hesab edirs\u0259, Rusiya bu m\u0259s\u0259l\u0259d\u0259 Erm\u0259nistan\u0131 d\u0259st\u0259kl\u0259yir. \u018fg\u0259r onlar hesab edirl\u0259rs\u0259 ki, Va\u015finqtonda m\u00fcvafiq b\u0259yannam\u0259nin imzalanmas\u0131 daha \u00e7ox t\u0259hl\u00fck\u0259sizlik z\u0259man\u0259tl\u0259ri verir, o halda bu yax\u015f\u0131d\u0131r, \u00e7\u00fcnki biz d\u0259 C\u0259nubi Qafqazda s\u00fclh prosesl\u0259rini d\u0259st\u0259kl\u0259yirik, bu, bizim maraqlar\u0131m\u0131za tam cavab verir&#8221;.<\/strong><\/p>\n<p>Over\u00e7uk h\u0259m\u00e7inin bu h\u0259ft\u0259 Az\u0259rbaycan n\u00fcmay\u0259nd\u0259l\u0259ri il\u0259 Moskvada g\u00f6r\u00fc\u015f ke\u00e7ir\u0259c\u0259yini deyib. G\u00f6r\u00fc\u015f\u00fcn \u0259sas m\u00f6vzusu C\u0259nubi Qafqazda n\u0259qliyyat kommunikasiyalar\u0131n\u0131n blokadas\u0131n\u0131n aradan qald\u0131r\u0131lmas\u0131, x\u00fcsusil\u0259 Z\u0259ng\u0259zur d\u0259hlizi il\u0259 ba\u011fl\u0131 m\u00fczakir\u0259l\u0259r olacaq.<\/p>\n<p><strong>Bel\u0259 \u00e7\u0131x\u0131r ki, Rusiya val\u0131 d\u0259yi\u015fir? B\u0259s Bak\u0131 Rusiyaya n\u00fcmay\u0259nd\u0259 g\u00f6nd\u0259r\u0259c\u0259kmi? Alyaskada Z\u0259ng\u0259zur m\u0259s\u0259l\u0259si m\u00fczakir\u0259 olunubmu? Olmas\u0131, ya olmamas\u0131 Az\u0259rbaycan \u00fc\u00e7\u00fcn daha yax\u015f\u0131d\u0131r?<\/strong><\/p>\n<p><strong><img src=\"https:\/\/pravda.az\/cdn\/2019\/november\/24\/sona1.jpg\" alt=\"Sona \u018fliyeva: \u201cD\u00fcnyan\u0131n apar\u0131c\u0131 d\u00f6vl\u0259tl\u0259ri Az\u0259rbaycan\u0131n t\u0259cr\u00fcb\u0259sini  \u00f6yr\u0259nm\u0259y\u0259 h\u0259v\u0259sli g\u00f6r\u00fcn\u00fcrl\u0259r\u201d Pravda.az\" \/><\/strong><\/p>\n<p><strong>Sona \u018fliyeva<\/strong><\/p>\n<p>Siyasi t\u0259hlil\u00e7i Sona \u018fliyeva \u201cYeni M\u00fcsavat\u201da a\u00e7\u0131qlamas\u0131nda Z\u0259ng\u0259zur d\u0259hlizinin a\u00e7\u0131lmas\u0131na olan \u0259ng\u0259ll\u0259rin aradan qald\u0131r\u0131lmas\u0131ndan s\u00f6z a\u00e7d\u0131: \u201cRusiya Erm\u0259nistanla Az\u0259rbaycan aras\u0131ndak\u0131 b\u00f6y\u00fck s\u00fclh sazi\u015finin imzalanmas\u0131ndan narahat idi. 8 avqustda Va\u015finqtonda imzalanan sazi\u015fin yaln\u0131z paraflanma s\u0259n\u0259di oldu\u011funu g\u00f6rd\u00fckd\u0259n sonra Kremlin m\u0259s\u0259l\u0259y\u0259 v\u0259 ba\u015f tutan g\u00f6r\u00fc\u015f\u0259 m\u00fcnasib\u0259ti d\u0259yi\u015fdi. Moskva indiki m\u0259qamda do\u011frudan da Z\u0259ng\u0259zur d\u0259hlizinin a\u00e7\u0131lmas\u0131n\u0131 s\u0259mimi \u015f\u0259kild\u0259 ist\u0259yir.\u00a0 \u00c7\u00fcnki \u015fimal qon\u015fumuz Q\u0259rbin iqtisadi sanksiya dal\u011falar\u0131 alt\u0131nda bo\u011fulur. Kreml r\u0259smil\u0259ri bu bax\u0131mdan Z\u0259ng\u0259zur d\u0259hlizin\u0259 alternativ kimi bax\u0131rlar. Over\u00e7uk da &#8220;Erm\u0259nistan bizim strateji m\u00fctt\u0259fiqimizdir&#8221; ifad\u0259sini bo\u015f yer\u0259 i\u015fl\u0259tmir.\u00a0 \u201cPutinin dili\u201d adland\u0131r\u0131lan ke\u00e7mi\u015f \u201cKQB\u201d zabiti bununla onu dem\u0259k ist\u0259yir ki, Z\u0259ng\u0259zur d\u0259hlizi Rusiyan\u0131n da maraqlar\u0131na cavab ver\u0259c\u0259k. Y\u0259ni sanksiyalar alt\u0131ndak\u0131 Rusiya \u00f6z m\u0259hsullar\u0131n\u0131 Erm\u0259nistan \u00fcz\u0259rind\u0259n, erm\u0259ni brendi kimi xarici bazara \u00e7\u0131xara bil\u0259c\u0259k. G\u00f6r\u00fcn\u00fcr, Alyaskada prezident Trampla h\u0259mkar\u0131 Putin bu m\u0259s\u0259l\u0259d\u0259 d\u0259 raz\u0131l\u0131\u011fa g\u0259lib. Ona g\u00f6r\u0259 d\u0259 Moskva G\u00fcney Qafqazla ba\u011fl\u0131 m\u0259s\u0259l\u0259l\u0259r\u0259 il\u0131q m\u00fcnasib\u0259t s\u0259rgil\u0259yir. Birm\u0259nal\u0131 olaraq Z\u0259ng\u0259zur d\u0259hlizi a\u00e7\u0131lacaq. Az\u0259rbaycan t\u0259r\u0259fi \u00f6z \u00fcz\u0259rin\u0259 d\u00fc\u015f\u0259ni vaxt\u0131ndan \u0259vv\u0259l edib. \u0130ndi n\u00f6vb\u0259 Erm\u0259nistandad\u0131r. Z\u0259ng\u0259zur d\u0259hlizi art\u0131q G\u00fcney Qafqaza aid m\u0259s\u0259l\u0259 deyil. Qlobal layih\u0259dir v\u0259 bu layih\u0259nin Britaniya, \u00c7in kimi donorlar\u0131 var. Y\u0259ni Rusiya qlobal g\u00fccl\u0259rin qar\u015f\u0131s\u0131na ala bilm\u0259z. Ukrayna c\u0259bh\u0259sini nizama salmadan Kreml susma\u011fa m\u0259hkumdur&#8221;.<\/p>\n<p><img src=\"https:\/\/amip.az\/wp-content\/uploads\/2022\/06\/amip_mustafayev_elshan_mansur-oglu_02_540.jpg\" alt=\"Az\u0259rbaycan Milli \u0130stiqlal Partiyas\u0131 s\u0259drinin Beyn\u0259lxalq M\u0259s\u0259l\u0259l\u0259r \u00fczr\u0259  m\u00fcavini - Az\u0259rbaycan Milli \u0130stiqlal Partiyas\u0131\" \/><\/p>\n<p><strong>El\u015f\u0259n Mustafayev<\/strong><\/p>\n<p><strong>AM\u0130P s\u0259drinin beyn\u0259lxalq \u0259laq\u0259l\u0259r \u00fczr\u0259 m\u00fcavini El\u015f\u0259n Mustafayevin fikrinc\u0259, haz\u0131rda Rusiya he\u00e7 bir halda Amerika il\u0259 g\u0259rginlik yaratmaq ist\u0259mir:<\/strong>\u00a0\u201cVa\u015finqtonda, A\u011f Evd\u0259 imzalanm\u0131\u015f Z\u0259ng\u0259zur d\u0259hlizi &#8211; Tramp Yolu raz\u0131la\u015fmas\u0131ndan v\u0259 Erm\u0259nistan-Az\u0259rbaycan aras\u0131nda s\u00fclh m\u00fcqavil\u0259si madd\u0259l\u0259rinin paraflanmas\u0131ndan d\u0259rhal sonra Rusiya Xarici \u0130\u015fl\u0259r Nazirliyinin s\u00f6zc\u00fcs\u00fc Mariya Zaxarova imzalanan s\u0259n\u0259dl\u0259ri v\u0259 oradak\u0131 madd\u0259l\u0259ri d\u0259st\u0259kl\u0259diyini bildirmi\u015fdi. T\u0259xmini eyni \u00fcslubda dig\u0259r Kreml r\u0259smil\u0259ri d\u0259 a\u00e7\u0131qlamalar vermi\u015fdi. O zaman bunu Alyaskada g\u00f6zl\u0259nil\u0259n Tramp-Putin g\u00f6r\u00fc\u015f\u00fcn\u0259 g\u00f6r\u0259 etdikl\u0259rini d\u0259 d\u00fc\u015f\u00fcnm\u0259k olard\u0131. Amma sonradan m\u0259s\u0259l\u0259y\u0259 yana\u015fmalarda korrekt\u0259l\u0259r edildiyini g\u00f6rd\u00fck. X\u00fcsusil\u0259 kommunikasiyalar\u0131n a\u00e7\u0131lmas\u0131 il\u0259 ba\u011fl\u0131 \u0259ld\u0259 olunan raz\u0131la\u015fmalara m\u00fcnasib\u0259td\u0259 \u00f6zl\u0259rinin d\u0259 bu prosesin i\u00e7ind\u0259 olmal\u0131 olduqlar\u0131n\u0131 dem\u0259y\u0259 ba\u015flad\u0131lar. Y\u0259ni AB\u015e-nin faktiki olaraq yola n\u0259zar\u0259t etm\u0259sin\u0259 etiraz etm\u0259y\u0259 ehtiyat etdil\u0259r. Amma maraqlar\u0131n\u0131n regionda qalmalar\u0131 il\u0259 ba\u011fl\u0131 fikirl\u0259rini is\u0259 a\u00e7\u0131q bildirdil\u0259r. Ba\u015fqa zaman olsayd\u0131 bu m\u0259s\u0259l\u0259d\u0259 Rusiya daha aqressiv v\u0259 t\u0259hdid dili il\u0259 dan\u0131\u015fard\u0131. Amma Alyaska g\u00f6r\u00fc\u015f\u00fcnd\u0259n sonra m\u00fc\u0259yy\u0259n vaxt qazanan Rusiya haz\u0131rk\u0131 durumda Trampla m\u00fcnasib\u0259tl\u0259rind\u0259 g\u0259rginlik yaratmaq ist\u0259mir. \u00c7\u00fcnki A\u011f Evd\u0259n veril\u0259n m\u0259lumatlara g\u00f6r\u0259, dan\u0131\u015f\u0131qlar davam etdiril\u0259c\u0259k, m\u0259sl\u0259h\u0259tl\u0259\u015fm\u0259l\u0259r apar\u0131lacaq. O s\u0259b\u0259bd\u0259n, Rusiyaya qar\u015f\u0131 yeni a\u011f\u0131r sanksiyalar m\u0259s\u0259l\u0259sin\u0259 az\u0131 2-3 h\u0259ft\u0259 sonra bax\u0131la bil\u0259c\u0259yi il\u0259 ba\u011fl\u0131 Tramp a\u00e7\u0131qlama verib. Dem\u0259li, Rusiya h\u0259l\u0259 n\u0259l\u0259r\u0259s\u0259 \u00fcmid etdiyind\u0259n konkret Trampla m\u00fcnasib\u0259tl\u0259ri korlamaq ist\u0259mir. Amma gedi\u015fat\u0131n uzun \u00e7\u0259km\u0259y\u0259c\u0259yi d\u0259 b\u0259llidir. M\u0259hz o zaman Rusiyadan ba\u015fqa ritorikada b\u0259yanatlar, t\u0259hdidl\u0259r e\u015fid\u0259 bil\u0259rik. Amma haz\u0131rda onun \u0259l-qolu ba\u011fl\u0131 oldu\u011fundan ilk n\u00f6vb\u0259d\u0259 kommunikasiyalarla ba\u011fl\u0131 imzalanm\u0131\u015f s\u0259n\u0259din h\u00fcquqi prosedurlar\u0131n\u0131 yekunla\u015fd\u0131r\u0131b, yolun a\u00e7\u0131lmas\u0131 il\u0259 ba\u011fl\u0131 i\u015fl\u0259r\u0259 d\u0259rhal ba\u015flamaq laz\u0131md\u0131r ki, sonradan buna mane olmaq imkanlar\u0131 olmas\u0131n\u201d.<\/p>\n<p><strong>Cavan\u015fir ABBASLI,<\/strong><br \/>\n<strong>\u201cYeni M\u00fcsavat\u201d<\/strong><\/p>\n<\/div>\n<div><\/div>\n<div><\/div>\n<div class=\"inner-social-box\">\n<div class=\"subs-in-social subs-whatsapp\"><\/div>\n<\/div>\n","protected":false},"excerpt":{"rendered":"<p>Bu h\u0259ft\u0259 Moskva Bak\u0131 il\u0259 blokadada olan yollar\u0131 m\u00fczakir\u0259 ed\u0259c\u0259k &#8211; \u0259sas g\u00f6zl\u0259nti AB\u015e v\u0259 Rusiya prezidentl\u0259rinin 15 avqust Alyaska g\u00f6r\u00fc\u015f\u00fc il\u0259 ba\u011fl\u0131 g\u00f6zl\u0259ntil\u0259rd\u0259n biri d\u0259 C\u0259nubi Qafqazla ba\u011fl\u0131 idi. Ehtimal edilirdi ki, t\u0259r\u0259fl\u0259r 8 avqust tarixind\u0259 A\u011f Evd\u0259 imzalanan anla\u015fmalar, konkret olaraq Z\u0259ng\u0259zur d\u0259hlizi, yaxud \u201cTramp yolu\u201d m\u00f6vzusuna da toxunacaq. Bel\u0259 fikirl\u0259r var ki, Tramp- Putin dialoqunun davam etm\u0259si v\u0259 Kreml sahibinin amerikal\u0131 h\u0259mkar\u0131n\u0131n f\u0259aliyy\u0259tini m\u00fcsb\u0259t qiym\u0259tl\u0259ndirm\u0259si Az\u0259rbaycan\u0131n da maraqlar\u0131na uy\u011fundur, \u00e7\u00fcnki o halda Kreml a\u00e7\u0131q-a\u015fkar Z\u0259ng\u0259zur d\u0259hlizinin i\u015fl\u0259dilm\u0259si \u00fc\u00e7\u00fcn AB\u015e-\u0131n s\u0259yl\u0259rinin qar\u015f\u0131s\u0131n\u0131 almaq ist\u0259m\u0259y\u0259c\u0259k. \u018fks halda, Putin \u201cTramp&hellip;<\/p>\n","protected":false},"author":2,"featured_media":821384,"comment_status":"closed","ping_status":"closed","sticky":false,"template":"","format":"standard","meta":{"om_disable_all_campaigns":false,"_monsterinsights_skip_tracking":false,"_monsterinsights_sitenote_active":false,"_monsterinsights_sitenote_note":"","_monsterinsights_sitenote_category":0},"categories":[19],"tags":[],"aioseo_notices":[],"gutentor_comment":0,"rttpg_featured_image_url":{"full":["https:\/\/arantv.az\/wp-content\/uploads\/2025\/08\/9039ab32973ce6d05e88329d0e6e780b.jpg",870,500,false],"landscape":["https:\/\/arantv.az\/wp-content\/uploads\/2025\/08\/9039ab32973ce6d05e88329d0e6e780b.jpg",870,500,false],"portraits":["https:\/\/arantv.az\/wp-content\/uploads\/2025\/08\/9039ab32973ce6d05e88329d0e6e780b.jpg",870,500,false],"thumbnail":["https:\/\/arantv.az\/wp-content\/uploads\/2025\/08\/9039ab32973ce6d05e88329d0e6e780b-500x280.jpg",500,280,true],"medium":["https:\/\/arantv.az\/wp-content\/uploads\/2025\/08\/9039ab32973ce6d05e88329d0e6e780b-635x365.jpg",635,365,true],"large":["https:\/\/arantv.az\/wp-content\/uploads\/2025\/08\/9039ab32973ce6d05e88329d0e6e780b-840x483.jpg",640,368,true],"1536x1536":["https:\/\/arantv.az\/wp-content\/uploads\/2025\/08\/9039ab32973ce6d05e88329d0e6e780b.jpg",870,500,false],"2048x2048":["https:\/\/arantv.az\/wp-content\/uploads\/2025\/08\/9039ab32973ce6d05e88329d0e6e780b.jpg",870,500,false],"post-thumbnail":["https:\/\/arantv.az\/wp-content\/uploads\/2025\/08\/9039ab32973ce6d05e88329d0e6e780b-240x172.jpg",240,172,true],"advps-thumb-one":["https:\/\/arantv.az\/wp-content\/uploads\/2025\/08\/9039ab32973ce6d05e88329d0e6e780b.jpg",870,500,false]},"rttpg_author":{"display_name":"V\u00fcsal Rafiqo\u011flu","author_link":"https:\/\/arantv.az\/?author=2"},"rttpg_comment":0,"rttpg_category":"<a href=\"https:\/\/arantv.az\/?cat=19\" rel=\"category\">G\u00fcnd\u0259m<\/a>","rttpg_excerpt":"Bu h\u0259ft\u0259 Moskva Bak\u0131 il\u0259 blokadada olan yollar\u0131 m\u00fczakir\u0259 ed\u0259c\u0259k &#8211; \u0259sas g\u00f6zl\u0259nti AB\u015e v\u0259 Rusiya prezidentl\u0259rinin 15 avqust Alyaska g\u00f6r\u00fc\u015f\u00fc il\u0259 ba\u011fl\u0131 g\u00f6zl\u0259ntil\u0259rd\u0259n biri d\u0259 C\u0259nubi Qafqazla ba\u011fl\u0131 idi. Ehtimal edilirdi ki, t\u0259r\u0259fl\u0259r 8 avqust tarixind\u0259 A\u011f Evd\u0259 imzalanan anla\u015fmalar, konkret olaraq Z\u0259ng\u0259zur d\u0259hlizi, yaxud \u201cTramp yolu\u201d m\u00f6vzusuna da toxunacaq. Bel\u0259 fikirl\u0259r var ki,&hellip;","_links":{"self":[{"href":"https:\/\/arantv.az\/index.php?rest_route=\/wp\/v2\/posts\/821383"}],"collection":[{"href":"https:\/\/arantv.az\/index.php?rest_route=\/wp\/v2\/posts"}],"about":[{"href":"https:\/\/arantv.az\/index.php?rest_route=\/wp\/v2\/types\/post"}],"author":[{"embeddable":true,"href":"https:\/\/arantv.az\/index.php?rest_route=\/wp\/v2\/users\/2"}],"replies":[{"embeddable":true,"href":"https:\/\/arantv.az\/index.php?rest_route=%2Fwp%2Fv2%2Fcomments&post=821383"}],"version-history":[{"count":2,"href":"https:\/\/arantv.az\/index.php?rest_route=\/wp\/v2\/posts\/821383\/revisions"}],"predecessor-version":[{"id":821386,"href":"https:\/\/arantv.az\/index.php?rest_route=\/wp\/v2\/posts\/821383\/revisions\/821386"}],"wp:featuredmedia":[{"embeddable":true,"href":"https:\/\/arantv.az\/index.php?rest_route=\/wp\/v2\/media\/821384"}],"wp:attachment":[{"href":"https:\/\/arantv.az\/index.php?rest_route=%2Fwp%2Fv2%2Fmedia&parent=821383"}],"wp:term":[{"taxonomy":"category","embeddable":true,"href":"https:\/\/arantv.az\/index.php?rest_route=%2Fwp%2Fv2%2Fcategories&post=821383"},{"taxonomy":"post_tag","embeddable":true,"href":"https:\/\/arantv.az\/index.php?rest_route=%2Fwp%2Fv2%2Ftags&post=821383"}],"curies":[{"name":"wp","href":"https:\/\/api.w.org\/{rel}","templated":true}]}}