{"id":821391,"date":"2025-08-19T09:59:12","date_gmt":"2025-08-19T05:59:12","guid":{"rendered":"https:\/\/arantv.az\/?p=821391"},"modified":"2025-08-19T09:59:12","modified_gmt":"2025-08-19T05:59:12","slug":"z%c9%99ng%c9%99zur-%c9%99ld%c9%99n-getdi-dey%c9%99n-iran-gorun-n%c9%99l%c9%99r-etdi","status":"publish","type":"post","link":"https:\/\/arantv.az\/?p=821391","title":{"rendered":"\u201cZ\u0259ng\u0259zur \u0259ld\u0259n getdi\u201d dey\u0259n \u0130ran g\u00f6r\u00fcn n\u0259l\u0259r etdi&#8230;"},"content":{"rendered":"<h3><strong>Laricani \u201cbatan \u0130ran g\u0259misini\u201d xilas ed\u0259 bil\u0259c\u0259kmi?<\/strong><\/h3>\n<p><strong>\u0130ran \u0130sraill\u0259 12 g\u00fcnl\u00fck m\u00fcharib\u0259d\u0259n sonra ilk d\u0259f\u0259 olaraq milli t\u0259hl\u00fck\u0259sizlik sistemind\u0259 d\u0259yi\u015fiklik edib. \u201cYeni M\u00fcsavat\u201da g\u00f6r\u0259 bu da \u00f6lk\u0259nin siyasi strukturunda daxili qar\u015f\u0131durman\u0131 g\u00fccl\u0259ndirib. \u018fli Laricaninin Ali Milli T\u0259hl\u00fck\u0259sizlik \u015euras\u0131n\u0131n katibi kimi hakimiyy\u0259t elitas\u0131na qay\u0131d\u0131\u015f\u0131 Xarici \u0130\u015fl\u0259r Nazirliyinin s\u0259lahiyy\u0259tl\u0259rinin azald\u0131laca\u011f\u0131, o c\u00fcml\u0259d\u0259n \u201cn\u00fcv\u0259 dosyesi\u201dnin ona \u00f6t\u00fcr\u00fcl\u0259c\u0259yi il\u0259 ba\u011fl\u0131 ciddi iddialara v\u0259 spekulyasiyalara s\u0259b\u0259b olub. Haqq\u0131n.az sayt\u0131 yaz\u0131r ki, Laricaninin q\u0259fil y\u00fcks\u0259k siyas\u0259t\u0259 qay\u0131tmas\u0131 prezident M\u0259sud Peze\u015fkian\u0131n \u201cislahat\u00e7\u0131\u201d komandas\u0131 aras\u0131nda hakimiyy\u0259tin yenid\u0259n b\u00f6l\u00fc\u015fd\u00fcr\u00fclm\u0259si u\u011frunda artan r\u0259qab\u0259ti g\u00f6st\u0259rir.<\/strong><\/p>\n<p>Laricaninin t\u0259yinat\u0131ndan d\u0259rhal sonra prezident Peze\u015fkian\u0131n yeni qurumun &#8211; M\u00fcdafi\u0259 \u015euras\u0131n\u0131n yarad\u0131lmas\u0131 q\u0259rar\u0131 g\u0259rginliyi art\u0131r\u0131b. Bu add\u0131m \u015f\u00fcbh\u0259l\u0259r\u0259 s\u0259b\u0259b olub, \u00e7\u00fcnki \u0130ran Konstitusiyas\u0131 prezident\u0259 bel\u0259 adda struktur yaratmaq h\u00fcququ vermir. \u00dcst\u0259lik, yeni \u015fura Xamneyinin n\u0259zar\u0259tind\u0259 olan Ali Milli T\u0259hl\u00fck\u0259sizlik \u015euras\u0131n\u0131n funksiyalar\u0131n\u0131 b\u00f6y\u00fck \u00f6l\u00e7\u00fcd\u0259 t\u0259krarlay\u0131r. B\u0259zi ekspertl\u0259rin fikrinc\u0259, Laricaninin siyas\u0259t\u0259 qay\u0131tmas\u0131 \u00f6t\u0259n il ba\u015flayan prosesin davam\u0131d\u0131r. \u0130sraill\u0259 m\u00fcharib\u0259nin n\u0259tic\u0259l\u0259ri Q\u0259rbl\u0259 dan\u0131\u015f\u0131qlara haz\u0131r olan daha praqmatik fiqurlar\u0131n m\u00f6vqeyini g\u00fccl\u0259ndirdi.<\/p>\n<p><strong>Ehtimal olunur ki, Xamneyi ke\u00e7mi\u015fd\u0259 amerikal\u0131larla ortaq dil tapmaq bacar\u0131\u011f\u0131 olan Laricaninin geri d\u00f6nm\u0259sin\u0259 raz\u0131l\u0131q verib. \u00d6lk\u0259sind\u0259\u00a0 \u201c\u0130ran Kennedil\u0259ri\u201d adland\u0131r\u0131lan Laricani ail\u0259si parlamentd\u0259, m\u0259hk\u0259m\u0259 sistemind\u0259 v\u0259 diplomatiyada \u0259sas klanlardan biri hesab olunur.\u00a0 Laricani qarda\u015flar\u0131 u\u011furlu evlilikl\u0259ri v\u0259\u00a0 ali dini lider\u0259\u00a0 tabe olan \u0130slam \u0130nqilab\u0131 Ke\u015fik\u00e7il\u0259ri Korpusunun (SEPAH) d\u0259st\u0259yi say\u0259sind\u0259 \u0130ran\u0131n siyasi elitas\u0131nda m\u00f6hk\u0259m m\u00f6vqe tutublar.<\/strong><\/p>\n<p>Xat\u0131rladaq ki, 2005-2007-ci ill\u0259rd\u0259 \u018fli Laricani Ali Milli T\u0259hl\u00fck\u0259sizlik \u015euras\u0131n\u0131n katibi v\u0259zif\u0259sind\u0259 \u00e7al\u0131\u015f\u0131b v\u0259 Ba\u011fdadda AB\u015e il\u0259 n\u00fcv\u0259 dan\u0131\u015f\u0131qlar\u0131na r\u0259hb\u0259rlik edib.<\/p>\n<p><strong>Haz\u0131rda c\u0259miyy\u0259td\u0259 m\u00fczakir\u0259 olunan \u0259sas sual budur: onun t\u0259yinat\u0131 hans\u0131 n\u0259tic\u0259l\u0259r\u0259 g\u0259tirib \u00e7\u0131xaracaq? Ali Milli T\u0259hl\u00fck\u0259sizlik \u015euras\u0131n\u0131n katibi v\u0259zif\u0259si Laricaniy\u0259 n\u00fcv\u0259 proqram\u0131 il\u0259 ba\u011fl\u0131 Q\u0259rbl\u0259 dan\u0131\u015f\u0131qlar da daxil olmaqla, g\u00fccl\u00fc t\u0259sir r\u0131\u00e7aqlar\u0131 verir. Bir vaxtlar onun komandas\u0131 Va\u015finqtonla raz\u0131la\u015fmaya yax\u0131n idi.<\/strong><\/p>\n<p>Eyni zamanda Laricaninin t\u0259hl\u00fck\u0259sizlik siyas\u0259tinin fundamental prinsipl\u0259rini d\u0259yi\u015fdirm\u0259y\u0259 qadir olub-olmamas\u0131 il\u0259 ba\u011fl\u0131 \u015f\u00fcbh\u0259l\u0259r qalmaqdad\u0131r. B\u0259llidir ki, \u018fli Xamneyinin radikal kursu \u00f6lk\u0259ni \u00e7\u0131x\u0131lmaz v\u0259ziyy\u0259t\u0259 g\u0259tirib. \u0130ran bir s\u0131ra m\u00fch\u00fcm m\u00f6vqel\u0259rini itirib. Donald Tramp\u0131n vasit\u0259\u00e7iliyi il\u0259 Az\u0259rbaycan v\u0259 Erm\u0259nistan aras\u0131nda sazi\u015f imzaland\u0131qdan sonra \u0130ran AB\u015e-nin onun s\u0259rh\u0259dl\u0259ri yax\u0131nl\u0131\u011f\u0131nda n\u0259qliyyat d\u0259hlizinin formala\u015fd\u0131r\u0131lmas\u0131nda i\u015ftirak\u0131na mane ola bilm\u0259yib.<\/p>\n<p>Bundan \u0259lav\u0259, 86 ya\u015fl\u0131 \u018fli Xamneyinin varisi il\u0259 ba\u011fl\u0131 m\u0259s\u0259l\u0259 d\u0259 getdikc\u0259 aktualla\u015f\u0131r. Hakim elitada yerini yenid\u0259n m\u00f6hk\u0259ml\u0259tm\u0259si\u00a0 v\u0259 n\u00fcfuzlu klana m\u0259nsub olmas\u0131 Laricaniy\u0259 bu m\u00fcbariz\u0259d\u0259 i\u015ftirak etm\u0259k \u00fc\u00e7\u00fcn ciddi imkanlar yarad\u0131r.<\/p>\n<p>Bununla bel\u0259, ekspertl\u0259r x\u0259b\u0259rdarl\u0131q edirl\u0259r ki, \u0259g\u0259r \u0130ran yax\u0131n vaxtlarda Q\u0259rbl\u0259 geni\u015fmiqyasl\u0131 dan\u0131\u015f\u0131qlara ba\u015flamasa v\u0259 daxili siyas\u0259tin\u0259 yenid\u0259n baxmasa, o zaman kadr d\u0259yi\u015fiklikl\u0259ri batan \u201cTitanik\u201din g\u00f6y\u0259rt\u0259sind\u0259 oturacaqlar\u0131n yenid\u0259n t\u0259\u015fkilind\u0259n ba\u015fqa bir \u015fey qalmayacaq. H\u0259r k\u0259s \u0130ranla b\u0259rab\u0259r batacaq.<\/p>\n<p><img src=\"https:\/\/olke.az\/file\/articles\/2021\/06\/30\/1625035306_2020_12_11_356125_11.12.2020.9.jpg\" alt=\"Abutal\u0131b S\u0259m\u0259dov: Az\u0259rbaycan\u0131n paytaxt\u0131 K\u00fcrd\u0259mir olsun\" \/><\/p>\n<p><strong>Abutal\u0131b S\u0259m\u0259dov<\/strong><\/p>\n<p><strong>\u201cAlyans\u201d Ara\u015fd\u0131rmalar M\u0259rk\u0259zinin r\u0259hb\u0259ri Abutal\u0131b S\u0259m\u0259dov \u201cYeni M\u00fcsavat\u201da bildirdi ki, son g\u00fcnl\u0259r \u0130ran\u0131n hakimiyy\u0259t strukturlar\u0131nda apar\u0131lan d\u0259yi\u015fiklikl\u0259rin n\u00fcv\u0259 dan\u0131\u015f\u0131qlar\u0131 il\u0259 \u00e7ox \u0259laq\u0259si yoxdur:<\/strong>\u00a0\u201c\u00c7\u00fcnki dan\u0131\u015f\u0131qlarda \u0130ran\u0131n m\u00f6vqeyin\u0259 m\u00fcnasib\u0259td\u0259 ali dini liderl\u0259 prezident aras\u0131nda he\u00e7 bir fikir ayr\u0131l\u0131\u011f\u0131 g\u00f6r\u00fcnm\u00fcr. AB\u015e-nin \u0259sas t\u0259l\u0259bi ondan ibar\u0259tdir ki, \u0130ran uran\u0131 yaln\u0131z m\u00fclki m\u0259qs\u0259dl\u0259rl\u0259 istifad\u0259 el\u0259sin v\u0259 \u00f6lk\u0259 daxilind\u0259 onu z\u0259nginl\u0259\u015fdirm\u0259sin. Burada iki variant t\u0259klif olunur: ya z\u0259nginl\u0259\u015fdirilmi\u015f uran xaricd\u0259n al\u0131ns\u0131n, yaxud b\u00f6lg\u0259d\u0259 uran\u0131 z\u0259nginl\u0259\u015fdirm\u0259k \u00fc\u00e7\u00fcn konsorsium yarad\u0131ls\u0131n. Bu konsorsiuma qon\u015fu \u0259r\u0259b d\u00f6vl\u0259tl\u0259ri, AB\u015e v\u0259 MAQATE-nin daxil edilm\u0259si t\u0259klif edilir. N\u00fcv\u0259 dan\u0131\u015f\u0131qlar\u0131nda \u0259sas fikir ayr\u0131l\u0131\u011f\u0131 da ondan ibar\u0259tdir ki, h\u0259m dini lider, h\u0259m prezident hesab edir ki, uran\u0131n z\u0259nginl\u0259\u015fdirilm\u0259si \u0130ran d\u00f6vl\u0259tinin q\u00fcrur m\u0259nb\u0259yidir. Elmin, s\u0259nayenin inki\u015faf\u0131n\u0131n g\u00f6st\u0259ricisidir v\u0259 \u0130ran ondan imtina el\u0259m\u0259k fikrind\u0259 deyil. Y\u0259ni \u0259g\u0259r \u0130rana qar\u015f\u0131 n\u00f6vb\u0259ti m\u00fcharib\u0259 ba\u015flasa, yen\u0259 d\u0259 \u0130ran \u00f6lk\u0259 daxilind\u0259 uran\u0131n z\u0259nginl\u0259\u015fdirilm\u0259sind\u0259n imtina etm\u0259y\u0259c\u0259k. Bundan \u0259vv\u0259lki dan\u0131\u015f\u0131qlarda da \u0259sas fikir ayr\u0131l\u0131\u011f\u0131 uran\u0131n z\u0259nginl\u0259\u015fdirilm\u0259si il\u0259 ba\u011fl\u0131 idi. D\u0259f\u0259l\u0259rl\u0259 \u0130ran Prezidenti M\u0259sud Peze\u015fkian da bu bar\u0259d\u0259 b\u0259yanatlarla \u00e7\u0131x\u0131\u015f el\u0259yib v\u0259 q\u0259ti \u015f\u0259kild\u0259 deyib ki, uran\u0131n z\u0259nginl\u0259\u015fdirilm\u0259si il\u0259 ba\u011fl\u0131 AB\u015e-nin v\u0259 Q\u0259t\u0259rin t\u0259klifi q\u0259bul olunmayacaq. Bu s\u0259b\u0259bd\u0259n hakimiyy\u0259t strukturlar\u0131nda ba\u015f ver\u0259n d\u0259yi\u015fiklikl\u0259ri d\u0259 birba\u015fa n\u00fcv\u0259 dan\u0131\u015f\u0131qlar\u0131 il\u0259 \u0259laq\u0259l\u0259ndirm\u0259k olmur\u201d.<\/p>\n<p><strong>Onun s\u00f6zl\u0259rin\u0259 g\u00f6r\u0259, son g\u00fcnl\u0259r prezident Peze\u015fkian\u0131n f\u0259aliyy\u0259ti, onun s\u0259sl\u0259ndirdiyi b\u0259yanatlar \u00f6lk\u0259nin dini liderinin yax\u0131n \u0259traf\u0131n\u0131n \u00e7\u0131x\u0131\u015flar\u0131ndan kifay\u0259t q\u0259d\u0259r f\u0259rql\u0259nir:<\/strong>\u00a0\u201cG\u00f6r\u00fcn\u00fcr ki, bu, hakimiyy\u0259t dair\u0259l\u0259rind\u0259 narahatl\u0131q do\u011furub\u201d.<\/p>\n<p><strong>Ekspert qeyd etdi ki, \u0259sas fikir ayr\u0131l\u0131qlar\u0131ndan biri Z\u0259ng\u0259zur d\u0259hlizi il\u0259 ba\u011fl\u0131 AB\u015e v\u0259 Erm\u0259nistan aras\u0131nda \u0259ld\u0259 olunmu\u015f raz\u0131l\u0131\u011fa m\u00fcnasib\u0259t m\u0259s\u0259l\u0259sind\u0259dir:<\/strong>\u00a0\u201cBu m\u0259s\u0259l\u0259d\u0259 dini liderin m\u00fc\u015faviri \u018fli \u018fkb\u0259r Vilay\u0259ti \u00e7ox k\u0259skin m\u00f6vqe tutdu. Ancaq \u00f6lk\u0259nin xarici i\u015fl\u0259r naziri v\u0259 prezidenti bu m\u00f6vqenin \u0259ksin\u0259 m\u00f6vqe ortaya qoydular. Laricaninin m\u0259lum v\u0259zif\u0259y\u0259 g\u0259tirilm\u0259si d\u0259 bu fikir ayr\u0131l\u0131qlar\u0131ndan do\u011fan narahatl\u0131qlar\u0131n n\u0259tic\u0259sidir. Sanki Peze\u015fkian\u0131n qar\u015f\u0131s\u0131na Laricanini \u00e7\u0131xar\u0131rlar. Son aylar\u0131n hadis\u0259l\u0259ri dini liderl\u0259 prezident hakimiyy\u0259ti aras\u0131nda m\u00fc\u0259yy\u0259n ziddiyy\u0259tl\u0259rin yarana bil\u0259c\u0259yini ortaya qoydu. G\u00f6r\u00fcn\u00fcr, bu c\u00fcr hallar\u0131n qar\u015f\u0131s\u0131n\u0131 almaq \u00fc\u00e7\u00fcn d\u0259 bu add\u0131mlar at\u0131l\u0131r\u201d.<\/p>\n<p>N\u00fcv\u0259 dan\u0131\u015f\u0131qlar\u0131na g\u0259ldikd\u0259 is\u0259 A.S\u0259m\u0259dov hesab edir ki, h\u0259l\u0259lik AB\u015e il\u0259 raz\u0131l\u0131\u011fa g\u0259lm\u0259yin m\u00fcmk\u00fcn olaca\u011f\u0131na inam \u00e7ox azd\u0131r.<\/p>\n<p><strong>Etibar SEY\u0130DA\u011eA,<\/strong><br \/>\n<strong>\u201cYeni M\u00fcsavat\u201d<\/strong><\/p>\n","protected":false},"excerpt":{"rendered":"<p>Laricani \u201cbatan \u0130ran g\u0259misini\u201d xilas ed\u0259 bil\u0259c\u0259kmi? \u0130ran \u0130sraill\u0259 12 g\u00fcnl\u00fck m\u00fcharib\u0259d\u0259n sonra ilk d\u0259f\u0259 olaraq milli t\u0259hl\u00fck\u0259sizlik sistemind\u0259 d\u0259yi\u015fiklik edib. \u201cYeni M\u00fcsavat\u201da g\u00f6r\u0259 bu da \u00f6lk\u0259nin siyasi strukturunda daxili qar\u015f\u0131durman\u0131 g\u00fccl\u0259ndirib. \u018fli Laricaninin Ali Milli T\u0259hl\u00fck\u0259sizlik \u015euras\u0131n\u0131n katibi kimi hakimiyy\u0259t elitas\u0131na qay\u0131d\u0131\u015f\u0131 Xarici \u0130\u015fl\u0259r Nazirliyinin s\u0259lahiyy\u0259tl\u0259rinin azald\u0131laca\u011f\u0131, o c\u00fcml\u0259d\u0259n \u201cn\u00fcv\u0259 dosyesi\u201dnin ona \u00f6t\u00fcr\u00fcl\u0259c\u0259yi il\u0259 ba\u011fl\u0131 ciddi iddialara v\u0259 spekulyasiyalara s\u0259b\u0259b olub. Haqq\u0131n.az sayt\u0131 yaz\u0131r ki, Laricaninin q\u0259fil y\u00fcks\u0259k siyas\u0259t\u0259 qay\u0131tmas\u0131 prezident M\u0259sud Peze\u015fkian\u0131n \u201cislahat\u00e7\u0131\u201d komandas\u0131 aras\u0131nda hakimiyy\u0259tin yenid\u0259n b\u00f6l\u00fc\u015fd\u00fcr\u00fclm\u0259si u\u011frunda artan r\u0259qab\u0259ti g\u00f6st\u0259rir. Laricaninin t\u0259yinat\u0131ndan d\u0259rhal sonra prezident Peze\u015fkian\u0131n&hellip;<\/p>\n","protected":false},"author":2,"featured_media":821392,"comment_status":"closed","ping_status":"closed","sticky":false,"template":"","format":"standard","meta":{"om_disable_all_campaigns":false,"_monsterinsights_skip_tracking":false,"_monsterinsights_sitenote_active":false,"_monsterinsights_sitenote_note":"","_monsterinsights_sitenote_category":0},"categories":[19],"tags":[],"aioseo_notices":[],"gutentor_comment":0,"rttpg_featured_image_url":{"full":["https:\/\/arantv.az\/wp-content\/uploads\/2025\/08\/d34ea388d82643b786a644835ba77d34.jpg",620,379,false],"landscape":["https:\/\/arantv.az\/wp-content\/uploads\/2025\/08\/d34ea388d82643b786a644835ba77d34.jpg",620,379,false],"portraits":["https:\/\/arantv.az\/wp-content\/uploads\/2025\/08\/d34ea388d82643b786a644835ba77d34.jpg",620,379,false],"thumbnail":["https:\/\/arantv.az\/wp-content\/uploads\/2025\/08\/d34ea388d82643b786a644835ba77d34-500x280.jpg",500,280,true],"medium":["https:\/\/arantv.az\/wp-content\/uploads\/2025\/08\/d34ea388d82643b786a644835ba77d34-597x365.jpg",597,365,true],"large":["https:\/\/arantv.az\/wp-content\/uploads\/2025\/08\/d34ea388d82643b786a644835ba77d34.jpg",620,379,false],"1536x1536":["https:\/\/arantv.az\/wp-content\/uploads\/2025\/08\/d34ea388d82643b786a644835ba77d34.jpg",620,379,false],"2048x2048":["https:\/\/arantv.az\/wp-content\/uploads\/2025\/08\/d34ea388d82643b786a644835ba77d34.jpg",620,379,false],"post-thumbnail":["https:\/\/arantv.az\/wp-content\/uploads\/2025\/08\/d34ea388d82643b786a644835ba77d34-240x172.jpg",240,172,true],"advps-thumb-one":["https:\/\/arantv.az\/wp-content\/uploads\/2025\/08\/d34ea388d82643b786a644835ba77d34.jpg",620,379,false]},"rttpg_author":{"display_name":"V\u00fcsal Rafiqo\u011flu","author_link":"https:\/\/arantv.az\/?author=2"},"rttpg_comment":0,"rttpg_category":"<a href=\"https:\/\/arantv.az\/?cat=19\" rel=\"category\">G\u00fcnd\u0259m<\/a>","rttpg_excerpt":"Laricani \u201cbatan \u0130ran g\u0259misini\u201d xilas ed\u0259 bil\u0259c\u0259kmi? \u0130ran \u0130sraill\u0259 12 g\u00fcnl\u00fck m\u00fcharib\u0259d\u0259n sonra ilk d\u0259f\u0259 olaraq milli t\u0259hl\u00fck\u0259sizlik sistemind\u0259 d\u0259yi\u015fiklik edib. \u201cYeni M\u00fcsavat\u201da g\u00f6r\u0259 bu da \u00f6lk\u0259nin siyasi strukturunda daxili qar\u015f\u0131durman\u0131 g\u00fccl\u0259ndirib. \u018fli Laricaninin Ali Milli T\u0259hl\u00fck\u0259sizlik \u015euras\u0131n\u0131n katibi kimi hakimiyy\u0259t elitas\u0131na qay\u0131d\u0131\u015f\u0131 Xarici \u0130\u015fl\u0259r Nazirliyinin s\u0259lahiyy\u0259tl\u0259rinin azald\u0131laca\u011f\u0131, o c\u00fcml\u0259d\u0259n \u201cn\u00fcv\u0259 dosyesi\u201dnin ona \u00f6t\u00fcr\u00fcl\u0259c\u0259yi il\u0259&hellip;","_links":{"self":[{"href":"https:\/\/arantv.az\/index.php?rest_route=\/wp\/v2\/posts\/821391"}],"collection":[{"href":"https:\/\/arantv.az\/index.php?rest_route=\/wp\/v2\/posts"}],"about":[{"href":"https:\/\/arantv.az\/index.php?rest_route=\/wp\/v2\/types\/post"}],"author":[{"embeddable":true,"href":"https:\/\/arantv.az\/index.php?rest_route=\/wp\/v2\/users\/2"}],"replies":[{"embeddable":true,"href":"https:\/\/arantv.az\/index.php?rest_route=%2Fwp%2Fv2%2Fcomments&post=821391"}],"version-history":[{"count":1,"href":"https:\/\/arantv.az\/index.php?rest_route=\/wp\/v2\/posts\/821391\/revisions"}],"predecessor-version":[{"id":821393,"href":"https:\/\/arantv.az\/index.php?rest_route=\/wp\/v2\/posts\/821391\/revisions\/821393"}],"wp:featuredmedia":[{"embeddable":true,"href":"https:\/\/arantv.az\/index.php?rest_route=\/wp\/v2\/media\/821392"}],"wp:attachment":[{"href":"https:\/\/arantv.az\/index.php?rest_route=%2Fwp%2Fv2%2Fmedia&parent=821391"}],"wp:term":[{"taxonomy":"category","embeddable":true,"href":"https:\/\/arantv.az\/index.php?rest_route=%2Fwp%2Fv2%2Fcategories&post=821391"},{"taxonomy":"post_tag","embeddable":true,"href":"https:\/\/arantv.az\/index.php?rest_route=%2Fwp%2Fv2%2Ftags&post=821391"}],"curies":[{"name":"wp","href":"https:\/\/api.w.org\/{rel}","templated":true}]}}